{"id":10524,"date":"2023-08-03T10:31:43","date_gmt":"2023-08-03T08:31:43","guid":{"rendered":"https:\/\/liap.eu\/?p=10524"},"modified":"2023-08-03T10:31:44","modified_gmt":"2023-08-03T08:31:44","slug":"yuki-watanabe-2","status":"publish","type":"post","link":"https:\/\/liap.eu\/index.php\/de\/2023\/08\/03\/yuki-watanabe-2\/","title":{"rendered":"Yuki Watanabe"},"content":{"rendered":"\n<p><strong>Zeitraum:<\/strong> August-Oktober &#8217;23<\/p>\n\n\n\n<figure class=\"wp-block-image size-full\"><img loading=\"lazy\" decoding=\"async\" width=\"2560\" height=\"1948\" src=\"https:\/\/liap.eu\/wp-content\/uploads\/2023\/08\/art-work-1-scaled.jpg\" alt=\"\" class=\"wp-image-10525\" srcset=\"https:\/\/liap.eu\/wp-content\/uploads\/2023\/08\/art-work-1-scaled.jpg 2560w, https:\/\/liap.eu\/wp-content\/uploads\/2023\/08\/art-work-1-768x584.jpg 768w, https:\/\/liap.eu\/wp-content\/uploads\/2023\/08\/art-work-1-1536x1169.jpg 1536w, https:\/\/liap.eu\/wp-content\/uploads\/2023\/08\/art-work-1-2048x1558.jpg 2048w, https:\/\/liap.eu\/wp-content\/uploads\/2023\/08\/art-work-1-1200x913.jpg 1200w, https:\/\/liap.eu\/wp-content\/uploads\/2023\/08\/art-work-1-1980x1507.jpg 1980w\" sizes=\"(max-width: 2560px) 100vw, 2560px\" \/><\/figure>\n\n\n\n<p>Yuki Watanabe wurde 1981 in Shizuoka\/Japan geboren. Er schloss sein Studium an der Kunstabteilung der Nihon Universit\u00e4t (Abteilung f\u00fcr \u00d6lmalerei) im Jahr 2006 ab. Im Jahr 2014 reiste er f\u00fcr einen Monat nach Leipzig, Berlin und Bremen, um sich \u00fcber die deutsche Kunst zu informieren. Er lebt in Chiba und arbeitet in Tokio.<\/p>\n\n\n\n<p>&#8220;Ich bin ein Maler, der immer auf der Suche nach M\u00f6glichkeiten ist, was ein Kunstwerk in der Balance von Farben, Linien, Textur und Pinselstrichen ausdr\u00fccken kann.<br>Ich strebe danach, die Realit\u00e4t, die ich beim Skizzieren empfunden habe, in meinen Bildern wiederzugeben.<br>Au\u00dferdem konzentriere ich mich auf die Bedeutung der Komposition und den kreativen Einsatz von Perspektiven.<br>Ich sch\u00e4tze auch das Studium der Materie, von der man sagt, sie sei &#8220;die Haut des K\u00fcnstlers selbst&#8221;.<br>Ich erkenne die Realit\u00e4t des Chaos, wie sie ist, in der viele Elemente komplizierte Verbindungen und Beziehungen haben. Ich f\u00fcge sie nicht in den begrenzten Raum der Leinwand ein, sondern zeige sie in meinen Gem\u00e4lden so, wie sie sind, in ihrem einzigartigen Gleichgewicht und ihren Dimensionen.&#8221;<\/p>\n","protected":false},"excerpt":{"rendered":"<p>Zeitraum: August-Oktober &#8217;23 Yuki Watanabe wurde 1981 in Shizuoka\/Japan geboren. Er schloss sein Studium an der Kunstabteilung der Nihon Universit\u00e4t (Abteilung f\u00fcr \u00d6lmalerei) im Jahr 2006 ab. Im Jahr 2014 reiste er f\u00fcr einen Monat nach Leipzig, Berlin und Bremen, um sich \u00fcber die deutsche Kunst zu informieren. Er lebt in Chiba und arbeitet in&hellip;<a href=\"https:\/\/liap.eu\/index.php\/de\/2023\/08\/03\/yuki-watanabe-2\/\" class=\"more-link\"><span>Continue reading<\/span><span class=\"screen-reader-text\">Yuki Watanabe<\/span><\/a><\/p>\n","protected":false},"author":4,"featured_media":10522,"comment_status":"closed","ping_status":"closed","sticky":false,"template":"templates\/template-full-width.php","format":"standard","meta":{"om_disable_all_campaigns":false,"_uag_custom_page_level_css":"","footnotes":""},"categories":[21],"tags":[],"class_list":["post-10524","post","type-post","status-publish","format-standard","has-post-thumbnail","hentry","category-kuenstler","tw-meta-no-icon"],"yoast_head":"<!-- This site is optimized with the Yoast SEO plugin v25.6 - https:\/\/yoast.com\/wordpress\/plugins\/seo\/ -->\n<title>Yuki Watanabe - LIA<\/title>\n<meta name=\"robots\" content=\"index, follow, max-snippet:-1, max-image-preview:large, max-video-preview:-1\" \/>\n<link rel=\"canonical\" href=\"https:\/\/liap.eu\/index.php\/de\/2023\/08\/03\/yuki-watanabe-2\/\" \/>\n<meta property=\"og:locale\" content=\"en_GB\" \/>\n<meta property=\"og:type\" content=\"article\" \/>\n<meta property=\"og:title\" content=\"Yuki Watanabe - LIA\" \/>\n<meta property=\"og:description\" content=\"Zeitraum: August-Oktober &#8217;23 Yuki Watanabe wurde 1981 in Shizuoka\/Japan geboren. Er schloss sein Studium an der Kunstabteilung der Nihon Universit\u00e4t (Abteilung f\u00fcr \u00d6lmalerei) im Jahr 2006 ab. Im Jahr 2014 reiste er f\u00fcr einen Monat nach Leipzig, Berlin und Bremen, um sich \u00fcber die deutsche Kunst zu informieren. Er lebt in Chiba und arbeitet in&hellip;Continue readingYuki Watanabe\" \/>\n<meta property=\"og:url\" content=\"https:\/\/liap.eu\/index.php\/de\/2023\/08\/03\/yuki-watanabe-2\/\" \/>\n<meta property=\"og:site_name\" content=\"LIA\" \/>\n<meta property=\"article:publisher\" content=\"https:\/\/www.facebook.com\/LIAprogramme\" \/>\n<meta property=\"article:author\" content=\"https:\/\/www.facebook.com\/LIAprogramme\" \/>\n<meta property=\"article:published_time\" content=\"2023-08-03T08:31:43+00:00\" \/>\n<meta property=\"article:modified_time\" content=\"2023-08-03T08:31:44+00:00\" \/>\n<meta property=\"og:image\" content=\"https:\/\/liap.eu\/wp-content\/uploads\/2023\/08\/portrait-of-my-self--scaled.jpg\" \/>\n\t<meta property=\"og:image:width\" content=\"2241\" \/>\n\t<meta property=\"og:image:height\" content=\"2560\" \/>\n\t<meta property=\"og:image:type\" content=\"image\/jpeg\" \/>\n<meta name=\"author\" content=\"LIA\" \/>\n<meta name=\"twitter:card\" content=\"summary_large_image\" \/>\n<meta name=\"twitter:label1\" content=\"Written by\" \/>\n\t<meta name=\"twitter:data1\" content=\"LIA\" \/>\n\t<meta name=\"twitter:label2\" content=\"Estimated reading time\" \/>\n\t<meta name=\"twitter:data2\" content=\"1 minute\" \/>\n<script type=\"application\/ld+json\" class=\"yoast-schema-graph\">{\"@context\":\"https:\/\/schema.org\",\"@graph\":[{\"@type\":\"Article\",\"@id\":\"https:\/\/liap.eu\/index.php\/de\/2023\/08\/03\/yuki-watanabe-2\/#article\",\"isPartOf\":{\"@id\":\"https:\/\/liap.eu\/index.php\/de\/2023\/08\/03\/yuki-watanabe-2\/\"},\"author\":{\"name\":\"LIA\",\"@id\":\"https:\/\/liap.eu\/#\/schema\/person\/6a0bff64f73ff1a6b7e1ccb7faf58204\"},\"headline\":\"Yuki Watanabe\",\"datePublished\":\"2023-08-03T08:31:43+00:00\",\"dateModified\":\"2023-08-03T08:31:44+00:00\",\"mainEntityOfPage\":{\"@id\":\"https:\/\/liap.eu\/index.php\/de\/2023\/08\/03\/yuki-watanabe-2\/\"},\"wordCount\":188,\"publisher\":{\"@id\":\"https:\/\/liap.eu\/#organization\"},\"image\":{\"@id\":\"https:\/\/liap.eu\/index.php\/de\/2023\/08\/03\/yuki-watanabe-2\/#primaryimage\"},\"thumbnailUrl\":\"https:\/\/liap.eu\/wp-content\/uploads\/2023\/08\/portrait-of-my-self--scaled.jpg\",\"articleSection\":[\"K\u00fcnstler\"],\"inLanguage\":\"en-GB\"},{\"@type\":\"WebPage\",\"@id\":\"https:\/\/liap.eu\/index.php\/de\/2023\/08\/03\/yuki-watanabe-2\/\",\"url\":\"https:\/\/liap.eu\/index.php\/de\/2023\/08\/03\/yuki-watanabe-2\/\",\"name\":\"Yuki Watanabe - LIA\",\"isPartOf\":{\"@id\":\"https:\/\/liap.eu\/#website\"},\"primaryImageOfPage\":{\"@id\":\"https:\/\/liap.eu\/index.php\/de\/2023\/08\/03\/yuki-watanabe-2\/#primaryimage\"},\"image\":{\"@id\":\"https:\/\/liap.eu\/index.php\/de\/2023\/08\/03\/yuki-watanabe-2\/#primaryimage\"},\"thumbnailUrl\":\"https:\/\/liap.eu\/wp-content\/uploads\/2023\/08\/portrait-of-my-self--scaled.jpg\",\"datePublished\":\"2023-08-03T08:31:43+00:00\",\"dateModified\":\"2023-08-03T08:31:44+00:00\",\"breadcrumb\":{\"@id\":\"https:\/\/liap.eu\/index.php\/de\/2023\/08\/03\/yuki-watanabe-2\/#breadcrumb\"},\"inLanguage\":\"en-GB\",\"potentialAction\":[{\"@type\":\"ReadAction\",\"target\":[\"https:\/\/liap.eu\/index.php\/de\/2023\/08\/03\/yuki-watanabe-2\/\"]}]},{\"@type\":\"ImageObject\",\"inLanguage\":\"en-GB\",\"@id\":\"https:\/\/liap.eu\/index.php\/de\/2023\/08\/03\/yuki-watanabe-2\/#primaryimage\",\"url\":\"https:\/\/liap.eu\/wp-content\/uploads\/2023\/08\/portrait-of-my-self--scaled.jpg\",\"contentUrl\":\"https:\/\/liap.eu\/wp-content\/uploads\/2023\/08\/portrait-of-my-self--scaled.jpg\",\"width\":2241,\"height\":2560},{\"@type\":\"BreadcrumbList\",\"@id\":\"https:\/\/liap.eu\/index.php\/de\/2023\/08\/03\/yuki-watanabe-2\/#breadcrumb\",\"itemListElement\":[{\"@type\":\"ListItem\",\"position\":1,\"name\":\"Startseite\",\"item\":\"https:\/\/liap.eu\/index.php\/de\/\"},{\"@type\":\"ListItem\",\"position\":2,\"name\":\"Yuki Watanabe\"}]},{\"@type\":\"WebSite\",\"@id\":\"https:\/\/liap.eu\/#website\",\"url\":\"https:\/\/liap.eu\/\",\"name\":\"LIA - Leipzig International Art Programme\",\"description\":\"Leipzig International Art Programme\",\"publisher\":{\"@id\":\"https:\/\/liap.eu\/#organization\"},\"potentialAction\":[{\"@type\":\"SearchAction\",\"target\":{\"@type\":\"EntryPoint\",\"urlTemplate\":\"https:\/\/liap.eu\/?s={search_term_string}\"},\"query-input\":{\"@type\":\"PropertyValueSpecification\",\"valueRequired\":true,\"valueName\":\"search_term_string\"}}],\"inLanguage\":\"en-GB\"},{\"@type\":\"Organization\",\"@id\":\"https:\/\/liap.eu\/#organization\",\"name\":\"Leipzig International Art Programme\",\"url\":\"https:\/\/liap.eu\/\",\"logo\":{\"@type\":\"ImageObject\",\"inLanguage\":\"en-GB\",\"@id\":\"https:\/\/liap.eu\/#\/schema\/logo\/image\/\",\"url\":\"https:\/\/liap.eu\/wp-content\/uploads\/2021\/11\/LIAP.jpg\",\"contentUrl\":\"https:\/\/liap.eu\/wp-content\/uploads\/2021\/11\/LIAP.jpg\",\"width\":870,\"height\":140,\"caption\":\"Leipzig International Art Programme\"},\"image\":{\"@id\":\"https:\/\/liap.eu\/#\/schema\/logo\/image\/\"},\"sameAs\":[\"https:\/\/www.facebook.com\/LIAprogramme\",\"https:\/\/www.instagram.com\/lia_programme\/\",\"https:\/\/www.youtube.com\/channel\/UCVp_APjH6wtmApuu5kWgUqA\/videos\"]},{\"@type\":\"Person\",\"@id\":\"https:\/\/liap.eu\/#\/schema\/person\/6a0bff64f73ff1a6b7e1ccb7faf58204\",\"name\":\"LIA\",\"image\":{\"@type\":\"ImageObject\",\"inLanguage\":\"en-GB\",\"@id\":\"https:\/\/liap.eu\/#\/schema\/person\/image\/\",\"url\":\"https:\/\/secure.gravatar.com\/avatar\/528cc9c6a7aa20231d89b694711fbe94?s=96&d=mm&r=g\",\"contentUrl\":\"https:\/\/secure.gravatar.com\/avatar\/528cc9c6a7aa20231d89b694711fbe94?s=96&d=mm&r=g\",\"caption\":\"LIA\"},\"sameAs\":[\"https:\/\/www.facebook.com\/LIAprogramme\",\"https:\/\/www.instagram.com\/lia_programme\/\"]}]}<\/script>\n<!-- \/ Yoast SEO plugin. -->","yoast_head_json":{"title":"Yuki Watanabe - LIA","robots":{"index":"index","follow":"follow","max-snippet":"max-snippet:-1","max-image-preview":"max-image-preview:large","max-video-preview":"max-video-preview:-1"},"canonical":"https:\/\/liap.eu\/index.php\/de\/2023\/08\/03\/yuki-watanabe-2\/","og_locale":"en_GB","og_type":"article","og_title":"Yuki Watanabe - LIA","og_description":"Zeitraum: August-Oktober &#8217;23 Yuki Watanabe wurde 1981 in Shizuoka\/Japan geboren. Er schloss sein Studium an der Kunstabteilung der Nihon Universit\u00e4t (Abteilung f\u00fcr \u00d6lmalerei) im Jahr 2006 ab. Im Jahr 2014 reiste er f\u00fcr einen Monat nach Leipzig, Berlin und Bremen, um sich \u00fcber die deutsche Kunst zu informieren. Er lebt in Chiba und arbeitet in&hellip;Continue readingYuki Watanabe","og_url":"https:\/\/liap.eu\/index.php\/de\/2023\/08\/03\/yuki-watanabe-2\/","og_site_name":"LIA","article_publisher":"https:\/\/www.facebook.com\/LIAprogramme","article_author":"https:\/\/www.facebook.com\/LIAprogramme","article_published_time":"2023-08-03T08:31:43+00:00","article_modified_time":"2023-08-03T08:31:44+00:00","og_image":[{"url":"https:\/\/liap.eu\/wp-content\/uploads\/2023\/08\/portrait-of-my-self--scaled.jpg","width":2241,"height":2560,"type":"image\/jpeg"}],"author":"LIA","twitter_card":"summary_large_image","twitter_misc":{"Written by":"LIA","Estimated reading time":"1 minute"},"schema":{"@context":"https:\/\/schema.org","@graph":[{"@type":"Article","@id":"https:\/\/liap.eu\/index.php\/de\/2023\/08\/03\/yuki-watanabe-2\/#article","isPartOf":{"@id":"https:\/\/liap.eu\/index.php\/de\/2023\/08\/03\/yuki-watanabe-2\/"},"author":{"name":"LIA","@id":"https:\/\/liap.eu\/#\/schema\/person\/6a0bff64f73ff1a6b7e1ccb7faf58204"},"headline":"Yuki Watanabe","datePublished":"2023-08-03T08:31:43+00:00","dateModified":"2023-08-03T08:31:44+00:00","mainEntityOfPage":{"@id":"https:\/\/liap.eu\/index.php\/de\/2023\/08\/03\/yuki-watanabe-2\/"},"wordCount":188,"publisher":{"@id":"https:\/\/liap.eu\/#organization"},"image":{"@id":"https:\/\/liap.eu\/index.php\/de\/2023\/08\/03\/yuki-watanabe-2\/#primaryimage"},"thumbnailUrl":"https:\/\/liap.eu\/wp-content\/uploads\/2023\/08\/portrait-of-my-self--scaled.jpg","articleSection":["K\u00fcnstler"],"inLanguage":"en-GB"},{"@type":"WebPage","@id":"https:\/\/liap.eu\/index.php\/de\/2023\/08\/03\/yuki-watanabe-2\/","url":"https:\/\/liap.eu\/index.php\/de\/2023\/08\/03\/yuki-watanabe-2\/","name":"Yuki Watanabe - LIA","isPartOf":{"@id":"https:\/\/liap.eu\/#website"},"primaryImageOfPage":{"@id":"https:\/\/liap.eu\/index.php\/de\/2023\/08\/03\/yuki-watanabe-2\/#primaryimage"},"image":{"@id":"https:\/\/liap.eu\/index.php\/de\/2023\/08\/03\/yuki-watanabe-2\/#primaryimage"},"thumbnailUrl":"https:\/\/liap.eu\/wp-content\/uploads\/2023\/08\/portrait-of-my-self--scaled.jpg","datePublished":"2023-08-03T08:31:43+00:00","dateModified":"2023-08-03T08:31:44+00:00","breadcrumb":{"@id":"https:\/\/liap.eu\/index.php\/de\/2023\/08\/03\/yuki-watanabe-2\/#breadcrumb"},"inLanguage":"en-GB","potentialAction":[{"@type":"ReadAction","target":["https:\/\/liap.eu\/index.php\/de\/2023\/08\/03\/yuki-watanabe-2\/"]}]},{"@type":"ImageObject","inLanguage":"en-GB","@id":"https:\/\/liap.eu\/index.php\/de\/2023\/08\/03\/yuki-watanabe-2\/#primaryimage","url":"https:\/\/liap.eu\/wp-content\/uploads\/2023\/08\/portrait-of-my-self--scaled.jpg","contentUrl":"https:\/\/liap.eu\/wp-content\/uploads\/2023\/08\/portrait-of-my-self--scaled.jpg","width":2241,"height":2560},{"@type":"BreadcrumbList","@id":"https:\/\/liap.eu\/index.php\/de\/2023\/08\/03\/yuki-watanabe-2\/#breadcrumb","itemListElement":[{"@type":"ListItem","position":1,"name":"Startseite","item":"https:\/\/liap.eu\/index.php\/de\/"},{"@type":"ListItem","position":2,"name":"Yuki Watanabe"}]},{"@type":"WebSite","@id":"https:\/\/liap.eu\/#website","url":"https:\/\/liap.eu\/","name":"LIA - Leipzig International Art Programme","description":"Leipzig International Art Programme","publisher":{"@id":"https:\/\/liap.eu\/#organization"},"potentialAction":[{"@type":"SearchAction","target":{"@type":"EntryPoint","urlTemplate":"https:\/\/liap.eu\/?s={search_term_string}"},"query-input":{"@type":"PropertyValueSpecification","valueRequired":true,"valueName":"search_term_string"}}],"inLanguage":"en-GB"},{"@type":"Organization","@id":"https:\/\/liap.eu\/#organization","name":"Leipzig International Art Programme","url":"https:\/\/liap.eu\/","logo":{"@type":"ImageObject","inLanguage":"en-GB","@id":"https:\/\/liap.eu\/#\/schema\/logo\/image\/","url":"https:\/\/liap.eu\/wp-content\/uploads\/2021\/11\/LIAP.jpg","contentUrl":"https:\/\/liap.eu\/wp-content\/uploads\/2021\/11\/LIAP.jpg","width":870,"height":140,"caption":"Leipzig International Art Programme"},"image":{"@id":"https:\/\/liap.eu\/#\/schema\/logo\/image\/"},"sameAs":["https:\/\/www.facebook.com\/LIAprogramme","https:\/\/www.instagram.com\/lia_programme\/","https:\/\/www.youtube.com\/channel\/UCVp_APjH6wtmApuu5kWgUqA\/videos"]},{"@type":"Person","@id":"https:\/\/liap.eu\/#\/schema\/person\/6a0bff64f73ff1a6b7e1ccb7faf58204","name":"LIA","image":{"@type":"ImageObject","inLanguage":"en-GB","@id":"https:\/\/liap.eu\/#\/schema\/person\/image\/","url":"https:\/\/secure.gravatar.com\/avatar\/528cc9c6a7aa20231d89b694711fbe94?s=96&d=mm&r=g","contentUrl":"https:\/\/secure.gravatar.com\/avatar\/528cc9c6a7aa20231d89b694711fbe94?s=96&d=mm&r=g","caption":"LIA"},"sameAs":["https:\/\/www.facebook.com\/LIAprogramme","https:\/\/www.instagram.com\/lia_programme\/"]}]}},"uagb_featured_image_src":{"full":["https:\/\/liap.eu\/wp-content\/uploads\/2023\/08\/portrait-of-my-self--scaled.jpg",2241,2560,false],"thumbnail":["https:\/\/liap.eu\/wp-content\/uploads\/2023\/08\/portrait-of-my-self--scaled.jpg",84,96,false],"medium":["https:\/\/liap.eu\/wp-content\/uploads\/2023\/08\/portrait-of-my-self--scaled.jpg",2241,2560,false],"medium_large":["https:\/\/liap.eu\/wp-content\/uploads\/2023\/08\/portrait-of-my-self--768x877.jpg",768,877,true],"large":["https:\/\/liap.eu\/wp-content\/uploads\/2023\/08\/portrait-of-my-self--scaled.jpg",2241,2560,false],"1536x1536":["https:\/\/liap.eu\/wp-content\/uploads\/2023\/08\/portrait-of-my-self--1345x1536.jpg",1345,1536,true],"2048x2048":["https:\/\/liap.eu\/wp-content\/uploads\/2023\/08\/portrait-of-my-self--1793x2048.jpg",1793,2048,true],"post-thumbnail":["https:\/\/liap.eu\/wp-content\/uploads\/2023\/08\/portrait-of-my-self--1200x1371.jpg",1200,1371,true],"twentytwenty-fullscreen":["https:\/\/liap.eu\/wp-content\/uploads\/2023\/08\/portrait-of-my-self--1980x2262.jpg",1980,2262,true]},"uagb_author_info":{"display_name":"LIA","author_link":"https:\/\/liap.eu\/index.php\/author\/bierau\/"},"uagb_comment_info":0,"uagb_excerpt":"Zeitraum: August-Oktober &#8217;23 Yuki Watanabe wurde 1981 in Shizuoka\/Japan geboren. Er schloss sein Studium an der Kunstabteilung der Nihon Universit\u00e4t (Abteilung f\u00fcr \u00d6lmalerei) im Jahr 2006 ab. Im Jahr 2014 reiste er f\u00fcr einen Monat nach Leipzig, Berlin und Bremen, um sich \u00fcber die deutsche Kunst zu informieren. Er lebt in Chiba und arbeitet in&hellip;Continue&hellip;","_links":{"self":[{"href":"https:\/\/liap.eu\/index.php\/wp-json\/wp\/v2\/posts\/10524"}],"collection":[{"href":"https:\/\/liap.eu\/index.php\/wp-json\/wp\/v2\/posts"}],"about":[{"href":"https:\/\/liap.eu\/index.php\/wp-json\/wp\/v2\/types\/post"}],"author":[{"embeddable":true,"href":"https:\/\/liap.eu\/index.php\/wp-json\/wp\/v2\/users\/4"}],"replies":[{"embeddable":true,"href":"https:\/\/liap.eu\/index.php\/wp-json\/wp\/v2\/comments?post=10524"}],"version-history":[{"count":1,"href":"https:\/\/liap.eu\/index.php\/wp-json\/wp\/v2\/posts\/10524\/revisions"}],"predecessor-version":[{"id":10526,"href":"https:\/\/liap.eu\/index.php\/wp-json\/wp\/v2\/posts\/10524\/revisions\/10526"}],"wp:featuredmedia":[{"embeddable":true,"href":"https:\/\/liap.eu\/index.php\/wp-json\/wp\/v2\/media\/10522"}],"wp:attachment":[{"href":"https:\/\/liap.eu\/index.php\/wp-json\/wp\/v2\/media?parent=10524"}],"wp:term":[{"taxonomy":"category","embeddable":true,"href":"https:\/\/liap.eu\/index.php\/wp-json\/wp\/v2\/categories?post=10524"},{"taxonomy":"post_tag","embeddable":true,"href":"https:\/\/liap.eu\/index.php\/wp-json\/wp\/v2\/tags?post=10524"}],"curies":[{"name":"wp","href":"https:\/\/api.w.org\/{rel}","templated":true}]}}