{"id":10651,"date":"2023-10-23T11:52:06","date_gmt":"2023-10-23T09:52:06","guid":{"rendered":"https:\/\/liap.eu\/?p=10651"},"modified":"2023-10-23T11:52:07","modified_gmt":"2023-10-23T09:52:07","slug":"bekanntgabe-der-ausgewahlten-teilnehmer-der-reflekt-residenz","status":"publish","type":"post","link":"https:\/\/liap.eu\/index.php\/de\/2023\/10\/23\/bekanntgabe-der-ausgewahlten-teilnehmer-der-reflekt-residenz\/","title":{"rendered":"Bekanntgabe der ausgew\u00e4hlten Teilnehmer der REFLEKT-Residenz"},"content":{"rendered":"\n<figure class=\"wp-block-image size-full\"><img loading=\"lazy\" decoding=\"async\" width=\"1080\" height=\"1080\" src=\"https:\/\/liap.eu\/wp-content\/uploads\/2023\/10\/Jel-Suarez-Bio.png\" alt=\"\" class=\"wp-image-10654\" srcset=\"https:\/\/liap.eu\/wp-content\/uploads\/2023\/10\/Jel-Suarez-Bio.png 1080w, https:\/\/liap.eu\/wp-content\/uploads\/2023\/10\/Jel-Suarez-Bio-768x768.png 768w\" sizes=\"(max-width: 1080px) 100vw, 1080px\" \/><\/figure>\n\n\n\n<figure class=\"wp-block-image size-full\"><img loading=\"lazy\" decoding=\"async\" width=\"1080\" height=\"1080\" src=\"https:\/\/liap.eu\/wp-content\/uploads\/2023\/10\/Eddie-Wong-Bio.png\" alt=\"\" class=\"wp-image-10655\" srcset=\"https:\/\/liap.eu\/wp-content\/uploads\/2023\/10\/Eddie-Wong-Bio.png 1080w, https:\/\/liap.eu\/wp-content\/uploads\/2023\/10\/Eddie-Wong-Bio-768x768.png 768w\" sizes=\"(max-width: 1080px) 100vw, 1080px\" \/><\/figure>\n\n\n\n<p><strong>\ud83c\udf89 Bekanntgabe der ausgew\u00e4hlten Teilnehmer der REFLEKT-Residenz<\/strong><\/p>\n\n\n\n<p>Gemeinsam mit SAVVY Contemporary, der TanzFaktur, dem LIA &#8211; Leipzig International Art Programme, dem Goethe-Institut Malaysia und dem Goethe-Institut Philippinen freuen wir uns, f\u00fcnf K\u00fcnstler, Forscher, T\u00e4nzer und Choreographen bekannt zu geben, die am REFLEKT-Residenzprogramm teilnehmen werden, um zwei Monate lang mit ihrer jeweiligen Kunstszene und dem Publikum in Deutschland zu arbeiten.<\/p>\n\n\n\n<p>Sie werden ihre Forschung ausweiten, ein Konzept\/Prototyp entwickeln, ein Projekt aufbauen oder gemeinsam mit der gastgebenden Organisation und den lokalen Gemeinschaften w\u00e4hrend des Aufenthalts zwischen November und Januar 2024 ein Kunstwerk schaffen.<\/p>\n\n\n\n<p><strong>Project partner:<\/strong><\/p>\n\n\n\n<figure class=\"wp-block-image aligncenter size-full is-resized\"><img loading=\"lazy\" decoding=\"async\" src=\"https:\/\/liap.eu\/wp-content\/uploads\/2022\/05\/Captura-de-pantalla-2022-05-24-a-las-13.15.44.png\" alt=\"\" class=\"wp-image-9528\" width=\"380\" height=\"191\"\/><\/figure>\n","protected":false},"excerpt":{"rendered":"<p>\ud83c\udf89 Bekanntgabe der ausgew\u00e4hlten Teilnehmer der REFLEKT-Residenz Gemeinsam mit SAVVY Contemporary, der TanzFaktur, dem LIA &#8211; Leipzig International Art Programme, dem Goethe-Institut Malaysia und dem Goethe-Institut Philippinen freuen wir uns, f\u00fcnf K\u00fcnstler, Forscher, T\u00e4nzer und Choreographen bekannt zu geben, die am REFLEKT-Residenzprogramm teilnehmen werden, um zwei Monate lang mit ihrer jeweiligen Kunstszene und dem Publikum&hellip;<a href=\"https:\/\/liap.eu\/index.php\/de\/2023\/10\/23\/bekanntgabe-der-ausgewahlten-teilnehmer-der-reflekt-residenz\/\" class=\"more-link\"><span>Continue reading<\/span><span class=\"screen-reader-text\">Bekanntgabe der ausgew\u00e4hlten Teilnehmer der REFLEKT-Residenz<\/span><\/a><\/p>\n","protected":false},"author":4,"featured_media":0,"comment_status":"closed","ping_status":"closed","sticky":false,"template":"templates\/template-full-width.php","format":"standard","meta":{"om_disable_all_campaigns":false,"_uag_custom_page_level_css":"","footnotes":""},"categories":[88,1,611],"tags":[],"class_list":["post-10651","post","type-post","status-publish","format-standard","hentry","category-aktuelles","category-allgemein","category-ergebnisse","tw-meta-no-icon"],"yoast_head":"<!-- This site is optimized with the Yoast SEO plugin v25.6 - https:\/\/yoast.com\/wordpress\/plugins\/seo\/ -->\n<title>Bekanntgabe der ausgew\u00e4hlten Teilnehmer der REFLEKT-Residenz - LIA<\/title>\n<meta name=\"robots\" content=\"index, follow, max-snippet:-1, max-image-preview:large, max-video-preview:-1\" \/>\n<link rel=\"canonical\" href=\"https:\/\/liap.eu\/index.php\/de\/2023\/10\/23\/bekanntgabe-der-ausgewahlten-teilnehmer-der-reflekt-residenz\/\" \/>\n<meta property=\"og:locale\" content=\"en_GB\" \/>\n<meta property=\"og:type\" content=\"article\" \/>\n<meta property=\"og:title\" content=\"Bekanntgabe der ausgew\u00e4hlten Teilnehmer der REFLEKT-Residenz - LIA\" \/>\n<meta property=\"og:description\" content=\"\ud83c\udf89 Bekanntgabe der ausgew\u00e4hlten Teilnehmer der REFLEKT-Residenz Gemeinsam mit SAVVY Contemporary, der TanzFaktur, dem LIA &#8211; Leipzig International Art Programme, dem Goethe-Institut Malaysia und dem Goethe-Institut Philippinen freuen wir uns, f\u00fcnf K\u00fcnstler, Forscher, T\u00e4nzer und Choreographen bekannt zu geben, die am REFLEKT-Residenzprogramm teilnehmen werden, um zwei Monate lang mit ihrer jeweiligen Kunstszene und dem Publikum&hellip;Continue readingBekanntgabe der ausgew\u00e4hlten Teilnehmer der REFLEKT-Residenz\" \/>\n<meta property=\"og:url\" content=\"https:\/\/liap.eu\/index.php\/de\/2023\/10\/23\/bekanntgabe-der-ausgewahlten-teilnehmer-der-reflekt-residenz\/\" \/>\n<meta property=\"og:site_name\" content=\"LIA\" \/>\n<meta property=\"article:publisher\" content=\"https:\/\/www.facebook.com\/LIAprogramme\" \/>\n<meta property=\"article:author\" content=\"https:\/\/www.facebook.com\/LIAprogramme\" \/>\n<meta property=\"article:published_time\" content=\"2023-10-23T09:52:06+00:00\" \/>\n<meta property=\"article:modified_time\" content=\"2023-10-23T09:52:07+00:00\" \/>\n<meta property=\"og:image\" content=\"https:\/\/liap.eu\/wp-content\/uploads\/2023\/10\/Jel-Suarez-Bio.png\" \/>\n<meta name=\"author\" content=\"LIA\" \/>\n<meta name=\"twitter:card\" content=\"summary_large_image\" \/>\n<meta name=\"twitter:label1\" content=\"Written by\" \/>\n\t<meta name=\"twitter:data1\" content=\"LIA\" \/>\n\t<meta name=\"twitter:label2\" content=\"Estimated reading time\" \/>\n\t<meta name=\"twitter:data2\" content=\"1 minute\" \/>\n<script type=\"application\/ld+json\" class=\"yoast-schema-graph\">{\"@context\":\"https:\/\/schema.org\",\"@graph\":[{\"@type\":\"Article\",\"@id\":\"https:\/\/liap.eu\/index.php\/de\/2023\/10\/23\/bekanntgabe-der-ausgewahlten-teilnehmer-der-reflekt-residenz\/#article\",\"isPartOf\":{\"@id\":\"https:\/\/liap.eu\/index.php\/de\/2023\/10\/23\/bekanntgabe-der-ausgewahlten-teilnehmer-der-reflekt-residenz\/\"},\"author\":{\"name\":\"LIA\",\"@id\":\"https:\/\/liap.eu\/#\/schema\/person\/6a0bff64f73ff1a6b7e1ccb7faf58204\"},\"headline\":\"Bekanntgabe der ausgew\u00e4hlten Teilnehmer der REFLEKT-Residenz\",\"datePublished\":\"2023-10-23T09:52:06+00:00\",\"dateModified\":\"2023-10-23T09:52:07+00:00\",\"mainEntityOfPage\":{\"@id\":\"https:\/\/liap.eu\/index.php\/de\/2023\/10\/23\/bekanntgabe-der-ausgewahlten-teilnehmer-der-reflekt-residenz\/\"},\"wordCount\":104,\"publisher\":{\"@id\":\"https:\/\/liap.eu\/#organization\"},\"image\":{\"@id\":\"https:\/\/liap.eu\/index.php\/de\/2023\/10\/23\/bekanntgabe-der-ausgewahlten-teilnehmer-der-reflekt-residenz\/#primaryimage\"},\"thumbnailUrl\":\"https:\/\/liap.eu\/wp-content\/uploads\/2023\/10\/Jel-Suarez-Bio.png\",\"articleSection\":[\"Aktuelles\",\"Allgemein\",\"Ergebnisse\"],\"inLanguage\":\"en-GB\"},{\"@type\":\"WebPage\",\"@id\":\"https:\/\/liap.eu\/index.php\/de\/2023\/10\/23\/bekanntgabe-der-ausgewahlten-teilnehmer-der-reflekt-residenz\/\",\"url\":\"https:\/\/liap.eu\/index.php\/de\/2023\/10\/23\/bekanntgabe-der-ausgewahlten-teilnehmer-der-reflekt-residenz\/\",\"name\":\"Bekanntgabe der ausgew\u00e4hlten Teilnehmer der REFLEKT-Residenz - LIA\",\"isPartOf\":{\"@id\":\"https:\/\/liap.eu\/#website\"},\"primaryImageOfPage\":{\"@id\":\"https:\/\/liap.eu\/index.php\/de\/2023\/10\/23\/bekanntgabe-der-ausgewahlten-teilnehmer-der-reflekt-residenz\/#primaryimage\"},\"image\":{\"@id\":\"https:\/\/liap.eu\/index.php\/de\/2023\/10\/23\/bekanntgabe-der-ausgewahlten-teilnehmer-der-reflekt-residenz\/#primaryimage\"},\"thumbnailUrl\":\"https:\/\/liap.eu\/wp-content\/uploads\/2023\/10\/Jel-Suarez-Bio.png\",\"datePublished\":\"2023-10-23T09:52:06+00:00\",\"dateModified\":\"2023-10-23T09:52:07+00:00\",\"breadcrumb\":{\"@id\":\"https:\/\/liap.eu\/index.php\/de\/2023\/10\/23\/bekanntgabe-der-ausgewahlten-teilnehmer-der-reflekt-residenz\/#breadcrumb\"},\"inLanguage\":\"en-GB\",\"potentialAction\":[{\"@type\":\"ReadAction\",\"target\":[\"https:\/\/liap.eu\/index.php\/de\/2023\/10\/23\/bekanntgabe-der-ausgewahlten-teilnehmer-der-reflekt-residenz\/\"]}]},{\"@type\":\"ImageObject\",\"inLanguage\":\"en-GB\",\"@id\":\"https:\/\/liap.eu\/index.php\/de\/2023\/10\/23\/bekanntgabe-der-ausgewahlten-teilnehmer-der-reflekt-residenz\/#primaryimage\",\"url\":\"https:\/\/liap.eu\/wp-content\/uploads\/2023\/10\/Jel-Suarez-Bio.png\",\"contentUrl\":\"https:\/\/liap.eu\/wp-content\/uploads\/2023\/10\/Jel-Suarez-Bio.png\",\"width\":1080,\"height\":1080},{\"@type\":\"BreadcrumbList\",\"@id\":\"https:\/\/liap.eu\/index.php\/de\/2023\/10\/23\/bekanntgabe-der-ausgewahlten-teilnehmer-der-reflekt-residenz\/#breadcrumb\",\"itemListElement\":[{\"@type\":\"ListItem\",\"position\":1,\"name\":\"Startseite\",\"item\":\"https:\/\/liap.eu\/index.php\/de\/\"},{\"@type\":\"ListItem\",\"position\":2,\"name\":\"Bekanntgabe der ausgew\u00e4hlten Teilnehmer der REFLEKT-Residenz\"}]},{\"@type\":\"WebSite\",\"@id\":\"https:\/\/liap.eu\/#website\",\"url\":\"https:\/\/liap.eu\/\",\"name\":\"LIA - Leipzig International Art Programme\",\"description\":\"Leipzig International Art Programme\",\"publisher\":{\"@id\":\"https:\/\/liap.eu\/#organization\"},\"potentialAction\":[{\"@type\":\"SearchAction\",\"target\":{\"@type\":\"EntryPoint\",\"urlTemplate\":\"https:\/\/liap.eu\/?s={search_term_string}\"},\"query-input\":{\"@type\":\"PropertyValueSpecification\",\"valueRequired\":true,\"valueName\":\"search_term_string\"}}],\"inLanguage\":\"en-GB\"},{\"@type\":\"Organization\",\"@id\":\"https:\/\/liap.eu\/#organization\",\"name\":\"Leipzig International Art Programme\",\"url\":\"https:\/\/liap.eu\/\",\"logo\":{\"@type\":\"ImageObject\",\"inLanguage\":\"en-GB\",\"@id\":\"https:\/\/liap.eu\/#\/schema\/logo\/image\/\",\"url\":\"https:\/\/liap.eu\/wp-content\/uploads\/2021\/11\/LIAP.jpg\",\"contentUrl\":\"https:\/\/liap.eu\/wp-content\/uploads\/2021\/11\/LIAP.jpg\",\"width\":870,\"height\":140,\"caption\":\"Leipzig International Art Programme\"},\"image\":{\"@id\":\"https:\/\/liap.eu\/#\/schema\/logo\/image\/\"},\"sameAs\":[\"https:\/\/www.facebook.com\/LIAprogramme\",\"https:\/\/www.instagram.com\/lia_programme\/\",\"https:\/\/www.youtube.com\/channel\/UCVp_APjH6wtmApuu5kWgUqA\/videos\"]},{\"@type\":\"Person\",\"@id\":\"https:\/\/liap.eu\/#\/schema\/person\/6a0bff64f73ff1a6b7e1ccb7faf58204\",\"name\":\"LIA\",\"image\":{\"@type\":\"ImageObject\",\"inLanguage\":\"en-GB\",\"@id\":\"https:\/\/liap.eu\/#\/schema\/person\/image\/\",\"url\":\"https:\/\/secure.gravatar.com\/avatar\/528cc9c6a7aa20231d89b694711fbe94?s=96&d=mm&r=g\",\"contentUrl\":\"https:\/\/secure.gravatar.com\/avatar\/528cc9c6a7aa20231d89b694711fbe94?s=96&d=mm&r=g\",\"caption\":\"LIA\"},\"sameAs\":[\"https:\/\/www.facebook.com\/LIAprogramme\",\"https:\/\/www.instagram.com\/lia_programme\/\"]}]}<\/script>\n<!-- \/ Yoast SEO plugin. -->","yoast_head_json":{"title":"Bekanntgabe der ausgew\u00e4hlten Teilnehmer der REFLEKT-Residenz - LIA","robots":{"index":"index","follow":"follow","max-snippet":"max-snippet:-1","max-image-preview":"max-image-preview:large","max-video-preview":"max-video-preview:-1"},"canonical":"https:\/\/liap.eu\/index.php\/de\/2023\/10\/23\/bekanntgabe-der-ausgewahlten-teilnehmer-der-reflekt-residenz\/","og_locale":"en_GB","og_type":"article","og_title":"Bekanntgabe der ausgew\u00e4hlten Teilnehmer der REFLEKT-Residenz - LIA","og_description":"\ud83c\udf89 Bekanntgabe der ausgew\u00e4hlten Teilnehmer der REFLEKT-Residenz Gemeinsam mit SAVVY Contemporary, der TanzFaktur, dem LIA &#8211; Leipzig International Art Programme, dem Goethe-Institut Malaysia und dem Goethe-Institut Philippinen freuen wir uns, f\u00fcnf K\u00fcnstler, Forscher, T\u00e4nzer und Choreographen bekannt zu geben, die am REFLEKT-Residenzprogramm teilnehmen werden, um zwei Monate lang mit ihrer jeweiligen Kunstszene und dem Publikum&hellip;Continue readingBekanntgabe der ausgew\u00e4hlten Teilnehmer der REFLEKT-Residenz","og_url":"https:\/\/liap.eu\/index.php\/de\/2023\/10\/23\/bekanntgabe-der-ausgewahlten-teilnehmer-der-reflekt-residenz\/","og_site_name":"LIA","article_publisher":"https:\/\/www.facebook.com\/LIAprogramme","article_author":"https:\/\/www.facebook.com\/LIAprogramme","article_published_time":"2023-10-23T09:52:06+00:00","article_modified_time":"2023-10-23T09:52:07+00:00","og_image":[{"url":"https:\/\/liap.eu\/wp-content\/uploads\/2023\/10\/Jel-Suarez-Bio.png","type":"","width":"","height":""}],"author":"LIA","twitter_card":"summary_large_image","twitter_misc":{"Written by":"LIA","Estimated reading time":"1 minute"},"schema":{"@context":"https:\/\/schema.org","@graph":[{"@type":"Article","@id":"https:\/\/liap.eu\/index.php\/de\/2023\/10\/23\/bekanntgabe-der-ausgewahlten-teilnehmer-der-reflekt-residenz\/#article","isPartOf":{"@id":"https:\/\/liap.eu\/index.php\/de\/2023\/10\/23\/bekanntgabe-der-ausgewahlten-teilnehmer-der-reflekt-residenz\/"},"author":{"name":"LIA","@id":"https:\/\/liap.eu\/#\/schema\/person\/6a0bff64f73ff1a6b7e1ccb7faf58204"},"headline":"Bekanntgabe der ausgew\u00e4hlten Teilnehmer der REFLEKT-Residenz","datePublished":"2023-10-23T09:52:06+00:00","dateModified":"2023-10-23T09:52:07+00:00","mainEntityOfPage":{"@id":"https:\/\/liap.eu\/index.php\/de\/2023\/10\/23\/bekanntgabe-der-ausgewahlten-teilnehmer-der-reflekt-residenz\/"},"wordCount":104,"publisher":{"@id":"https:\/\/liap.eu\/#organization"},"image":{"@id":"https:\/\/liap.eu\/index.php\/de\/2023\/10\/23\/bekanntgabe-der-ausgewahlten-teilnehmer-der-reflekt-residenz\/#primaryimage"},"thumbnailUrl":"https:\/\/liap.eu\/wp-content\/uploads\/2023\/10\/Jel-Suarez-Bio.png","articleSection":["Aktuelles","Allgemein","Ergebnisse"],"inLanguage":"en-GB"},{"@type":"WebPage","@id":"https:\/\/liap.eu\/index.php\/de\/2023\/10\/23\/bekanntgabe-der-ausgewahlten-teilnehmer-der-reflekt-residenz\/","url":"https:\/\/liap.eu\/index.php\/de\/2023\/10\/23\/bekanntgabe-der-ausgewahlten-teilnehmer-der-reflekt-residenz\/","name":"Bekanntgabe der ausgew\u00e4hlten Teilnehmer der REFLEKT-Residenz - LIA","isPartOf":{"@id":"https:\/\/liap.eu\/#website"},"primaryImageOfPage":{"@id":"https:\/\/liap.eu\/index.php\/de\/2023\/10\/23\/bekanntgabe-der-ausgewahlten-teilnehmer-der-reflekt-residenz\/#primaryimage"},"image":{"@id":"https:\/\/liap.eu\/index.php\/de\/2023\/10\/23\/bekanntgabe-der-ausgewahlten-teilnehmer-der-reflekt-residenz\/#primaryimage"},"thumbnailUrl":"https:\/\/liap.eu\/wp-content\/uploads\/2023\/10\/Jel-Suarez-Bio.png","datePublished":"2023-10-23T09:52:06+00:00","dateModified":"2023-10-23T09:52:07+00:00","breadcrumb":{"@id":"https:\/\/liap.eu\/index.php\/de\/2023\/10\/23\/bekanntgabe-der-ausgewahlten-teilnehmer-der-reflekt-residenz\/#breadcrumb"},"inLanguage":"en-GB","potentialAction":[{"@type":"ReadAction","target":["https:\/\/liap.eu\/index.php\/de\/2023\/10\/23\/bekanntgabe-der-ausgewahlten-teilnehmer-der-reflekt-residenz\/"]}]},{"@type":"ImageObject","inLanguage":"en-GB","@id":"https:\/\/liap.eu\/index.php\/de\/2023\/10\/23\/bekanntgabe-der-ausgewahlten-teilnehmer-der-reflekt-residenz\/#primaryimage","url":"https:\/\/liap.eu\/wp-content\/uploads\/2023\/10\/Jel-Suarez-Bio.png","contentUrl":"https:\/\/liap.eu\/wp-content\/uploads\/2023\/10\/Jel-Suarez-Bio.png","width":1080,"height":1080},{"@type":"BreadcrumbList","@id":"https:\/\/liap.eu\/index.php\/de\/2023\/10\/23\/bekanntgabe-der-ausgewahlten-teilnehmer-der-reflekt-residenz\/#breadcrumb","itemListElement":[{"@type":"ListItem","position":1,"name":"Startseite","item":"https:\/\/liap.eu\/index.php\/de\/"},{"@type":"ListItem","position":2,"name":"Bekanntgabe der ausgew\u00e4hlten Teilnehmer der REFLEKT-Residenz"}]},{"@type":"WebSite","@id":"https:\/\/liap.eu\/#website","url":"https:\/\/liap.eu\/","name":"LIA - Leipzig International Art Programme","description":"Leipzig International Art Programme","publisher":{"@id":"https:\/\/liap.eu\/#organization"},"potentialAction":[{"@type":"SearchAction","target":{"@type":"EntryPoint","urlTemplate":"https:\/\/liap.eu\/?s={search_term_string}"},"query-input":{"@type":"PropertyValueSpecification","valueRequired":true,"valueName":"search_term_string"}}],"inLanguage":"en-GB"},{"@type":"Organization","@id":"https:\/\/liap.eu\/#organization","name":"Leipzig International Art Programme","url":"https:\/\/liap.eu\/","logo":{"@type":"ImageObject","inLanguage":"en-GB","@id":"https:\/\/liap.eu\/#\/schema\/logo\/image\/","url":"https:\/\/liap.eu\/wp-content\/uploads\/2021\/11\/LIAP.jpg","contentUrl":"https:\/\/liap.eu\/wp-content\/uploads\/2021\/11\/LIAP.jpg","width":870,"height":140,"caption":"Leipzig International Art Programme"},"image":{"@id":"https:\/\/liap.eu\/#\/schema\/logo\/image\/"},"sameAs":["https:\/\/www.facebook.com\/LIAprogramme","https:\/\/www.instagram.com\/lia_programme\/","https:\/\/www.youtube.com\/channel\/UCVp_APjH6wtmApuu5kWgUqA\/videos"]},{"@type":"Person","@id":"https:\/\/liap.eu\/#\/schema\/person\/6a0bff64f73ff1a6b7e1ccb7faf58204","name":"LIA","image":{"@type":"ImageObject","inLanguage":"en-GB","@id":"https:\/\/liap.eu\/#\/schema\/person\/image\/","url":"https:\/\/secure.gravatar.com\/avatar\/528cc9c6a7aa20231d89b694711fbe94?s=96&d=mm&r=g","contentUrl":"https:\/\/secure.gravatar.com\/avatar\/528cc9c6a7aa20231d89b694711fbe94?s=96&d=mm&r=g","caption":"LIA"},"sameAs":["https:\/\/www.facebook.com\/LIAprogramme","https:\/\/www.instagram.com\/lia_programme\/"]}]}},"uagb_featured_image_src":{"full":false,"thumbnail":false,"medium":false,"medium_large":false,"large":false,"1536x1536":false,"2048x2048":false,"post-thumbnail":false,"twentytwenty-fullscreen":false},"uagb_author_info":{"display_name":"LIA","author_link":"https:\/\/liap.eu\/index.php\/author\/bierau\/"},"uagb_comment_info":0,"uagb_excerpt":"\ud83c\udf89 Bekanntgabe der ausgew\u00e4hlten Teilnehmer der REFLEKT-Residenz Gemeinsam mit SAVVY Contemporary, der TanzFaktur, dem LIA &#8211; Leipzig International Art Programme, dem Goethe-Institut Malaysia und dem Goethe-Institut Philippinen freuen wir uns, f\u00fcnf K\u00fcnstler, Forscher, T\u00e4nzer und Choreographen bekannt zu geben, die am REFLEKT-Residenzprogramm teilnehmen werden, um zwei Monate lang mit ihrer jeweiligen Kunstszene und dem Publikum&hellip;Continue&hellip;","_links":{"self":[{"href":"https:\/\/liap.eu\/index.php\/wp-json\/wp\/v2\/posts\/10651"}],"collection":[{"href":"https:\/\/liap.eu\/index.php\/wp-json\/wp\/v2\/posts"}],"about":[{"href":"https:\/\/liap.eu\/index.php\/wp-json\/wp\/v2\/types\/post"}],"author":[{"embeddable":true,"href":"https:\/\/liap.eu\/index.php\/wp-json\/wp\/v2\/users\/4"}],"replies":[{"embeddable":true,"href":"https:\/\/liap.eu\/index.php\/wp-json\/wp\/v2\/comments?post=10651"}],"version-history":[{"count":2,"href":"https:\/\/liap.eu\/index.php\/wp-json\/wp\/v2\/posts\/10651\/revisions"}],"predecessor-version":[{"id":10656,"href":"https:\/\/liap.eu\/index.php\/wp-json\/wp\/v2\/posts\/10651\/revisions\/10656"}],"wp:attachment":[{"href":"https:\/\/liap.eu\/index.php\/wp-json\/wp\/v2\/media?parent=10651"}],"wp:term":[{"taxonomy":"category","embeddable":true,"href":"https:\/\/liap.eu\/index.php\/wp-json\/wp\/v2\/categories?post=10651"},{"taxonomy":"post_tag","embeddable":true,"href":"https:\/\/liap.eu\/index.php\/wp-json\/wp\/v2\/tags?post=10651"}],"curies":[{"name":"wp","href":"https:\/\/api.w.org\/{rel}","templated":true}]}}