{"id":10998,"date":"2024-05-28T13:24:31","date_gmt":"2024-05-28T11:24:31","guid":{"rendered":"https:\/\/liap.eu\/?p=10998"},"modified":"2024-05-29T20:55:14","modified_gmt":"2024-05-29T18:55:14","slug":"mitja-ficko-10","status":"publish","type":"post","link":"https:\/\/liap.eu\/index.php\/de\/2024\/05\/28\/mitja-ficko-10\/","title":{"rendered":"Mitja Ficko"},"content":{"rendered":"\n<figure class=\"wp-block-image size-full\"><img loading=\"lazy\" decoding=\"async\" width=\"1920\" height=\"2560\" src=\"https:\/\/liap.eu\/wp-content\/uploads\/2024\/05\/MitjaFicko-LIA2024-scaled.jpg\" alt=\"\" class=\"wp-image-10991\" srcset=\"https:\/\/liap.eu\/wp-content\/uploads\/2024\/05\/MitjaFicko-LIA2024-scaled.jpg 1920w, https:\/\/liap.eu\/wp-content\/uploads\/2024\/05\/MitjaFicko-LIA2024-768x1024.jpg 768w, https:\/\/liap.eu\/wp-content\/uploads\/2024\/05\/MitjaFicko-LIA2024-1152x1536.jpg 1152w, https:\/\/liap.eu\/wp-content\/uploads\/2024\/05\/MitjaFicko-LIA2024-1536x2048.jpg 1536w, https:\/\/liap.eu\/wp-content\/uploads\/2024\/05\/MitjaFicko-LIA2024-1200x1600.jpg 1200w, https:\/\/liap.eu\/wp-content\/uploads\/2024\/05\/MitjaFicko-LIA2024-1980x2640.jpg 1980w\" sizes=\"(max-width: 1920px) 100vw, 1920px\" \/><\/figure>\n\n\n\n<p>schloss 1999 sein Studium an der Akademie der Sch\u00f6nen K\u00fcnste in Ljubljana (ALUO) ab. Im Jahr 2002 erwarb er seinen Master an der gleichen Akademie bei Prof. Metka Kra\u0161ovec. Im Jahr 2003 gewann er den Golden Bird Award f\u00fcr seine Serie von Gem\u00e4lden mit dem Titel &#8216;Stones&#8217;. Seine Wege mit ALUO kreuzten sich 2018 erneut, als er als dort als Assistenzprofessor unterrichtet. Im Jahr 2023 folgte dann die Bef\u00f6rderung zum ordentlichen Professor. In seinen Werken, erforscht Ficko die Grenzen und die Koexistenz von Welten, Existenzebenen und Malweisen oder -stilen. Malerei. Dabei geht es nicht nur um die endg\u00fcltige statische Darstellung eines Objekts oder einer Szene, sondern um eine Dialektik zwischen ihrem Auftauchen &#8211; der Materialisierung &#8211; und ihrem Verschwinden &#8211; der Dematerialisierung. F\u00fcr ihn ist ein Gem\u00e4lde ein Prozess, die Koexistenz und Verflechtung von Abstraktem und Fig\u00fcrlichem. Seit 1997 zeigt Ficko seine  Arbeiten in Einzel- und kuratierten Gruppenausstellungen in Slowenien und weltweit. Er lebt und arbeitet zwischen Ljubljana und Leipzig.<\/p>\n\n\n\n<p>Das \u201eCollageprinzip\u201c der Ficko&#8217;schen Malerei verlagert sich auf die Struktur eines Gem\u00e4ldes &#8211; auf die Mehrschichtigkeit, \u00dcbereinanderlegen und Nebeneinanderstellen von Elementen &#8211; wo das Bild durch die Rekonstruktion seines r\u00e4umlichen und kompositorischen Rahmens. Diese Bildkompositionsstrategien sind auch eine Reaktion auf die Auswirkungen der Digitalisierung und ihrer interaktiven, intertextuellen und hypertextuellen Form und Inhalte. Multirepr\u00e4sentativit\u00e4t und die Navigation durch Fenster in Ausstellungsr\u00e4umen bieten eine neue Form der Hibrigkeit die auf r\u00e4umlichen und stochastischen Zusammenh\u00e4ngen beruht. Vielf\u00e4ltige M\u00f6glichkeiten der Bearbeitung, Ver\u00e4nderung, Verifizierung und Komposition von Bildern erm\u00f6glicht auch das Grafiktablett, das Ficko zum Skizzieren benutzt. <\/p>\n\n\n\n<p>Seine Spuren sind zum Beispiel Spuren sind beispielsweise in fragmentarischen k\u00fcnstlerischen Interventionen durch das Aufbringen von grafischen Rastern mit Punkten und Linien sichtbar, die in die vorhandenen die in den verf\u00fcgbaren Modellen des Werkzeugs enthalten sind, sowie in Kompositionen aus Rechtecken.., Fenster\/Rahmen\/Bildschirme&#8217;, die den Eindruck erwecken, als w\u00fcrden Bilder in Bilder geklebt. \/\u2026\/ Die Bilder von Ficko sind als imagin\u00e4re Orte etabliert, die dem Geist angeh\u00f6ren, wo die Sph\u00e4re der Repr\u00e4sentation v\u00f6llig flie\u00dfend ist und wo die \u00dcberg\u00e4nge zwischen Realit\u00e4t und Imagination flie\u00dfend sein k\u00f6nnen. zur\u00fcck &#8211; im wahrsten Sinne des Wortes, mit Augen, die aus dem Bild herausschauen, und gleichzeitig sind sie Eingangspunkte in das Bild. Es sind die Augen von Figuren, aber mehr noch eine Vielzahl von k\u00f6rperlosen Augen, die \u00fcber die die an Argus Panoptes erinnern und ein allsehendes Gem\u00e4lde schaffen, das der Blick des Betrachters der Blick des Betrachters nie wirklich vollst\u00e4ndig erfassen kann.<br>(Text: Nadja Gnamu\u0161)<\/p>\n\n\n\n<p>Website: http:\/\/www.mitjaficko.com\/<br>Insta: https:\/\/www.instagram.com\/mitja.ficko\/<\/p>\n","protected":false},"excerpt":{"rendered":"<p>schloss 1999 sein Studium an der Akademie der Sch\u00f6nen K\u00fcnste in Ljubljana (ALUO) ab. Im Jahr 2002 erwarb er seinen Master an der gleichen Akademie bei Prof. Metka Kra\u0161ovec. Im Jahr 2003 gewann er den Golden Bird Award f\u00fcr seine Serie von Gem\u00e4lden mit dem Titel &#8216;Stones&#8217;. Seine Wege mit ALUO kreuzten sich 2018 erneut,&hellip;<a href=\"https:\/\/liap.eu\/index.php\/de\/2024\/05\/28\/mitja-ficko-10\/\" class=\"more-link\"><span>Continue reading<\/span><span class=\"screen-reader-text\">Mitja Ficko<\/span><\/a><\/p>\n","protected":false},"author":4,"featured_media":10991,"comment_status":"closed","ping_status":"closed","sticky":false,"template":"templates\/template-full-width.php","format":"standard","meta":{"om_disable_all_campaigns":false,"_uag_custom_page_level_css":"","footnotes":""},"categories":[21,666],"tags":[],"class_list":["post-10998","post","type-post","status-publish","format-standard","has-post-thumbnail","hentry","category-kuenstler","category-kunstler-2024","tw-meta-no-icon"],"yoast_head":"<!-- This site is optimized with the Yoast SEO plugin v25.6 - https:\/\/yoast.com\/wordpress\/plugins\/seo\/ -->\n<title>Mitja Ficko - LIA<\/title>\n<meta name=\"robots\" content=\"index, follow, max-snippet:-1, max-image-preview:large, max-video-preview:-1\" \/>\n<link rel=\"canonical\" href=\"https:\/\/liap.eu\/index.php\/de\/2024\/05\/28\/mitja-ficko-10\/\" \/>\n<meta property=\"og:locale\" content=\"en_GB\" \/>\n<meta property=\"og:type\" content=\"article\" \/>\n<meta property=\"og:title\" content=\"Mitja Ficko - LIA\" \/>\n<meta property=\"og:description\" content=\"schloss 1999 sein Studium an der Akademie der Sch\u00f6nen K\u00fcnste in Ljubljana (ALUO) ab. Im Jahr 2002 erwarb er seinen Master an der gleichen Akademie bei Prof. Metka Kra\u0161ovec. Im Jahr 2003 gewann er den Golden Bird Award f\u00fcr seine Serie von Gem\u00e4lden mit dem Titel &#8216;Stones&#8217;. Seine Wege mit ALUO kreuzten sich 2018 erneut,&hellip;Continue readingMitja Ficko\" \/>\n<meta property=\"og:url\" content=\"https:\/\/liap.eu\/index.php\/de\/2024\/05\/28\/mitja-ficko-10\/\" \/>\n<meta property=\"og:site_name\" content=\"LIA\" \/>\n<meta property=\"article:publisher\" content=\"https:\/\/www.facebook.com\/LIAprogramme\" \/>\n<meta property=\"article:author\" content=\"https:\/\/www.facebook.com\/LIAprogramme\" \/>\n<meta property=\"article:published_time\" content=\"2024-05-28T11:24:31+00:00\" \/>\n<meta property=\"article:modified_time\" content=\"2024-05-29T18:55:14+00:00\" \/>\n<meta property=\"og:image\" content=\"https:\/\/liap.eu\/wp-content\/uploads\/2024\/05\/MitjaFicko-LIA2024-scaled.jpg\" \/>\n\t<meta property=\"og:image:width\" content=\"1920\" \/>\n\t<meta property=\"og:image:height\" content=\"2560\" \/>\n\t<meta property=\"og:image:type\" content=\"image\/jpeg\" \/>\n<meta name=\"author\" content=\"LIA\" \/>\n<meta name=\"twitter:card\" content=\"summary_large_image\" \/>\n<meta name=\"twitter:label1\" content=\"Written by\" \/>\n\t<meta name=\"twitter:data1\" content=\"LIA\" \/>\n\t<meta name=\"twitter:label2\" content=\"Estimated reading time\" \/>\n\t<meta name=\"twitter:data2\" content=\"2 minutes\" \/>\n<script type=\"application\/ld+json\" class=\"yoast-schema-graph\">{\"@context\":\"https:\/\/schema.org\",\"@graph\":[{\"@type\":\"Article\",\"@id\":\"https:\/\/liap.eu\/index.php\/de\/2024\/05\/28\/mitja-ficko-10\/#article\",\"isPartOf\":{\"@id\":\"https:\/\/liap.eu\/index.php\/de\/2024\/05\/28\/mitja-ficko-10\/\"},\"author\":{\"name\":\"LIA\",\"@id\":\"https:\/\/liap.eu\/#\/schema\/person\/6a0bff64f73ff1a6b7e1ccb7faf58204\"},\"headline\":\"Mitja Ficko\",\"datePublished\":\"2024-05-28T11:24:31+00:00\",\"dateModified\":\"2024-05-29T18:55:14+00:00\",\"mainEntityOfPage\":{\"@id\":\"https:\/\/liap.eu\/index.php\/de\/2024\/05\/28\/mitja-ficko-10\/\"},\"wordCount\":451,\"publisher\":{\"@id\":\"https:\/\/liap.eu\/#organization\"},\"image\":{\"@id\":\"https:\/\/liap.eu\/index.php\/de\/2024\/05\/28\/mitja-ficko-10\/#primaryimage\"},\"thumbnailUrl\":\"https:\/\/liap.eu\/wp-content\/uploads\/2024\/05\/MitjaFicko-LIA2024-scaled.jpg\",\"articleSection\":[\"K\u00fcnstler\",\"K\u00fcnstler 2024\"],\"inLanguage\":\"en-GB\"},{\"@type\":\"WebPage\",\"@id\":\"https:\/\/liap.eu\/index.php\/de\/2024\/05\/28\/mitja-ficko-10\/\",\"url\":\"https:\/\/liap.eu\/index.php\/de\/2024\/05\/28\/mitja-ficko-10\/\",\"name\":\"Mitja Ficko - LIA\",\"isPartOf\":{\"@id\":\"https:\/\/liap.eu\/#website\"},\"primaryImageOfPage\":{\"@id\":\"https:\/\/liap.eu\/index.php\/de\/2024\/05\/28\/mitja-ficko-10\/#primaryimage\"},\"image\":{\"@id\":\"https:\/\/liap.eu\/index.php\/de\/2024\/05\/28\/mitja-ficko-10\/#primaryimage\"},\"thumbnailUrl\":\"https:\/\/liap.eu\/wp-content\/uploads\/2024\/05\/MitjaFicko-LIA2024-scaled.jpg\",\"datePublished\":\"2024-05-28T11:24:31+00:00\",\"dateModified\":\"2024-05-29T18:55:14+00:00\",\"breadcrumb\":{\"@id\":\"https:\/\/liap.eu\/index.php\/de\/2024\/05\/28\/mitja-ficko-10\/#breadcrumb\"},\"inLanguage\":\"en-GB\",\"potentialAction\":[{\"@type\":\"ReadAction\",\"target\":[\"https:\/\/liap.eu\/index.php\/de\/2024\/05\/28\/mitja-ficko-10\/\"]}]},{\"@type\":\"ImageObject\",\"inLanguage\":\"en-GB\",\"@id\":\"https:\/\/liap.eu\/index.php\/de\/2024\/05\/28\/mitja-ficko-10\/#primaryimage\",\"url\":\"https:\/\/liap.eu\/wp-content\/uploads\/2024\/05\/MitjaFicko-LIA2024-scaled.jpg\",\"contentUrl\":\"https:\/\/liap.eu\/wp-content\/uploads\/2024\/05\/MitjaFicko-LIA2024-scaled.jpg\",\"width\":1920,\"height\":2560},{\"@type\":\"BreadcrumbList\",\"@id\":\"https:\/\/liap.eu\/index.php\/de\/2024\/05\/28\/mitja-ficko-10\/#breadcrumb\",\"itemListElement\":[{\"@type\":\"ListItem\",\"position\":1,\"name\":\"Startseite\",\"item\":\"https:\/\/liap.eu\/index.php\/de\/\"},{\"@type\":\"ListItem\",\"position\":2,\"name\":\"Mitja Ficko\"}]},{\"@type\":\"WebSite\",\"@id\":\"https:\/\/liap.eu\/#website\",\"url\":\"https:\/\/liap.eu\/\",\"name\":\"LIA - Leipzig International Art Programme\",\"description\":\"Leipzig International Art Programme\",\"publisher\":{\"@id\":\"https:\/\/liap.eu\/#organization\"},\"potentialAction\":[{\"@type\":\"SearchAction\",\"target\":{\"@type\":\"EntryPoint\",\"urlTemplate\":\"https:\/\/liap.eu\/?s={search_term_string}\"},\"query-input\":{\"@type\":\"PropertyValueSpecification\",\"valueRequired\":true,\"valueName\":\"search_term_string\"}}],\"inLanguage\":\"en-GB\"},{\"@type\":\"Organization\",\"@id\":\"https:\/\/liap.eu\/#organization\",\"name\":\"Leipzig International Art Programme\",\"url\":\"https:\/\/liap.eu\/\",\"logo\":{\"@type\":\"ImageObject\",\"inLanguage\":\"en-GB\",\"@id\":\"https:\/\/liap.eu\/#\/schema\/logo\/image\/\",\"url\":\"https:\/\/liap.eu\/wp-content\/uploads\/2021\/11\/LIAP.jpg\",\"contentUrl\":\"https:\/\/liap.eu\/wp-content\/uploads\/2021\/11\/LIAP.jpg\",\"width\":870,\"height\":140,\"caption\":\"Leipzig International Art Programme\"},\"image\":{\"@id\":\"https:\/\/liap.eu\/#\/schema\/logo\/image\/\"},\"sameAs\":[\"https:\/\/www.facebook.com\/LIAprogramme\",\"https:\/\/www.instagram.com\/lia_programme\/\",\"https:\/\/www.youtube.com\/channel\/UCVp_APjH6wtmApuu5kWgUqA\/videos\"]},{\"@type\":\"Person\",\"@id\":\"https:\/\/liap.eu\/#\/schema\/person\/6a0bff64f73ff1a6b7e1ccb7faf58204\",\"name\":\"LIA\",\"image\":{\"@type\":\"ImageObject\",\"inLanguage\":\"en-GB\",\"@id\":\"https:\/\/liap.eu\/#\/schema\/person\/image\/\",\"url\":\"https:\/\/secure.gravatar.com\/avatar\/528cc9c6a7aa20231d89b694711fbe94?s=96&d=mm&r=g\",\"contentUrl\":\"https:\/\/secure.gravatar.com\/avatar\/528cc9c6a7aa20231d89b694711fbe94?s=96&d=mm&r=g\",\"caption\":\"LIA\"},\"sameAs\":[\"https:\/\/www.facebook.com\/LIAprogramme\",\"https:\/\/www.instagram.com\/lia_programme\/\"]}]}<\/script>\n<!-- \/ Yoast SEO plugin. -->","yoast_head_json":{"title":"Mitja Ficko - LIA","robots":{"index":"index","follow":"follow","max-snippet":"max-snippet:-1","max-image-preview":"max-image-preview:large","max-video-preview":"max-video-preview:-1"},"canonical":"https:\/\/liap.eu\/index.php\/de\/2024\/05\/28\/mitja-ficko-10\/","og_locale":"en_GB","og_type":"article","og_title":"Mitja Ficko - LIA","og_description":"schloss 1999 sein Studium an der Akademie der Sch\u00f6nen K\u00fcnste in Ljubljana (ALUO) ab. Im Jahr 2002 erwarb er seinen Master an der gleichen Akademie bei Prof. Metka Kra\u0161ovec. Im Jahr 2003 gewann er den Golden Bird Award f\u00fcr seine Serie von Gem\u00e4lden mit dem Titel &#8216;Stones&#8217;. Seine Wege mit ALUO kreuzten sich 2018 erneut,&hellip;Continue readingMitja Ficko","og_url":"https:\/\/liap.eu\/index.php\/de\/2024\/05\/28\/mitja-ficko-10\/","og_site_name":"LIA","article_publisher":"https:\/\/www.facebook.com\/LIAprogramme","article_author":"https:\/\/www.facebook.com\/LIAprogramme","article_published_time":"2024-05-28T11:24:31+00:00","article_modified_time":"2024-05-29T18:55:14+00:00","og_image":[{"width":1920,"height":2560,"url":"https:\/\/liap.eu\/wp-content\/uploads\/2024\/05\/MitjaFicko-LIA2024-scaled.jpg","type":"image\/jpeg"}],"author":"LIA","twitter_card":"summary_large_image","twitter_misc":{"Written by":"LIA","Estimated reading time":"2 minutes"},"schema":{"@context":"https:\/\/schema.org","@graph":[{"@type":"Article","@id":"https:\/\/liap.eu\/index.php\/de\/2024\/05\/28\/mitja-ficko-10\/#article","isPartOf":{"@id":"https:\/\/liap.eu\/index.php\/de\/2024\/05\/28\/mitja-ficko-10\/"},"author":{"name":"LIA","@id":"https:\/\/liap.eu\/#\/schema\/person\/6a0bff64f73ff1a6b7e1ccb7faf58204"},"headline":"Mitja Ficko","datePublished":"2024-05-28T11:24:31+00:00","dateModified":"2024-05-29T18:55:14+00:00","mainEntityOfPage":{"@id":"https:\/\/liap.eu\/index.php\/de\/2024\/05\/28\/mitja-ficko-10\/"},"wordCount":451,"publisher":{"@id":"https:\/\/liap.eu\/#organization"},"image":{"@id":"https:\/\/liap.eu\/index.php\/de\/2024\/05\/28\/mitja-ficko-10\/#primaryimage"},"thumbnailUrl":"https:\/\/liap.eu\/wp-content\/uploads\/2024\/05\/MitjaFicko-LIA2024-scaled.jpg","articleSection":["K\u00fcnstler","K\u00fcnstler 2024"],"inLanguage":"en-GB"},{"@type":"WebPage","@id":"https:\/\/liap.eu\/index.php\/de\/2024\/05\/28\/mitja-ficko-10\/","url":"https:\/\/liap.eu\/index.php\/de\/2024\/05\/28\/mitja-ficko-10\/","name":"Mitja Ficko - LIA","isPartOf":{"@id":"https:\/\/liap.eu\/#website"},"primaryImageOfPage":{"@id":"https:\/\/liap.eu\/index.php\/de\/2024\/05\/28\/mitja-ficko-10\/#primaryimage"},"image":{"@id":"https:\/\/liap.eu\/index.php\/de\/2024\/05\/28\/mitja-ficko-10\/#primaryimage"},"thumbnailUrl":"https:\/\/liap.eu\/wp-content\/uploads\/2024\/05\/MitjaFicko-LIA2024-scaled.jpg","datePublished":"2024-05-28T11:24:31+00:00","dateModified":"2024-05-29T18:55:14+00:00","breadcrumb":{"@id":"https:\/\/liap.eu\/index.php\/de\/2024\/05\/28\/mitja-ficko-10\/#breadcrumb"},"inLanguage":"en-GB","potentialAction":[{"@type":"ReadAction","target":["https:\/\/liap.eu\/index.php\/de\/2024\/05\/28\/mitja-ficko-10\/"]}]},{"@type":"ImageObject","inLanguage":"en-GB","@id":"https:\/\/liap.eu\/index.php\/de\/2024\/05\/28\/mitja-ficko-10\/#primaryimage","url":"https:\/\/liap.eu\/wp-content\/uploads\/2024\/05\/MitjaFicko-LIA2024-scaled.jpg","contentUrl":"https:\/\/liap.eu\/wp-content\/uploads\/2024\/05\/MitjaFicko-LIA2024-scaled.jpg","width":1920,"height":2560},{"@type":"BreadcrumbList","@id":"https:\/\/liap.eu\/index.php\/de\/2024\/05\/28\/mitja-ficko-10\/#breadcrumb","itemListElement":[{"@type":"ListItem","position":1,"name":"Startseite","item":"https:\/\/liap.eu\/index.php\/de\/"},{"@type":"ListItem","position":2,"name":"Mitja Ficko"}]},{"@type":"WebSite","@id":"https:\/\/liap.eu\/#website","url":"https:\/\/liap.eu\/","name":"LIA - Leipzig International Art Programme","description":"Leipzig International Art Programme","publisher":{"@id":"https:\/\/liap.eu\/#organization"},"potentialAction":[{"@type":"SearchAction","target":{"@type":"EntryPoint","urlTemplate":"https:\/\/liap.eu\/?s={search_term_string}"},"query-input":{"@type":"PropertyValueSpecification","valueRequired":true,"valueName":"search_term_string"}}],"inLanguage":"en-GB"},{"@type":"Organization","@id":"https:\/\/liap.eu\/#organization","name":"Leipzig International Art Programme","url":"https:\/\/liap.eu\/","logo":{"@type":"ImageObject","inLanguage":"en-GB","@id":"https:\/\/liap.eu\/#\/schema\/logo\/image\/","url":"https:\/\/liap.eu\/wp-content\/uploads\/2021\/11\/LIAP.jpg","contentUrl":"https:\/\/liap.eu\/wp-content\/uploads\/2021\/11\/LIAP.jpg","width":870,"height":140,"caption":"Leipzig International Art Programme"},"image":{"@id":"https:\/\/liap.eu\/#\/schema\/logo\/image\/"},"sameAs":["https:\/\/www.facebook.com\/LIAprogramme","https:\/\/www.instagram.com\/lia_programme\/","https:\/\/www.youtube.com\/channel\/UCVp_APjH6wtmApuu5kWgUqA\/videos"]},{"@type":"Person","@id":"https:\/\/liap.eu\/#\/schema\/person\/6a0bff64f73ff1a6b7e1ccb7faf58204","name":"LIA","image":{"@type":"ImageObject","inLanguage":"en-GB","@id":"https:\/\/liap.eu\/#\/schema\/person\/image\/","url":"https:\/\/secure.gravatar.com\/avatar\/528cc9c6a7aa20231d89b694711fbe94?s=96&d=mm&r=g","contentUrl":"https:\/\/secure.gravatar.com\/avatar\/528cc9c6a7aa20231d89b694711fbe94?s=96&d=mm&r=g","caption":"LIA"},"sameAs":["https:\/\/www.facebook.com\/LIAprogramme","https:\/\/www.instagram.com\/lia_programme\/"]}]}},"uagb_featured_image_src":{"full":["https:\/\/liap.eu\/wp-content\/uploads\/2024\/05\/MitjaFicko-LIA2024-scaled.jpg",1920,2560,false],"thumbnail":["https:\/\/liap.eu\/wp-content\/uploads\/2024\/05\/MitjaFicko-LIA2024-scaled.jpg",72,96,false],"medium":["https:\/\/liap.eu\/wp-content\/uploads\/2024\/05\/MitjaFicko-LIA2024-scaled.jpg",1920,2560,false],"medium_large":["https:\/\/liap.eu\/wp-content\/uploads\/2024\/05\/MitjaFicko-LIA2024-768x1024.jpg",768,1024,true],"large":["https:\/\/liap.eu\/wp-content\/uploads\/2024\/05\/MitjaFicko-LIA2024-scaled.jpg",1920,2560,false],"1536x1536":["https:\/\/liap.eu\/wp-content\/uploads\/2024\/05\/MitjaFicko-LIA2024-1152x1536.jpg",1152,1536,true],"2048x2048":["https:\/\/liap.eu\/wp-content\/uploads\/2024\/05\/MitjaFicko-LIA2024-1536x2048.jpg",1536,2048,true],"post-thumbnail":["https:\/\/liap.eu\/wp-content\/uploads\/2024\/05\/MitjaFicko-LIA2024-1200x1600.jpg",1200,1600,true],"twentytwenty-fullscreen":["https:\/\/liap.eu\/wp-content\/uploads\/2024\/05\/MitjaFicko-LIA2024-1980x2640.jpg",1980,2640,true]},"uagb_author_info":{"display_name":"LIA","author_link":"https:\/\/liap.eu\/index.php\/author\/bierau\/"},"uagb_comment_info":0,"uagb_excerpt":"schloss 1999 sein Studium an der Akademie der Sch\u00f6nen K\u00fcnste in Ljubljana (ALUO) ab. Im Jahr 2002 erwarb er seinen Master an der gleichen Akademie bei Prof. Metka Kra\u0161ovec. Im Jahr 2003 gewann er den Golden Bird Award f\u00fcr seine Serie von Gem\u00e4lden mit dem Titel &#8216;Stones&#8217;. Seine Wege mit ALUO kreuzten sich 2018 erneut,&hellip;Continue&hellip;","_links":{"self":[{"href":"https:\/\/liap.eu\/index.php\/wp-json\/wp\/v2\/posts\/10998"}],"collection":[{"href":"https:\/\/liap.eu\/index.php\/wp-json\/wp\/v2\/posts"}],"about":[{"href":"https:\/\/liap.eu\/index.php\/wp-json\/wp\/v2\/types\/post"}],"author":[{"embeddable":true,"href":"https:\/\/liap.eu\/index.php\/wp-json\/wp\/v2\/users\/4"}],"replies":[{"embeddable":true,"href":"https:\/\/liap.eu\/index.php\/wp-json\/wp\/v2\/comments?post=10998"}],"version-history":[{"count":7,"href":"https:\/\/liap.eu\/index.php\/wp-json\/wp\/v2\/posts\/10998\/revisions"}],"predecessor-version":[{"id":11009,"href":"https:\/\/liap.eu\/index.php\/wp-json\/wp\/v2\/posts\/10998\/revisions\/11009"}],"wp:featuredmedia":[{"embeddable":true,"href":"https:\/\/liap.eu\/index.php\/wp-json\/wp\/v2\/media\/10991"}],"wp:attachment":[{"href":"https:\/\/liap.eu\/index.php\/wp-json\/wp\/v2\/media?parent=10998"}],"wp:term":[{"taxonomy":"category","embeddable":true,"href":"https:\/\/liap.eu\/index.php\/wp-json\/wp\/v2\/categories?post=10998"},{"taxonomy":"post_tag","embeddable":true,"href":"https:\/\/liap.eu\/index.php\/wp-json\/wp\/v2\/tags?post=10998"}],"curies":[{"name":"wp","href":"https:\/\/api.w.org\/{rel}","templated":true}]}}