{"id":11165,"date":"2024-08-06T10:46:29","date_gmt":"2024-08-06T08:46:29","guid":{"rendered":"https:\/\/liap.eu\/?p=11165"},"modified":"2024-08-06T10:46:30","modified_gmt":"2024-08-06T08:46:30","slug":"elechi-todd-2","status":"publish","type":"post","link":"https:\/\/liap.eu\/index.php\/de\/2024\/08\/06\/elechi-todd-2\/","title":{"rendered":"Elechi Todd"},"content":{"rendered":"\n<p><strong>Zeitraum: <\/strong>August &#8211; Oktober &#8217;24<\/p>\n\n\n\n<p>&#8220;Ich betrachte meine Arbeit als einen Prozess der Erforschung der komplexen Beziehungen zwischen unserer heutigen Gesellschaft, der karibischen Geschichte, Kultur, Spiritualit\u00e4t und Politik und was dies \u00fcber die karibische Identit\u00e4t aussagen k\u00f6nnte. Durch den Einsatz von Malerei, Collage, Fotografie und Video versuche ich, Bilder zu schaffen, die sich mit der Art und Weise befassen, wie sich diese verschiedenen Elemente \u00fcberschneiden, \u00fcberlagern und gegenseitig unterbrechen.&#8221;<\/p>\n\n\n\n<figure class=\"wp-block-image aligncenter size-full is-resized\"><img loading=\"lazy\" decoding=\"async\" width=\"1791\" height=\"2560\" src=\"https:\/\/liap.eu\/wp-content\/uploads\/2024\/08\/DCS_7163-copy-3-scaled.jpg\" alt=\"\" class=\"wp-image-11166\" style=\"width:591px;height:auto\" srcset=\"https:\/\/liap.eu\/wp-content\/uploads\/2024\/08\/DCS_7163-copy-3-scaled.jpg 1791w, https:\/\/liap.eu\/wp-content\/uploads\/2024\/08\/DCS_7163-copy-3-768x1098.jpg 768w, https:\/\/liap.eu\/wp-content\/uploads\/2024\/08\/DCS_7163-copy-3-1075x1536.jpg 1075w, https:\/\/liap.eu\/wp-content\/uploads\/2024\/08\/DCS_7163-copy-3-1433x2048.jpg 1433w, https:\/\/liap.eu\/wp-content\/uploads\/2024\/08\/DCS_7163-copy-3-1200x1715.jpg 1200w, https:\/\/liap.eu\/wp-content\/uploads\/2024\/08\/DCS_7163-copy-3-1980x2829.jpg 1980w\" sizes=\"(max-width: 1791px) 100vw, 1791px\" \/><\/figure>\n\n\n\n<p><strong>Project partner:<\/strong><\/p>\n\n\n\n<figure class=\"wp-block-image size-full is-resized\"><img loading=\"lazy\" decoding=\"async\" width=\"1024\" height=\"352\" src=\"https:\/\/liap.eu\/wp-content\/uploads\/2024\/08\/Captura-de-pantalla-2024-08-06-a-las-10.30.53-4.png\" alt=\"\" class=\"wp-image-11167\" style=\"width:372px;height:auto\" srcset=\"https:\/\/liap.eu\/wp-content\/uploads\/2024\/08\/Captura-de-pantalla-2024-08-06-a-las-10.30.53-4.png 1024w, https:\/\/liap.eu\/wp-content\/uploads\/2024\/08\/Captura-de-pantalla-2024-08-06-a-las-10.30.53-4-768x264.png 768w\" sizes=\"(max-width: 1024px) 100vw, 1024px\" \/><\/figure>\n\n\n\n<p><\/p>\n","protected":false},"excerpt":{"rendered":"<p>Zeitraum: August &#8211; Oktober &#8217;24 &#8220;Ich betrachte meine Arbeit als einen Prozess der Erforschung der komplexen Beziehungen zwischen unserer heutigen Gesellschaft, der karibischen Geschichte, Kultur, Spiritualit\u00e4t und Politik und was dies \u00fcber die karibische Identit\u00e4t aussagen k\u00f6nnte. Durch den Einsatz von Malerei, Collage, Fotografie und Video versuche ich, Bilder zu schaffen, die sich mit der&hellip;<a href=\"https:\/\/liap.eu\/index.php\/de\/2024\/08\/06\/elechi-todd-2\/\" class=\"more-link\"><span>Continue reading<\/span><span class=\"screen-reader-text\">Elechi Todd<\/span><\/a><\/p>\n","protected":false},"author":4,"featured_media":11163,"comment_status":"closed","ping_status":"closed","sticky":false,"template":"templates\/template-full-width.php","format":"standard","meta":{"om_disable_all_campaigns":false,"_uag_custom_page_level_css":"","footnotes":""},"categories":[32],"tags":[],"class_list":["post-11165","post","type-post","status-publish","format-standard","has-post-thumbnail","hentry","category-archiv","tw-meta-no-icon"],"yoast_head":"<!-- This site is optimized with the Yoast SEO plugin v25.6 - https:\/\/yoast.com\/wordpress\/plugins\/seo\/ -->\n<title>Elechi Todd - LIA<\/title>\n<meta name=\"robots\" content=\"index, follow, max-snippet:-1, max-image-preview:large, max-video-preview:-1\" \/>\n<link rel=\"canonical\" href=\"https:\/\/liap.eu\/index.php\/de\/2024\/08\/06\/elechi-todd-2\/\" \/>\n<meta property=\"og:locale\" content=\"en_GB\" \/>\n<meta property=\"og:type\" content=\"article\" \/>\n<meta property=\"og:title\" content=\"Elechi Todd - LIA\" \/>\n<meta property=\"og:description\" content=\"Zeitraum: August &#8211; Oktober &#8217;24 &#8220;Ich betrachte meine Arbeit als einen Prozess der Erforschung der komplexen Beziehungen zwischen unserer heutigen Gesellschaft, der karibischen Geschichte, Kultur, Spiritualit\u00e4t und Politik und was dies \u00fcber die karibische Identit\u00e4t aussagen k\u00f6nnte. Durch den Einsatz von Malerei, Collage, Fotografie und Video versuche ich, Bilder zu schaffen, die sich mit der&hellip;Continue readingElechi Todd\" \/>\n<meta property=\"og:url\" content=\"https:\/\/liap.eu\/index.php\/de\/2024\/08\/06\/elechi-todd-2\/\" \/>\n<meta property=\"og:site_name\" content=\"LIA\" \/>\n<meta property=\"article:publisher\" content=\"https:\/\/www.facebook.com\/LIAprogramme\" \/>\n<meta property=\"article:author\" content=\"https:\/\/www.facebook.com\/LIAprogramme\" \/>\n<meta property=\"article:published_time\" content=\"2024-08-06T08:46:29+00:00\" \/>\n<meta property=\"article:modified_time\" content=\"2024-08-06T08:46:30+00:00\" \/>\n<meta property=\"og:image\" content=\"https:\/\/liap.eu\/wp-content\/uploads\/2024\/08\/DSC03081-scaled.jpg\" \/>\n\t<meta property=\"og:image:width\" content=\"2560\" \/>\n\t<meta property=\"og:image:height\" content=\"1710\" \/>\n\t<meta property=\"og:image:type\" content=\"image\/jpeg\" \/>\n<meta name=\"author\" content=\"LIA\" \/>\n<meta name=\"twitter:card\" content=\"summary_large_image\" \/>\n<meta name=\"twitter:label1\" content=\"Written by\" \/>\n\t<meta name=\"twitter:data1\" content=\"LIA\" \/>\n\t<meta name=\"twitter:label2\" content=\"Estimated reading time\" \/>\n\t<meta name=\"twitter:data2\" content=\"1 minute\" \/>\n<script type=\"application\/ld+json\" class=\"yoast-schema-graph\">{\"@context\":\"https:\/\/schema.org\",\"@graph\":[{\"@type\":\"Article\",\"@id\":\"https:\/\/liap.eu\/index.php\/de\/2024\/08\/06\/elechi-todd-2\/#article\",\"isPartOf\":{\"@id\":\"https:\/\/liap.eu\/index.php\/de\/2024\/08\/06\/elechi-todd-2\/\"},\"author\":{\"name\":\"LIA\",\"@id\":\"https:\/\/liap.eu\/#\/schema\/person\/6a0bff64f73ff1a6b7e1ccb7faf58204\"},\"headline\":\"Elechi Todd\",\"datePublished\":\"2024-08-06T08:46:29+00:00\",\"dateModified\":\"2024-08-06T08:46:30+00:00\",\"mainEntityOfPage\":{\"@id\":\"https:\/\/liap.eu\/index.php\/de\/2024\/08\/06\/elechi-todd-2\/\"},\"wordCount\":76,\"publisher\":{\"@id\":\"https:\/\/liap.eu\/#organization\"},\"image\":{\"@id\":\"https:\/\/liap.eu\/index.php\/de\/2024\/08\/06\/elechi-todd-2\/#primaryimage\"},\"thumbnailUrl\":\"https:\/\/liap.eu\/wp-content\/uploads\/2024\/08\/DSC03081-scaled.jpg\",\"articleSection\":[\"Archiv\"],\"inLanguage\":\"en-GB\"},{\"@type\":\"WebPage\",\"@id\":\"https:\/\/liap.eu\/index.php\/de\/2024\/08\/06\/elechi-todd-2\/\",\"url\":\"https:\/\/liap.eu\/index.php\/de\/2024\/08\/06\/elechi-todd-2\/\",\"name\":\"Elechi Todd - LIA\",\"isPartOf\":{\"@id\":\"https:\/\/liap.eu\/#website\"},\"primaryImageOfPage\":{\"@id\":\"https:\/\/liap.eu\/index.php\/de\/2024\/08\/06\/elechi-todd-2\/#primaryimage\"},\"image\":{\"@id\":\"https:\/\/liap.eu\/index.php\/de\/2024\/08\/06\/elechi-todd-2\/#primaryimage\"},\"thumbnailUrl\":\"https:\/\/liap.eu\/wp-content\/uploads\/2024\/08\/DSC03081-scaled.jpg\",\"datePublished\":\"2024-08-06T08:46:29+00:00\",\"dateModified\":\"2024-08-06T08:46:30+00:00\",\"breadcrumb\":{\"@id\":\"https:\/\/liap.eu\/index.php\/de\/2024\/08\/06\/elechi-todd-2\/#breadcrumb\"},\"inLanguage\":\"en-GB\",\"potentialAction\":[{\"@type\":\"ReadAction\",\"target\":[\"https:\/\/liap.eu\/index.php\/de\/2024\/08\/06\/elechi-todd-2\/\"]}]},{\"@type\":\"ImageObject\",\"inLanguage\":\"en-GB\",\"@id\":\"https:\/\/liap.eu\/index.php\/de\/2024\/08\/06\/elechi-todd-2\/#primaryimage\",\"url\":\"https:\/\/liap.eu\/wp-content\/uploads\/2024\/08\/DSC03081-scaled.jpg\",\"contentUrl\":\"https:\/\/liap.eu\/wp-content\/uploads\/2024\/08\/DSC03081-scaled.jpg\",\"width\":2560,\"height\":1710},{\"@type\":\"BreadcrumbList\",\"@id\":\"https:\/\/liap.eu\/index.php\/de\/2024\/08\/06\/elechi-todd-2\/#breadcrumb\",\"itemListElement\":[{\"@type\":\"ListItem\",\"position\":1,\"name\":\"Startseite\",\"item\":\"https:\/\/liap.eu\/index.php\/de\/\"},{\"@type\":\"ListItem\",\"position\":2,\"name\":\"Elechi Todd\"}]},{\"@type\":\"WebSite\",\"@id\":\"https:\/\/liap.eu\/#website\",\"url\":\"https:\/\/liap.eu\/\",\"name\":\"LIA - Leipzig International Art Programme\",\"description\":\"Leipzig International Art Programme\",\"publisher\":{\"@id\":\"https:\/\/liap.eu\/#organization\"},\"potentialAction\":[{\"@type\":\"SearchAction\",\"target\":{\"@type\":\"EntryPoint\",\"urlTemplate\":\"https:\/\/liap.eu\/?s={search_term_string}\"},\"query-input\":{\"@type\":\"PropertyValueSpecification\",\"valueRequired\":true,\"valueName\":\"search_term_string\"}}],\"inLanguage\":\"en-GB\"},{\"@type\":\"Organization\",\"@id\":\"https:\/\/liap.eu\/#organization\",\"name\":\"Leipzig International Art Programme\",\"url\":\"https:\/\/liap.eu\/\",\"logo\":{\"@type\":\"ImageObject\",\"inLanguage\":\"en-GB\",\"@id\":\"https:\/\/liap.eu\/#\/schema\/logo\/image\/\",\"url\":\"https:\/\/liap.eu\/wp-content\/uploads\/2021\/11\/LIAP.jpg\",\"contentUrl\":\"https:\/\/liap.eu\/wp-content\/uploads\/2021\/11\/LIAP.jpg\",\"width\":870,\"height\":140,\"caption\":\"Leipzig International Art Programme\"},\"image\":{\"@id\":\"https:\/\/liap.eu\/#\/schema\/logo\/image\/\"},\"sameAs\":[\"https:\/\/www.facebook.com\/LIAprogramme\",\"https:\/\/www.instagram.com\/lia_programme\/\",\"https:\/\/www.youtube.com\/channel\/UCVp_APjH6wtmApuu5kWgUqA\/videos\"]},{\"@type\":\"Person\",\"@id\":\"https:\/\/liap.eu\/#\/schema\/person\/6a0bff64f73ff1a6b7e1ccb7faf58204\",\"name\":\"LIA\",\"image\":{\"@type\":\"ImageObject\",\"inLanguage\":\"en-GB\",\"@id\":\"https:\/\/liap.eu\/#\/schema\/person\/image\/\",\"url\":\"https:\/\/secure.gravatar.com\/avatar\/528cc9c6a7aa20231d89b694711fbe94?s=96&d=mm&r=g\",\"contentUrl\":\"https:\/\/secure.gravatar.com\/avatar\/528cc9c6a7aa20231d89b694711fbe94?s=96&d=mm&r=g\",\"caption\":\"LIA\"},\"sameAs\":[\"https:\/\/www.facebook.com\/LIAprogramme\",\"https:\/\/www.instagram.com\/lia_programme\/\"]}]}<\/script>\n<!-- \/ Yoast SEO plugin. -->","yoast_head_json":{"title":"Elechi Todd - LIA","robots":{"index":"index","follow":"follow","max-snippet":"max-snippet:-1","max-image-preview":"max-image-preview:large","max-video-preview":"max-video-preview:-1"},"canonical":"https:\/\/liap.eu\/index.php\/de\/2024\/08\/06\/elechi-todd-2\/","og_locale":"en_GB","og_type":"article","og_title":"Elechi Todd - LIA","og_description":"Zeitraum: August &#8211; Oktober &#8217;24 &#8220;Ich betrachte meine Arbeit als einen Prozess der Erforschung der komplexen Beziehungen zwischen unserer heutigen Gesellschaft, der karibischen Geschichte, Kultur, Spiritualit\u00e4t und Politik und was dies \u00fcber die karibische Identit\u00e4t aussagen k\u00f6nnte. Durch den Einsatz von Malerei, Collage, Fotografie und Video versuche ich, Bilder zu schaffen, die sich mit der&hellip;Continue readingElechi Todd","og_url":"https:\/\/liap.eu\/index.php\/de\/2024\/08\/06\/elechi-todd-2\/","og_site_name":"LIA","article_publisher":"https:\/\/www.facebook.com\/LIAprogramme","article_author":"https:\/\/www.facebook.com\/LIAprogramme","article_published_time":"2024-08-06T08:46:29+00:00","article_modified_time":"2024-08-06T08:46:30+00:00","og_image":[{"url":"https:\/\/liap.eu\/wp-content\/uploads\/2024\/08\/DSC03081-scaled.jpg","width":2560,"height":1710,"type":"image\/jpeg"}],"author":"LIA","twitter_card":"summary_large_image","twitter_misc":{"Written by":"LIA","Estimated reading time":"1 minute"},"schema":{"@context":"https:\/\/schema.org","@graph":[{"@type":"Article","@id":"https:\/\/liap.eu\/index.php\/de\/2024\/08\/06\/elechi-todd-2\/#article","isPartOf":{"@id":"https:\/\/liap.eu\/index.php\/de\/2024\/08\/06\/elechi-todd-2\/"},"author":{"name":"LIA","@id":"https:\/\/liap.eu\/#\/schema\/person\/6a0bff64f73ff1a6b7e1ccb7faf58204"},"headline":"Elechi Todd","datePublished":"2024-08-06T08:46:29+00:00","dateModified":"2024-08-06T08:46:30+00:00","mainEntityOfPage":{"@id":"https:\/\/liap.eu\/index.php\/de\/2024\/08\/06\/elechi-todd-2\/"},"wordCount":76,"publisher":{"@id":"https:\/\/liap.eu\/#organization"},"image":{"@id":"https:\/\/liap.eu\/index.php\/de\/2024\/08\/06\/elechi-todd-2\/#primaryimage"},"thumbnailUrl":"https:\/\/liap.eu\/wp-content\/uploads\/2024\/08\/DSC03081-scaled.jpg","articleSection":["Archiv"],"inLanguage":"en-GB"},{"@type":"WebPage","@id":"https:\/\/liap.eu\/index.php\/de\/2024\/08\/06\/elechi-todd-2\/","url":"https:\/\/liap.eu\/index.php\/de\/2024\/08\/06\/elechi-todd-2\/","name":"Elechi Todd - LIA","isPartOf":{"@id":"https:\/\/liap.eu\/#website"},"primaryImageOfPage":{"@id":"https:\/\/liap.eu\/index.php\/de\/2024\/08\/06\/elechi-todd-2\/#primaryimage"},"image":{"@id":"https:\/\/liap.eu\/index.php\/de\/2024\/08\/06\/elechi-todd-2\/#primaryimage"},"thumbnailUrl":"https:\/\/liap.eu\/wp-content\/uploads\/2024\/08\/DSC03081-scaled.jpg","datePublished":"2024-08-06T08:46:29+00:00","dateModified":"2024-08-06T08:46:30+00:00","breadcrumb":{"@id":"https:\/\/liap.eu\/index.php\/de\/2024\/08\/06\/elechi-todd-2\/#breadcrumb"},"inLanguage":"en-GB","potentialAction":[{"@type":"ReadAction","target":["https:\/\/liap.eu\/index.php\/de\/2024\/08\/06\/elechi-todd-2\/"]}]},{"@type":"ImageObject","inLanguage":"en-GB","@id":"https:\/\/liap.eu\/index.php\/de\/2024\/08\/06\/elechi-todd-2\/#primaryimage","url":"https:\/\/liap.eu\/wp-content\/uploads\/2024\/08\/DSC03081-scaled.jpg","contentUrl":"https:\/\/liap.eu\/wp-content\/uploads\/2024\/08\/DSC03081-scaled.jpg","width":2560,"height":1710},{"@type":"BreadcrumbList","@id":"https:\/\/liap.eu\/index.php\/de\/2024\/08\/06\/elechi-todd-2\/#breadcrumb","itemListElement":[{"@type":"ListItem","position":1,"name":"Startseite","item":"https:\/\/liap.eu\/index.php\/de\/"},{"@type":"ListItem","position":2,"name":"Elechi Todd"}]},{"@type":"WebSite","@id":"https:\/\/liap.eu\/#website","url":"https:\/\/liap.eu\/","name":"LIA - Leipzig International Art Programme","description":"Leipzig International Art Programme","publisher":{"@id":"https:\/\/liap.eu\/#organization"},"potentialAction":[{"@type":"SearchAction","target":{"@type":"EntryPoint","urlTemplate":"https:\/\/liap.eu\/?s={search_term_string}"},"query-input":{"@type":"PropertyValueSpecification","valueRequired":true,"valueName":"search_term_string"}}],"inLanguage":"en-GB"},{"@type":"Organization","@id":"https:\/\/liap.eu\/#organization","name":"Leipzig International Art Programme","url":"https:\/\/liap.eu\/","logo":{"@type":"ImageObject","inLanguage":"en-GB","@id":"https:\/\/liap.eu\/#\/schema\/logo\/image\/","url":"https:\/\/liap.eu\/wp-content\/uploads\/2021\/11\/LIAP.jpg","contentUrl":"https:\/\/liap.eu\/wp-content\/uploads\/2021\/11\/LIAP.jpg","width":870,"height":140,"caption":"Leipzig International Art Programme"},"image":{"@id":"https:\/\/liap.eu\/#\/schema\/logo\/image\/"},"sameAs":["https:\/\/www.facebook.com\/LIAprogramme","https:\/\/www.instagram.com\/lia_programme\/","https:\/\/www.youtube.com\/channel\/UCVp_APjH6wtmApuu5kWgUqA\/videos"]},{"@type":"Person","@id":"https:\/\/liap.eu\/#\/schema\/person\/6a0bff64f73ff1a6b7e1ccb7faf58204","name":"LIA","image":{"@type":"ImageObject","inLanguage":"en-GB","@id":"https:\/\/liap.eu\/#\/schema\/person\/image\/","url":"https:\/\/secure.gravatar.com\/avatar\/528cc9c6a7aa20231d89b694711fbe94?s=96&d=mm&r=g","contentUrl":"https:\/\/secure.gravatar.com\/avatar\/528cc9c6a7aa20231d89b694711fbe94?s=96&d=mm&r=g","caption":"LIA"},"sameAs":["https:\/\/www.facebook.com\/LIAprogramme","https:\/\/www.instagram.com\/lia_programme\/"]}]}},"uagb_featured_image_src":{"full":["https:\/\/liap.eu\/wp-content\/uploads\/2024\/08\/DSC03081-scaled.jpg",2560,1710,false],"thumbnail":["https:\/\/liap.eu\/wp-content\/uploads\/2024\/08\/DSC03081-scaled.jpg",128,86,false],"medium":["https:\/\/liap.eu\/wp-content\/uploads\/2024\/08\/DSC03081-scaled.jpg",2560,1710,false],"medium_large":["https:\/\/liap.eu\/wp-content\/uploads\/2024\/08\/DSC03081-768x513.jpg",768,513,true],"large":["https:\/\/liap.eu\/wp-content\/uploads\/2024\/08\/DSC03081-scaled.jpg",2560,1710,false],"1536x1536":["https:\/\/liap.eu\/wp-content\/uploads\/2024\/08\/DSC03081-1536x1026.jpg",1536,1026,true],"2048x2048":["https:\/\/liap.eu\/wp-content\/uploads\/2024\/08\/DSC03081-2048x1368.jpg",2048,1368,true],"post-thumbnail":["https:\/\/liap.eu\/wp-content\/uploads\/2024\/08\/DSC03081-1200x802.jpg",1200,802,true],"twentytwenty-fullscreen":["https:\/\/liap.eu\/wp-content\/uploads\/2024\/08\/DSC03081-1980x1323.jpg",1980,1323,true]},"uagb_author_info":{"display_name":"LIA","author_link":"https:\/\/liap.eu\/index.php\/author\/bierau\/"},"uagb_comment_info":0,"uagb_excerpt":"Zeitraum: August &#8211; Oktober &#8217;24 &#8220;Ich betrachte meine Arbeit als einen Prozess der Erforschung der komplexen Beziehungen zwischen unserer heutigen Gesellschaft, der karibischen Geschichte, Kultur, Spiritualit\u00e4t und Politik und was dies \u00fcber die karibische Identit\u00e4t aussagen k\u00f6nnte. Durch den Einsatz von Malerei, Collage, Fotografie und Video versuche ich, Bilder zu schaffen, die sich mit der&hellip;Continue&hellip;","_links":{"self":[{"href":"https:\/\/liap.eu\/index.php\/wp-json\/wp\/v2\/posts\/11165"}],"collection":[{"href":"https:\/\/liap.eu\/index.php\/wp-json\/wp\/v2\/posts"}],"about":[{"href":"https:\/\/liap.eu\/index.php\/wp-json\/wp\/v2\/types\/post"}],"author":[{"embeddable":true,"href":"https:\/\/liap.eu\/index.php\/wp-json\/wp\/v2\/users\/4"}],"replies":[{"embeddable":true,"href":"https:\/\/liap.eu\/index.php\/wp-json\/wp\/v2\/comments?post=11165"}],"version-history":[{"count":1,"href":"https:\/\/liap.eu\/index.php\/wp-json\/wp\/v2\/posts\/11165\/revisions"}],"predecessor-version":[{"id":11168,"href":"https:\/\/liap.eu\/index.php\/wp-json\/wp\/v2\/posts\/11165\/revisions\/11168"}],"wp:featuredmedia":[{"embeddable":true,"href":"https:\/\/liap.eu\/index.php\/wp-json\/wp\/v2\/media\/11163"}],"wp:attachment":[{"href":"https:\/\/liap.eu\/index.php\/wp-json\/wp\/v2\/media?parent=11165"}],"wp:term":[{"taxonomy":"category","embeddable":true,"href":"https:\/\/liap.eu\/index.php\/wp-json\/wp\/v2\/categories?post=11165"},{"taxonomy":"post_tag","embeddable":true,"href":"https:\/\/liap.eu\/index.php\/wp-json\/wp\/v2\/tags?post=11165"}],"curies":[{"name":"wp","href":"https:\/\/api.w.org\/{rel}","templated":true}]}}