{"id":1161,"date":"2017-03-24T13:19:57","date_gmt":"2017-03-24T12:19:57","guid":{"rendered":"http:\/\/liap.eu\/?p=1161"},"modified":"2017-03-24T13:24:18","modified_gmt":"2017-03-24T12:24:18","slug":"sifa-girinci","status":"publish","type":"post","link":"https:\/\/liap.eu\/index.php\/de\/2017\/03\/24\/sifa-girinci\/","title":{"rendered":"Sifa Girinci"},"content":{"rendered":"<p><a href=\"http:\/\/liap.eu\/wp-content\/uploads\/2017\/03\/Sifa-Girinci.gif\"><img loading=\"lazy\" decoding=\"async\" class=\"alignleft size-medium wp-image-1162\" src=\"http:\/\/liap.eu\/wp-content\/uploads\/2017\/03\/Sifa-Girinci-199x300.gif\" alt=\"\" width=\"199\" height=\"300\" srcset=\"https:\/\/liap.eu\/wp-content\/uploads\/2017\/03\/Sifa-Girinci-199x300.gif 199w, https:\/\/liap.eu\/wp-content\/uploads\/2017\/03\/Sifa-Girinci-680x1024.gif 680w\" sizes=\"(max-width: 199px) 100vw, 199px\" \/><\/a>born in 1985 in Turkey. She attended Mugla Anatolian Fine Arts High School in 1999. After that she graduated from Anadolu University Education Faculty, Painting Master Department to wich she attended in 2003. Immediately after she went to England. She has benn giving figure lectures since 2009 in her workshops in Antalya and at the same time she is carrying on her own studies.<\/p>\n<p>We can consider the representation problem to which \u015eifa focused on in her studies like that: Communication technology age in which we are in seems to capture the human being\u2019s privacy and embarrassment. With the effect of growing social network sites, in the past individuals used to expose just \u00a0their faces and now they are exposing their bodies freely. It is not known for sure whether it\u2019s because the images\u2019 being more superficial more than any century but humankind has never before been so exhibitionist in this world to which he became naked,in other words we can say that he hasn\u2019t lived through such a term in which he gave rein to turn into an image.<\/p>\n<p>In the process which she began by reflecting some troubled states of human, the thing she realized later on is how human being exposes his most private moments? In their portraits on which they have diaries that no one can read, writing and the meaning cannot show itself and that drags the portraits into a dilemma. Other than that; writing in that point beyond the portrait\u2019s convenience to form only visually, is in the quality that challenges against ill luck of the picture and the image which generates it. Namely, the matter that the writing used on the portrait has another deepness rather than formal superficiality is an opposite position to today\u2019s image.<\/p>\n<p>Later, the written portraits of well-known and unknown people she handled, was composed to catch the deepness mentioned and to regain the anxiety of recovering the lost embarrassment. Eventually, that era in which we face simulacrum density and technology which makes it superficial at the same time brings about a representation problem. Studies in this sense appear as an approach expressive to representation problem.<\/p>\n<p><strong>Personal Exhibitions<\/strong><br \/>\n2005\u00a011-18 April \u00a0Gallery of Anadolu University, Eski\u015fehir, Turkey<\/p>\n<p>2007\u00a020-25 April \u00a0Gallery of Haller Gen\u00e7lik Merkezi, Eski\u015fehir, Turkey<\/p>\n<p><strong>Mixed Exhibitions<\/strong><br \/>\n2005 Turgut Pura Sculptor Competition, \u0130zmir, Turkey<\/p>\n<p>2006 Turgut Pura Painting Competition, \u0130zmir, Turkey<\/p>\n<p>2006\u00a0S\u00fct\u00e7\u00fc \u0130mam University Painting Competition, Kahramanmara\u015f, Turkey<\/p>\n<p>2006 International Modern Arts Festival, Kapadokya,Turkey<\/p>\n<p>2007 Mixed Painting Exhibition \u2013 Gallery of Haller Gen\u00e7lik Merkezi, Eski\u015fehir, Turkey<\/p>\n<p>2007 Mixed Painting Exhibition \u2013 Gallery of Museum, Mu\u011fla, Turkey<\/p>\n<p>2008 Portrait Exhibition \u2013 Brooklands Library, Weybridge, London, England<\/p>\n<p>2011 The District Festival of Kruezberg, Berlin, Germany<\/p>\n<p>2011 \u201cInformationists\u201d, Mixed Painting Exhibition, ArtPark Gallery, Antalya, Turkey<\/p>\n<p><strong>Relevant Experience<\/strong><br \/>\n2006 Attended as an Artist at International Modern Arts Festival, Kapadokya,Turkey<\/p>\n<p>2007 Worked as an Art and Craft Teacher at the Educational Volunteers, Eski\u015fehir, TURKEY<\/p>\n<p>2008-present Worked as an Drawing Teacher at self studio, Antalya, TURKEY<\/p>\n<p><strong>Education<\/strong><br \/>\n1999-2003 Fine Art High School, Mu\u011fla, TURKEY<\/p>\n<p>2003-2007 Education Faculty, Fine Art Education and Painting Master Department at Anadolu University, Eski\u015fehir, TURKEY<\/p>\n<p><strong>Information<\/strong><br \/>\n<a href=\"mailto:sifart@hotmail.com\">sifart@hotmail.com<\/a><br \/>\n<a href=\"http:\/\/www.sifagirinci.com\" target=\"_blank\">www.sifagirinci.com<\/a><\/p>\n","protected":false},"excerpt":{"rendered":"<p>born in 1985 in Turkey. She attended Mugla Anatolian Fine Arts High School in 1999. After that she graduated from Anadolu University Education Faculty, Painting Master Department to wich she attended in 2003. Immediately after she went to England. She has benn giving figure lectures since 2009 in her workshops in Antalya and at the&hellip;<a href=\"https:\/\/liap.eu\/index.php\/de\/2017\/03\/24\/sifa-girinci\/\" class=\"more-link\"><span>Continue reading<\/span><span class=\"screen-reader-text\">Sifa Girinci<\/span><\/a><\/p>\n","protected":false},"author":3,"featured_media":1162,"comment_status":"closed","ping_status":"closed","sticky":false,"template":"templates\/template-full-width.php","format":"standard","meta":{"om_disable_all_campaigns":false,"_uag_custom_page_level_css":"","footnotes":""},"categories":[115],"tags":[],"class_list":["post-1161","post","type-post","status-publish","format-standard","has-post-thumbnail","hentry","category-kuenstler-2012","tw-meta-no-icon"],"yoast_head":"<!-- This site is optimized with the Yoast SEO plugin v25.6 - https:\/\/yoast.com\/wordpress\/plugins\/seo\/ -->\n<title>Sifa Girinci - LIA<\/title>\n<meta name=\"robots\" content=\"index, follow, max-snippet:-1, max-image-preview:large, max-video-preview:-1\" \/>\n<link rel=\"canonical\" href=\"https:\/\/liap.eu\/index.php\/de\/2017\/03\/24\/sifa-girinci\/\" \/>\n<meta property=\"og:locale\" content=\"en_GB\" \/>\n<meta property=\"og:type\" content=\"article\" \/>\n<meta property=\"og:title\" content=\"Sifa Girinci - LIA\" \/>\n<meta property=\"og:description\" content=\"born in 1985 in Turkey. She attended Mugla Anatolian Fine Arts High School in 1999. After that she graduated from Anadolu University Education Faculty, Painting Master Department to wich she attended in 2003. Immediately after she went to England. She has benn giving figure lectures since 2009 in her workshops in Antalya and at the&hellip;Continue readingSifa Girinci\" \/>\n<meta property=\"og:url\" content=\"https:\/\/liap.eu\/index.php\/de\/2017\/03\/24\/sifa-girinci\/\" \/>\n<meta property=\"og:site_name\" content=\"LIA\" \/>\n<meta property=\"article:publisher\" content=\"https:\/\/www.facebook.com\/LIAprogramme\" \/>\n<meta property=\"article:published_time\" content=\"2017-03-24T12:19:57+00:00\" \/>\n<meta property=\"article:modified_time\" content=\"2017-03-24T12:24:18+00:00\" \/>\n<meta property=\"og:image\" content=\"https:\/\/liap.eu\/wp-content\/uploads\/2017\/03\/Sifa-Girinci.gif\" \/>\n\t<meta property=\"og:image:width\" content=\"700\" \/>\n\t<meta property=\"og:image:height\" content=\"1054\" \/>\n\t<meta property=\"og:image:type\" content=\"image\/gif\" \/>\n<meta name=\"author\" content=\"admin\" \/>\n<meta name=\"twitter:card\" content=\"summary_large_image\" \/>\n<meta name=\"twitter:label1\" content=\"Written by\" \/>\n\t<meta name=\"twitter:data1\" content=\"admin\" \/>\n\t<meta name=\"twitter:label2\" content=\"Estimated reading time\" \/>\n\t<meta name=\"twitter:data2\" content=\"3 minutes\" \/>\n<script type=\"application\/ld+json\" class=\"yoast-schema-graph\">{\"@context\":\"https:\/\/schema.org\",\"@graph\":[{\"@type\":\"Article\",\"@id\":\"https:\/\/liap.eu\/index.php\/de\/2017\/03\/24\/sifa-girinci\/#article\",\"isPartOf\":{\"@id\":\"https:\/\/liap.eu\/index.php\/de\/2017\/03\/24\/sifa-girinci\/\"},\"author\":{\"name\":\"admin\",\"@id\":\"https:\/\/liap.eu\/#\/schema\/person\/c0016ebd6cdceb3e72cd61a3cea7577c\"},\"headline\":\"Sifa Girinci\",\"datePublished\":\"2017-03-24T12:19:57+00:00\",\"dateModified\":\"2017-03-24T12:24:18+00:00\",\"mainEntityOfPage\":{\"@id\":\"https:\/\/liap.eu\/index.php\/de\/2017\/03\/24\/sifa-girinci\/\"},\"wordCount\":524,\"publisher\":{\"@id\":\"https:\/\/liap.eu\/#organization\"},\"image\":{\"@id\":\"https:\/\/liap.eu\/index.php\/de\/2017\/03\/24\/sifa-girinci\/#primaryimage\"},\"thumbnailUrl\":\"https:\/\/liap.eu\/wp-content\/uploads\/2017\/03\/Sifa-Girinci.gif\",\"articleSection\":[\"K\u00fcnstler 2012\"],\"inLanguage\":\"en-GB\"},{\"@type\":\"WebPage\",\"@id\":\"https:\/\/liap.eu\/index.php\/de\/2017\/03\/24\/sifa-girinci\/\",\"url\":\"https:\/\/liap.eu\/index.php\/de\/2017\/03\/24\/sifa-girinci\/\",\"name\":\"Sifa Girinci - LIA\",\"isPartOf\":{\"@id\":\"https:\/\/liap.eu\/#website\"},\"primaryImageOfPage\":{\"@id\":\"https:\/\/liap.eu\/index.php\/de\/2017\/03\/24\/sifa-girinci\/#primaryimage\"},\"image\":{\"@id\":\"https:\/\/liap.eu\/index.php\/de\/2017\/03\/24\/sifa-girinci\/#primaryimage\"},\"thumbnailUrl\":\"https:\/\/liap.eu\/wp-content\/uploads\/2017\/03\/Sifa-Girinci.gif\",\"datePublished\":\"2017-03-24T12:19:57+00:00\",\"dateModified\":\"2017-03-24T12:24:18+00:00\",\"breadcrumb\":{\"@id\":\"https:\/\/liap.eu\/index.php\/de\/2017\/03\/24\/sifa-girinci\/#breadcrumb\"},\"inLanguage\":\"en-GB\",\"potentialAction\":[{\"@type\":\"ReadAction\",\"target\":[\"https:\/\/liap.eu\/index.php\/de\/2017\/03\/24\/sifa-girinci\/\"]}]},{\"@type\":\"ImageObject\",\"inLanguage\":\"en-GB\",\"@id\":\"https:\/\/liap.eu\/index.php\/de\/2017\/03\/24\/sifa-girinci\/#primaryimage\",\"url\":\"https:\/\/liap.eu\/wp-content\/uploads\/2017\/03\/Sifa-Girinci.gif\",\"contentUrl\":\"https:\/\/liap.eu\/wp-content\/uploads\/2017\/03\/Sifa-Girinci.gif\",\"width\":700,\"height\":1054},{\"@type\":\"BreadcrumbList\",\"@id\":\"https:\/\/liap.eu\/index.php\/de\/2017\/03\/24\/sifa-girinci\/#breadcrumb\",\"itemListElement\":[{\"@type\":\"ListItem\",\"position\":1,\"name\":\"Startseite\",\"item\":\"https:\/\/liap.eu\/index.php\/de\/\"},{\"@type\":\"ListItem\",\"position\":2,\"name\":\"Sifa Girinci\"}]},{\"@type\":\"WebSite\",\"@id\":\"https:\/\/liap.eu\/#website\",\"url\":\"https:\/\/liap.eu\/\",\"name\":\"LIA - Leipzig International Art Programme\",\"description\":\"Leipzig International Art Programme\",\"publisher\":{\"@id\":\"https:\/\/liap.eu\/#organization\"},\"potentialAction\":[{\"@type\":\"SearchAction\",\"target\":{\"@type\":\"EntryPoint\",\"urlTemplate\":\"https:\/\/liap.eu\/?s={search_term_string}\"},\"query-input\":{\"@type\":\"PropertyValueSpecification\",\"valueRequired\":true,\"valueName\":\"search_term_string\"}}],\"inLanguage\":\"en-GB\"},{\"@type\":\"Organization\",\"@id\":\"https:\/\/liap.eu\/#organization\",\"name\":\"Leipzig International Art Programme\",\"url\":\"https:\/\/liap.eu\/\",\"logo\":{\"@type\":\"ImageObject\",\"inLanguage\":\"en-GB\",\"@id\":\"https:\/\/liap.eu\/#\/schema\/logo\/image\/\",\"url\":\"https:\/\/liap.eu\/wp-content\/uploads\/2021\/11\/LIAP.jpg\",\"contentUrl\":\"https:\/\/liap.eu\/wp-content\/uploads\/2021\/11\/LIAP.jpg\",\"width\":870,\"height\":140,\"caption\":\"Leipzig International Art Programme\"},\"image\":{\"@id\":\"https:\/\/liap.eu\/#\/schema\/logo\/image\/\"},\"sameAs\":[\"https:\/\/www.facebook.com\/LIAprogramme\",\"https:\/\/www.instagram.com\/lia_programme\/\",\"https:\/\/www.youtube.com\/channel\/UCVp_APjH6wtmApuu5kWgUqA\/videos\"]},{\"@type\":\"Person\",\"@id\":\"https:\/\/liap.eu\/#\/schema\/person\/c0016ebd6cdceb3e72cd61a3cea7577c\",\"name\":\"admin\",\"image\":{\"@type\":\"ImageObject\",\"inLanguage\":\"en-GB\",\"@id\":\"https:\/\/liap.eu\/#\/schema\/person\/image\/\",\"url\":\"https:\/\/secure.gravatar.com\/avatar\/c57aaae4a0c224128d9190c182b32fe4?s=96&d=mm&r=g\",\"contentUrl\":\"https:\/\/secure.gravatar.com\/avatar\/c57aaae4a0c224128d9190c182b32fe4?s=96&d=mm&r=g\",\"caption\":\"admin\"}}]}<\/script>\n<!-- \/ Yoast SEO plugin. -->","yoast_head_json":{"title":"Sifa Girinci - LIA","robots":{"index":"index","follow":"follow","max-snippet":"max-snippet:-1","max-image-preview":"max-image-preview:large","max-video-preview":"max-video-preview:-1"},"canonical":"https:\/\/liap.eu\/index.php\/de\/2017\/03\/24\/sifa-girinci\/","og_locale":"en_GB","og_type":"article","og_title":"Sifa Girinci - LIA","og_description":"born in 1985 in Turkey. She attended Mugla Anatolian Fine Arts High School in 1999. After that she graduated from Anadolu University Education Faculty, Painting Master Department to wich she attended in 2003. Immediately after she went to England. She has benn giving figure lectures since 2009 in her workshops in Antalya and at the&hellip;Continue readingSifa Girinci","og_url":"https:\/\/liap.eu\/index.php\/de\/2017\/03\/24\/sifa-girinci\/","og_site_name":"LIA","article_publisher":"https:\/\/www.facebook.com\/LIAprogramme","article_published_time":"2017-03-24T12:19:57+00:00","article_modified_time":"2017-03-24T12:24:18+00:00","og_image":[{"width":700,"height":1054,"url":"https:\/\/liap.eu\/wp-content\/uploads\/2017\/03\/Sifa-Girinci.gif","type":"image\/gif"}],"author":"admin","twitter_card":"summary_large_image","twitter_misc":{"Written by":"admin","Estimated reading time":"3 minutes"},"schema":{"@context":"https:\/\/schema.org","@graph":[{"@type":"Article","@id":"https:\/\/liap.eu\/index.php\/de\/2017\/03\/24\/sifa-girinci\/#article","isPartOf":{"@id":"https:\/\/liap.eu\/index.php\/de\/2017\/03\/24\/sifa-girinci\/"},"author":{"name":"admin","@id":"https:\/\/liap.eu\/#\/schema\/person\/c0016ebd6cdceb3e72cd61a3cea7577c"},"headline":"Sifa Girinci","datePublished":"2017-03-24T12:19:57+00:00","dateModified":"2017-03-24T12:24:18+00:00","mainEntityOfPage":{"@id":"https:\/\/liap.eu\/index.php\/de\/2017\/03\/24\/sifa-girinci\/"},"wordCount":524,"publisher":{"@id":"https:\/\/liap.eu\/#organization"},"image":{"@id":"https:\/\/liap.eu\/index.php\/de\/2017\/03\/24\/sifa-girinci\/#primaryimage"},"thumbnailUrl":"https:\/\/liap.eu\/wp-content\/uploads\/2017\/03\/Sifa-Girinci.gif","articleSection":["K\u00fcnstler 2012"],"inLanguage":"en-GB"},{"@type":"WebPage","@id":"https:\/\/liap.eu\/index.php\/de\/2017\/03\/24\/sifa-girinci\/","url":"https:\/\/liap.eu\/index.php\/de\/2017\/03\/24\/sifa-girinci\/","name":"Sifa Girinci - LIA","isPartOf":{"@id":"https:\/\/liap.eu\/#website"},"primaryImageOfPage":{"@id":"https:\/\/liap.eu\/index.php\/de\/2017\/03\/24\/sifa-girinci\/#primaryimage"},"image":{"@id":"https:\/\/liap.eu\/index.php\/de\/2017\/03\/24\/sifa-girinci\/#primaryimage"},"thumbnailUrl":"https:\/\/liap.eu\/wp-content\/uploads\/2017\/03\/Sifa-Girinci.gif","datePublished":"2017-03-24T12:19:57+00:00","dateModified":"2017-03-24T12:24:18+00:00","breadcrumb":{"@id":"https:\/\/liap.eu\/index.php\/de\/2017\/03\/24\/sifa-girinci\/#breadcrumb"},"inLanguage":"en-GB","potentialAction":[{"@type":"ReadAction","target":["https:\/\/liap.eu\/index.php\/de\/2017\/03\/24\/sifa-girinci\/"]}]},{"@type":"ImageObject","inLanguage":"en-GB","@id":"https:\/\/liap.eu\/index.php\/de\/2017\/03\/24\/sifa-girinci\/#primaryimage","url":"https:\/\/liap.eu\/wp-content\/uploads\/2017\/03\/Sifa-Girinci.gif","contentUrl":"https:\/\/liap.eu\/wp-content\/uploads\/2017\/03\/Sifa-Girinci.gif","width":700,"height":1054},{"@type":"BreadcrumbList","@id":"https:\/\/liap.eu\/index.php\/de\/2017\/03\/24\/sifa-girinci\/#breadcrumb","itemListElement":[{"@type":"ListItem","position":1,"name":"Startseite","item":"https:\/\/liap.eu\/index.php\/de\/"},{"@type":"ListItem","position":2,"name":"Sifa Girinci"}]},{"@type":"WebSite","@id":"https:\/\/liap.eu\/#website","url":"https:\/\/liap.eu\/","name":"LIA - Leipzig International Art Programme","description":"Leipzig International Art Programme","publisher":{"@id":"https:\/\/liap.eu\/#organization"},"potentialAction":[{"@type":"SearchAction","target":{"@type":"EntryPoint","urlTemplate":"https:\/\/liap.eu\/?s={search_term_string}"},"query-input":{"@type":"PropertyValueSpecification","valueRequired":true,"valueName":"search_term_string"}}],"inLanguage":"en-GB"},{"@type":"Organization","@id":"https:\/\/liap.eu\/#organization","name":"Leipzig International Art Programme","url":"https:\/\/liap.eu\/","logo":{"@type":"ImageObject","inLanguage":"en-GB","@id":"https:\/\/liap.eu\/#\/schema\/logo\/image\/","url":"https:\/\/liap.eu\/wp-content\/uploads\/2021\/11\/LIAP.jpg","contentUrl":"https:\/\/liap.eu\/wp-content\/uploads\/2021\/11\/LIAP.jpg","width":870,"height":140,"caption":"Leipzig International Art Programme"},"image":{"@id":"https:\/\/liap.eu\/#\/schema\/logo\/image\/"},"sameAs":["https:\/\/www.facebook.com\/LIAprogramme","https:\/\/www.instagram.com\/lia_programme\/","https:\/\/www.youtube.com\/channel\/UCVp_APjH6wtmApuu5kWgUqA\/videos"]},{"@type":"Person","@id":"https:\/\/liap.eu\/#\/schema\/person\/c0016ebd6cdceb3e72cd61a3cea7577c","name":"admin","image":{"@type":"ImageObject","inLanguage":"en-GB","@id":"https:\/\/liap.eu\/#\/schema\/person\/image\/","url":"https:\/\/secure.gravatar.com\/avatar\/c57aaae4a0c224128d9190c182b32fe4?s=96&d=mm&r=g","contentUrl":"https:\/\/secure.gravatar.com\/avatar\/c57aaae4a0c224128d9190c182b32fe4?s=96&d=mm&r=g","caption":"admin"}}]}},"uagb_featured_image_src":{"full":["https:\/\/liap.eu\/wp-content\/uploads\/2017\/03\/Sifa-Girinci.gif",700,1054,false],"thumbnail":["https:\/\/liap.eu\/wp-content\/uploads\/2017\/03\/Sifa-Girinci-150x150.gif",96,96,true],"medium":["https:\/\/liap.eu\/wp-content\/uploads\/2017\/03\/Sifa-Girinci-199x300.gif",199,300,true],"medium_large":["https:\/\/liap.eu\/wp-content\/uploads\/2017\/03\/Sifa-Girinci.gif",700,1054,false],"large":["https:\/\/liap.eu\/wp-content\/uploads\/2017\/03\/Sifa-Girinci-680x1024.gif",680,1024,true],"1536x1536":["https:\/\/liap.eu\/wp-content\/uploads\/2017\/03\/Sifa-Girinci.gif",700,1054,false],"2048x2048":["https:\/\/liap.eu\/wp-content\/uploads\/2017\/03\/Sifa-Girinci.gif",700,1054,false],"post-thumbnail":["https:\/\/liap.eu\/wp-content\/uploads\/2017\/03\/Sifa-Girinci.gif",700,1054,false],"twentytwenty-fullscreen":["https:\/\/liap.eu\/wp-content\/uploads\/2017\/03\/Sifa-Girinci.gif",700,1054,false]},"uagb_author_info":{"display_name":"admin","author_link":"https:\/\/liap.eu\/index.php\/author\/admin\/"},"uagb_comment_info":0,"uagb_excerpt":"born in 1985 in Turkey. She attended Mugla Anatolian Fine Arts High School in 1999. After that she graduated from Anadolu University Education Faculty, Painting Master Department to wich she attended in 2003. Immediately after she went to England. She has benn giving figure lectures since 2009 in her workshops in Antalya and at the&hellip;Continue&hellip;","_links":{"self":[{"href":"https:\/\/liap.eu\/index.php\/wp-json\/wp\/v2\/posts\/1161"}],"collection":[{"href":"https:\/\/liap.eu\/index.php\/wp-json\/wp\/v2\/posts"}],"about":[{"href":"https:\/\/liap.eu\/index.php\/wp-json\/wp\/v2\/types\/post"}],"author":[{"embeddable":true,"href":"https:\/\/liap.eu\/index.php\/wp-json\/wp\/v2\/users\/3"}],"replies":[{"embeddable":true,"href":"https:\/\/liap.eu\/index.php\/wp-json\/wp\/v2\/comments?post=1161"}],"version-history":[{"count":2,"href":"https:\/\/liap.eu\/index.php\/wp-json\/wp\/v2\/posts\/1161\/revisions"}],"predecessor-version":[{"id":1166,"href":"https:\/\/liap.eu\/index.php\/wp-json\/wp\/v2\/posts\/1161\/revisions\/1166"}],"wp:featuredmedia":[{"embeddable":true,"href":"https:\/\/liap.eu\/index.php\/wp-json\/wp\/v2\/media\/1162"}],"wp:attachment":[{"href":"https:\/\/liap.eu\/index.php\/wp-json\/wp\/v2\/media?parent=1161"}],"wp:term":[{"taxonomy":"category","embeddable":true,"href":"https:\/\/liap.eu\/index.php\/wp-json\/wp\/v2\/categories?post=1161"},{"taxonomy":"post_tag","embeddable":true,"href":"https:\/\/liap.eu\/index.php\/wp-json\/wp\/v2\/tags?post=1161"}],"curies":[{"name":"wp","href":"https:\/\/api.w.org\/{rel}","templated":true}]}}