{"id":12249,"date":"2025-05-13T11:08:19","date_gmt":"2025-05-13T09:08:19","guid":{"rendered":"https:\/\/liap.eu\/?p=12249"},"modified":"2025-05-13T11:08:21","modified_gmt":"2025-05-13T09:08:21","slug":"johannes-steininger","status":"publish","type":"post","link":"https:\/\/liap.eu\/index.php\/de\/2025\/05\/13\/johannes-steininger\/","title":{"rendered":"Johannes Steininger"},"content":{"rendered":"\n<p><strong>Zeitraum: Mai &#8217;25 \u2013 Juli &#8217;25<\/strong><\/p>\n\n\n\n<p>Ich bin eine ultrazeitgen\u00f6ssische \u00f6sterreichische K\u00fcnstlerin, die sich der Erweiterung des Skulpturbegriffs im 21. Jahrhundert widmet. Meine k\u00fcnstlerische Laufbahn begann mit einem Studium an der renommierten Akademie der Bildenden K\u00fcnste in Berlin und Linz, das mir ein solides Fundament f\u00fcr meine Arbeit bot.<\/p>\n\n\n\n<p>Im Zentrum meiner k\u00fcnstlerischen Praxis steht die Erforschung der visuellen und r\u00e4umlichen Beziehungen zwischen Malerei und Skulptur. Um den skulpturalen Aspekt meiner Arbeiten zu betonen, verwende ich weiches Vinyl als Hauptmaterial. Durch direktes Nachzeichnen und Pr\u00e4gen von Formen und Linien auf die Vinylschichten manipuliere ich das Material so, dass individuelle Hochreliefs entstehen, die sich von der Hintergrundfl\u00e4che abheben. Das weiche Vinyl erm\u00f6glicht es mir zudem, luftgef\u00fcllte Werke zu schaffen, die meinen Arbeiten eine zus\u00e4tzliche Dimension verleihen und mein Interesse an der Wechselwirkung verschiedener Materialien und Texturen unterstreichen.<\/p>\n\n\n\n<p>Als K\u00fcnstlerin betrachte ich die Linie als zentrales Element meiner Arbeit. Ob gerade oder geschwungen, dick oder d\u00fcnn, sanft oder hart \u2013 die Art und Weise, wie ich Linien einsetze, ist entscheidend f\u00fcr die Aussage und Stimmung meiner Werke. Ich sehe die Linie als die \u201eSprache der Kunst\u201c, mit der ich Verbindungen zwischen den einzelnen Elementen schaffe und meine k\u00fcnstlerische Vision ausdr\u00fccke.<\/p>\n\n\n\n<p>Mein innovativer Materialeinsatz erm\u00f6glicht es mir, hybride Werke zu schaffen, die die Grenzen zwischen Malerei und Skulptur aufheben und als Verk\u00f6rperung der dargestellten Objekte fungieren. Indem ich mich auf die essenziellen Eigenschaften von Luft konzentriere, wird jede Skulptur zu einer Darstellung reiner Luft. Dieser Ansatz spiegelt mein Interesse an avantgardistischen Str\u00f6mungen wie dem Spatialismus oder der Zero-Gruppe wider, die sich mit der unmittelbaren r\u00e4umlichen Qualit\u00e4t von Skulpturen und Bildern auseinandersetzen und die Zweidimensionalit\u00e4t traditioneller Bildformate durchbrechen.<\/p>\n\n\n\n<p>Neben dem Zusammenspiel von Materialit\u00e4t und Textur integriere ich meine Skulpturen auch in den Raum, um dessen akustische und transformative Eigenschaften zu gestalten. Aufblasbare Kunststrukturen an W\u00e4nden k\u00f6nnen Schallwellen streuen und absorbieren, was die Raumakustik verbessert. Dar\u00fcber hinaus fungieren sie als einzigartiges, visuell markantes Gestaltungselement, das eine immersive und einpr\u00e4gsame Raumerfahrung erm\u00f6glicht.<\/p>\n\n\n\n<figure class=\"wp-block-image size-full\"><img loading=\"lazy\" decoding=\"async\" width=\"787\" height=\"1060\" src=\"https:\/\/liap.eu\/wp-content\/uploads\/2025\/05\/Artwork-No.-883SRbbL2610-1-1.jpeg\" alt=\"\" class=\"wp-image-12254\" srcset=\"https:\/\/liap.eu\/wp-content\/uploads\/2025\/05\/Artwork-No.-883SRbbL2610-1-1.jpeg 787w, https:\/\/liap.eu\/wp-content\/uploads\/2025\/05\/Artwork-No.-883SRbbL2610-1-1-768x1034.jpeg 768w\" sizes=\"(max-width: 787px) 100vw, 787px\" \/><\/figure>\n","protected":false},"excerpt":{"rendered":"<p>Zeitraum: Mai &#8217;25 \u2013 Juli &#8217;25 Ich bin eine ultrazeitgen\u00f6ssische \u00f6sterreichische K\u00fcnstlerin, die sich der Erweiterung des Skulpturbegriffs im 21. Jahrhundert widmet. Meine k\u00fcnstlerische Laufbahn begann mit einem Studium an der renommierten Akademie der Bildenden K\u00fcnste in Berlin und Linz, das mir ein solides Fundament f\u00fcr meine Arbeit bot. Im Zentrum meiner k\u00fcnstlerischen Praxis steht&hellip;<a href=\"https:\/\/liap.eu\/index.php\/de\/2025\/05\/13\/johannes-steininger\/\" class=\"more-link\"><span>Continue reading<\/span><span class=\"screen-reader-text\">Johannes Steininger<\/span><\/a><\/p>\n","protected":false},"author":4,"featured_media":12250,"comment_status":"closed","ping_status":"closed","sticky":false,"template":"templates\/template-full-width.php","format":"standard","meta":{"om_disable_all_campaigns":false,"_uag_custom_page_level_css":"","footnotes":""},"categories":[708,712],"tags":[],"class_list":["post-12249","post","type-post","status-publish","format-standard","has-post-thumbnail","hentry","category-kunstler-2025","category-kuenstler-2025","tw-meta-no-icon"],"yoast_head":"<!-- This site is optimized with the Yoast SEO plugin v25.6 - https:\/\/yoast.com\/wordpress\/plugins\/seo\/ -->\n<title>Johannes Steininger - LIA<\/title>\n<meta name=\"robots\" content=\"index, follow, max-snippet:-1, max-image-preview:large, max-video-preview:-1\" \/>\n<link rel=\"canonical\" href=\"https:\/\/liap.eu\/index.php\/de\/2025\/05\/13\/johannes-steininger\/\" \/>\n<meta property=\"og:locale\" content=\"en_GB\" \/>\n<meta property=\"og:type\" content=\"article\" \/>\n<meta property=\"og:title\" content=\"Johannes Steininger - LIA\" \/>\n<meta property=\"og:description\" content=\"Zeitraum: Mai &#8217;25 \u2013 Juli &#8217;25 Ich bin eine ultrazeitgen\u00f6ssische \u00f6sterreichische K\u00fcnstlerin, die sich der Erweiterung des Skulpturbegriffs im 21. Jahrhundert widmet. Meine k\u00fcnstlerische Laufbahn begann mit einem Studium an der renommierten Akademie der Bildenden K\u00fcnste in Berlin und Linz, das mir ein solides Fundament f\u00fcr meine Arbeit bot. Im Zentrum meiner k\u00fcnstlerischen Praxis steht&hellip;Continue readingJohannes Steininger\" \/>\n<meta property=\"og:url\" content=\"https:\/\/liap.eu\/index.php\/de\/2025\/05\/13\/johannes-steininger\/\" \/>\n<meta property=\"og:site_name\" content=\"LIA\" \/>\n<meta property=\"article:publisher\" content=\"https:\/\/www.facebook.com\/LIAprogramme\" \/>\n<meta property=\"article:author\" content=\"https:\/\/www.facebook.com\/LIAprogramme\" \/>\n<meta property=\"article:published_time\" content=\"2025-05-13T09:08:19+00:00\" \/>\n<meta property=\"article:modified_time\" content=\"2025-05-13T09:08:21+00:00\" \/>\n<meta property=\"og:image\" content=\"https:\/\/liap.eu\/wp-content\/uploads\/2025\/05\/JOHANNES-02.jpeg\" \/>\n\t<meta property=\"og:image:width\" content=\"960\" \/>\n\t<meta property=\"og:image:height\" content=\"1280\" \/>\n\t<meta property=\"og:image:type\" content=\"image\/jpeg\" \/>\n<meta name=\"author\" content=\"LIA\" \/>\n<meta name=\"twitter:card\" content=\"summary_large_image\" \/>\n<meta name=\"twitter:label1\" content=\"Written by\" \/>\n\t<meta name=\"twitter:data1\" content=\"LIA\" \/>\n\t<meta name=\"twitter:label2\" content=\"Estimated reading time\" \/>\n\t<meta name=\"twitter:data2\" content=\"2 minutes\" \/>\n<script type=\"application\/ld+json\" class=\"yoast-schema-graph\">{\"@context\":\"https:\/\/schema.org\",\"@graph\":[{\"@type\":\"Article\",\"@id\":\"https:\/\/liap.eu\/index.php\/de\/2025\/05\/13\/johannes-steininger\/#article\",\"isPartOf\":{\"@id\":\"https:\/\/liap.eu\/index.php\/de\/2025\/05\/13\/johannes-steininger\/\"},\"author\":{\"name\":\"LIA\",\"@id\":\"https:\/\/liap.eu\/#\/schema\/person\/6a0bff64f73ff1a6b7e1ccb7faf58204\"},\"headline\":\"Johannes Steininger\",\"datePublished\":\"2025-05-13T09:08:19+00:00\",\"dateModified\":\"2025-05-13T09:08:21+00:00\",\"mainEntityOfPage\":{\"@id\":\"https:\/\/liap.eu\/index.php\/de\/2025\/05\/13\/johannes-steininger\/\"},\"wordCount\":354,\"publisher\":{\"@id\":\"https:\/\/liap.eu\/#organization\"},\"image\":{\"@id\":\"https:\/\/liap.eu\/index.php\/de\/2025\/05\/13\/johannes-steininger\/#primaryimage\"},\"thumbnailUrl\":\"https:\/\/liap.eu\/wp-content\/uploads\/2025\/05\/JOHANNES-02.jpeg\",\"articleSection\":[\"K\u00fcnstler 2025\",\"K\u00fcnstler 2025\"],\"inLanguage\":\"en-GB\"},{\"@type\":\"WebPage\",\"@id\":\"https:\/\/liap.eu\/index.php\/de\/2025\/05\/13\/johannes-steininger\/\",\"url\":\"https:\/\/liap.eu\/index.php\/de\/2025\/05\/13\/johannes-steininger\/\",\"name\":\"Johannes Steininger - LIA\",\"isPartOf\":{\"@id\":\"https:\/\/liap.eu\/#website\"},\"primaryImageOfPage\":{\"@id\":\"https:\/\/liap.eu\/index.php\/de\/2025\/05\/13\/johannes-steininger\/#primaryimage\"},\"image\":{\"@id\":\"https:\/\/liap.eu\/index.php\/de\/2025\/05\/13\/johannes-steininger\/#primaryimage\"},\"thumbnailUrl\":\"https:\/\/liap.eu\/wp-content\/uploads\/2025\/05\/JOHANNES-02.jpeg\",\"datePublished\":\"2025-05-13T09:08:19+00:00\",\"dateModified\":\"2025-05-13T09:08:21+00:00\",\"breadcrumb\":{\"@id\":\"https:\/\/liap.eu\/index.php\/de\/2025\/05\/13\/johannes-steininger\/#breadcrumb\"},\"inLanguage\":\"en-GB\",\"potentialAction\":[{\"@type\":\"ReadAction\",\"target\":[\"https:\/\/liap.eu\/index.php\/de\/2025\/05\/13\/johannes-steininger\/\"]}]},{\"@type\":\"ImageObject\",\"inLanguage\":\"en-GB\",\"@id\":\"https:\/\/liap.eu\/index.php\/de\/2025\/05\/13\/johannes-steininger\/#primaryimage\",\"url\":\"https:\/\/liap.eu\/wp-content\/uploads\/2025\/05\/JOHANNES-02.jpeg\",\"contentUrl\":\"https:\/\/liap.eu\/wp-content\/uploads\/2025\/05\/JOHANNES-02.jpeg\",\"width\":960,\"height\":1280},{\"@type\":\"BreadcrumbList\",\"@id\":\"https:\/\/liap.eu\/index.php\/de\/2025\/05\/13\/johannes-steininger\/#breadcrumb\",\"itemListElement\":[{\"@type\":\"ListItem\",\"position\":1,\"name\":\"Startseite\",\"item\":\"https:\/\/liap.eu\/index.php\/de\/\"},{\"@type\":\"ListItem\",\"position\":2,\"name\":\"Johannes Steininger\"}]},{\"@type\":\"WebSite\",\"@id\":\"https:\/\/liap.eu\/#website\",\"url\":\"https:\/\/liap.eu\/\",\"name\":\"LIA - Leipzig International Art Programme\",\"description\":\"Leipzig International Art Programme\",\"publisher\":{\"@id\":\"https:\/\/liap.eu\/#organization\"},\"potentialAction\":[{\"@type\":\"SearchAction\",\"target\":{\"@type\":\"EntryPoint\",\"urlTemplate\":\"https:\/\/liap.eu\/?s={search_term_string}\"},\"query-input\":{\"@type\":\"PropertyValueSpecification\",\"valueRequired\":true,\"valueName\":\"search_term_string\"}}],\"inLanguage\":\"en-GB\"},{\"@type\":\"Organization\",\"@id\":\"https:\/\/liap.eu\/#organization\",\"name\":\"Leipzig International Art Programme\",\"url\":\"https:\/\/liap.eu\/\",\"logo\":{\"@type\":\"ImageObject\",\"inLanguage\":\"en-GB\",\"@id\":\"https:\/\/liap.eu\/#\/schema\/logo\/image\/\",\"url\":\"https:\/\/liap.eu\/wp-content\/uploads\/2021\/11\/LIAP.jpg\",\"contentUrl\":\"https:\/\/liap.eu\/wp-content\/uploads\/2021\/11\/LIAP.jpg\",\"width\":870,\"height\":140,\"caption\":\"Leipzig International Art Programme\"},\"image\":{\"@id\":\"https:\/\/liap.eu\/#\/schema\/logo\/image\/\"},\"sameAs\":[\"https:\/\/www.facebook.com\/LIAprogramme\",\"https:\/\/www.instagram.com\/lia_programme\/\",\"https:\/\/www.youtube.com\/channel\/UCVp_APjH6wtmApuu5kWgUqA\/videos\"]},{\"@type\":\"Person\",\"@id\":\"https:\/\/liap.eu\/#\/schema\/person\/6a0bff64f73ff1a6b7e1ccb7faf58204\",\"name\":\"LIA\",\"image\":{\"@type\":\"ImageObject\",\"inLanguage\":\"en-GB\",\"@id\":\"https:\/\/liap.eu\/#\/schema\/person\/image\/\",\"url\":\"https:\/\/secure.gravatar.com\/avatar\/528cc9c6a7aa20231d89b694711fbe94?s=96&d=mm&r=g\",\"contentUrl\":\"https:\/\/secure.gravatar.com\/avatar\/528cc9c6a7aa20231d89b694711fbe94?s=96&d=mm&r=g\",\"caption\":\"LIA\"},\"sameAs\":[\"https:\/\/www.facebook.com\/LIAprogramme\",\"https:\/\/www.instagram.com\/lia_programme\/\"]}]}<\/script>\n<!-- \/ Yoast SEO plugin. -->","yoast_head_json":{"title":"Johannes Steininger - LIA","robots":{"index":"index","follow":"follow","max-snippet":"max-snippet:-1","max-image-preview":"max-image-preview:large","max-video-preview":"max-video-preview:-1"},"canonical":"https:\/\/liap.eu\/index.php\/de\/2025\/05\/13\/johannes-steininger\/","og_locale":"en_GB","og_type":"article","og_title":"Johannes Steininger - LIA","og_description":"Zeitraum: Mai &#8217;25 \u2013 Juli &#8217;25 Ich bin eine ultrazeitgen\u00f6ssische \u00f6sterreichische K\u00fcnstlerin, die sich der Erweiterung des Skulpturbegriffs im 21. Jahrhundert widmet. Meine k\u00fcnstlerische Laufbahn begann mit einem Studium an der renommierten Akademie der Bildenden K\u00fcnste in Berlin und Linz, das mir ein solides Fundament f\u00fcr meine Arbeit bot. Im Zentrum meiner k\u00fcnstlerischen Praxis steht&hellip;Continue readingJohannes Steininger","og_url":"https:\/\/liap.eu\/index.php\/de\/2025\/05\/13\/johannes-steininger\/","og_site_name":"LIA","article_publisher":"https:\/\/www.facebook.com\/LIAprogramme","article_author":"https:\/\/www.facebook.com\/LIAprogramme","article_published_time":"2025-05-13T09:08:19+00:00","article_modified_time":"2025-05-13T09:08:21+00:00","og_image":[{"width":960,"height":1280,"url":"https:\/\/liap.eu\/wp-content\/uploads\/2025\/05\/JOHANNES-02.jpeg","type":"image\/jpeg"}],"author":"LIA","twitter_card":"summary_large_image","twitter_misc":{"Written by":"LIA","Estimated reading time":"2 minutes"},"schema":{"@context":"https:\/\/schema.org","@graph":[{"@type":"Article","@id":"https:\/\/liap.eu\/index.php\/de\/2025\/05\/13\/johannes-steininger\/#article","isPartOf":{"@id":"https:\/\/liap.eu\/index.php\/de\/2025\/05\/13\/johannes-steininger\/"},"author":{"name":"LIA","@id":"https:\/\/liap.eu\/#\/schema\/person\/6a0bff64f73ff1a6b7e1ccb7faf58204"},"headline":"Johannes Steininger","datePublished":"2025-05-13T09:08:19+00:00","dateModified":"2025-05-13T09:08:21+00:00","mainEntityOfPage":{"@id":"https:\/\/liap.eu\/index.php\/de\/2025\/05\/13\/johannes-steininger\/"},"wordCount":354,"publisher":{"@id":"https:\/\/liap.eu\/#organization"},"image":{"@id":"https:\/\/liap.eu\/index.php\/de\/2025\/05\/13\/johannes-steininger\/#primaryimage"},"thumbnailUrl":"https:\/\/liap.eu\/wp-content\/uploads\/2025\/05\/JOHANNES-02.jpeg","articleSection":["K\u00fcnstler 2025","K\u00fcnstler 2025"],"inLanguage":"en-GB"},{"@type":"WebPage","@id":"https:\/\/liap.eu\/index.php\/de\/2025\/05\/13\/johannes-steininger\/","url":"https:\/\/liap.eu\/index.php\/de\/2025\/05\/13\/johannes-steininger\/","name":"Johannes Steininger - LIA","isPartOf":{"@id":"https:\/\/liap.eu\/#website"},"primaryImageOfPage":{"@id":"https:\/\/liap.eu\/index.php\/de\/2025\/05\/13\/johannes-steininger\/#primaryimage"},"image":{"@id":"https:\/\/liap.eu\/index.php\/de\/2025\/05\/13\/johannes-steininger\/#primaryimage"},"thumbnailUrl":"https:\/\/liap.eu\/wp-content\/uploads\/2025\/05\/JOHANNES-02.jpeg","datePublished":"2025-05-13T09:08:19+00:00","dateModified":"2025-05-13T09:08:21+00:00","breadcrumb":{"@id":"https:\/\/liap.eu\/index.php\/de\/2025\/05\/13\/johannes-steininger\/#breadcrumb"},"inLanguage":"en-GB","potentialAction":[{"@type":"ReadAction","target":["https:\/\/liap.eu\/index.php\/de\/2025\/05\/13\/johannes-steininger\/"]}]},{"@type":"ImageObject","inLanguage":"en-GB","@id":"https:\/\/liap.eu\/index.php\/de\/2025\/05\/13\/johannes-steininger\/#primaryimage","url":"https:\/\/liap.eu\/wp-content\/uploads\/2025\/05\/JOHANNES-02.jpeg","contentUrl":"https:\/\/liap.eu\/wp-content\/uploads\/2025\/05\/JOHANNES-02.jpeg","width":960,"height":1280},{"@type":"BreadcrumbList","@id":"https:\/\/liap.eu\/index.php\/de\/2025\/05\/13\/johannes-steininger\/#breadcrumb","itemListElement":[{"@type":"ListItem","position":1,"name":"Startseite","item":"https:\/\/liap.eu\/index.php\/de\/"},{"@type":"ListItem","position":2,"name":"Johannes Steininger"}]},{"@type":"WebSite","@id":"https:\/\/liap.eu\/#website","url":"https:\/\/liap.eu\/","name":"LIA - Leipzig International Art Programme","description":"Leipzig International Art Programme","publisher":{"@id":"https:\/\/liap.eu\/#organization"},"potentialAction":[{"@type":"SearchAction","target":{"@type":"EntryPoint","urlTemplate":"https:\/\/liap.eu\/?s={search_term_string}"},"query-input":{"@type":"PropertyValueSpecification","valueRequired":true,"valueName":"search_term_string"}}],"inLanguage":"en-GB"},{"@type":"Organization","@id":"https:\/\/liap.eu\/#organization","name":"Leipzig International Art Programme","url":"https:\/\/liap.eu\/","logo":{"@type":"ImageObject","inLanguage":"en-GB","@id":"https:\/\/liap.eu\/#\/schema\/logo\/image\/","url":"https:\/\/liap.eu\/wp-content\/uploads\/2021\/11\/LIAP.jpg","contentUrl":"https:\/\/liap.eu\/wp-content\/uploads\/2021\/11\/LIAP.jpg","width":870,"height":140,"caption":"Leipzig International Art Programme"},"image":{"@id":"https:\/\/liap.eu\/#\/schema\/logo\/image\/"},"sameAs":["https:\/\/www.facebook.com\/LIAprogramme","https:\/\/www.instagram.com\/lia_programme\/","https:\/\/www.youtube.com\/channel\/UCVp_APjH6wtmApuu5kWgUqA\/videos"]},{"@type":"Person","@id":"https:\/\/liap.eu\/#\/schema\/person\/6a0bff64f73ff1a6b7e1ccb7faf58204","name":"LIA","image":{"@type":"ImageObject","inLanguage":"en-GB","@id":"https:\/\/liap.eu\/#\/schema\/person\/image\/","url":"https:\/\/secure.gravatar.com\/avatar\/528cc9c6a7aa20231d89b694711fbe94?s=96&d=mm&r=g","contentUrl":"https:\/\/secure.gravatar.com\/avatar\/528cc9c6a7aa20231d89b694711fbe94?s=96&d=mm&r=g","caption":"LIA"},"sameAs":["https:\/\/www.facebook.com\/LIAprogramme","https:\/\/www.instagram.com\/lia_programme\/"]}]}},"uagb_featured_image_src":{"full":["https:\/\/liap.eu\/wp-content\/uploads\/2025\/05\/JOHANNES-02.jpeg",960,1280,false],"thumbnail":["https:\/\/liap.eu\/wp-content\/uploads\/2025\/05\/JOHANNES-02.jpeg",72,96,false],"medium":["https:\/\/liap.eu\/wp-content\/uploads\/2025\/05\/JOHANNES-02.jpeg",960,1280,false],"medium_large":["https:\/\/liap.eu\/wp-content\/uploads\/2025\/05\/JOHANNES-02-768x1024.jpeg",768,1024,true],"large":["https:\/\/liap.eu\/wp-content\/uploads\/2025\/05\/JOHANNES-02.jpeg",960,1280,false],"1536x1536":["https:\/\/liap.eu\/wp-content\/uploads\/2025\/05\/JOHANNES-02.jpeg",960,1280,false],"2048x2048":["https:\/\/liap.eu\/wp-content\/uploads\/2025\/05\/JOHANNES-02.jpeg",960,1280,false],"post-thumbnail":["https:\/\/liap.eu\/wp-content\/uploads\/2025\/05\/JOHANNES-02.jpeg",960,1280,false],"twentytwenty-fullscreen":["https:\/\/liap.eu\/wp-content\/uploads\/2025\/05\/JOHANNES-02.jpeg",960,1280,false]},"uagb_author_info":{"display_name":"LIA","author_link":"https:\/\/liap.eu\/index.php\/author\/bierau\/"},"uagb_comment_info":0,"uagb_excerpt":"Zeitraum: Mai &#8217;25 \u2013 Juli &#8217;25 Ich bin eine ultrazeitgen\u00f6ssische \u00f6sterreichische K\u00fcnstlerin, die sich der Erweiterung des Skulpturbegriffs im 21. Jahrhundert widmet. Meine k\u00fcnstlerische Laufbahn begann mit einem Studium an der renommierten Akademie der Bildenden K\u00fcnste in Berlin und Linz, das mir ein solides Fundament f\u00fcr meine Arbeit bot. Im Zentrum meiner k\u00fcnstlerischen Praxis steht&hellip;Continue&hellip;","_links":{"self":[{"href":"https:\/\/liap.eu\/index.php\/wp-json\/wp\/v2\/posts\/12249"}],"collection":[{"href":"https:\/\/liap.eu\/index.php\/wp-json\/wp\/v2\/posts"}],"about":[{"href":"https:\/\/liap.eu\/index.php\/wp-json\/wp\/v2\/types\/post"}],"author":[{"embeddable":true,"href":"https:\/\/liap.eu\/index.php\/wp-json\/wp\/v2\/users\/4"}],"replies":[{"embeddable":true,"href":"https:\/\/liap.eu\/index.php\/wp-json\/wp\/v2\/comments?post=12249"}],"version-history":[{"count":2,"href":"https:\/\/liap.eu\/index.php\/wp-json\/wp\/v2\/posts\/12249\/revisions"}],"predecessor-version":[{"id":12276,"href":"https:\/\/liap.eu\/index.php\/wp-json\/wp\/v2\/posts\/12249\/revisions\/12276"}],"wp:featuredmedia":[{"embeddable":true,"href":"https:\/\/liap.eu\/index.php\/wp-json\/wp\/v2\/media\/12250"}],"wp:attachment":[{"href":"https:\/\/liap.eu\/index.php\/wp-json\/wp\/v2\/media?parent=12249"}],"wp:term":[{"taxonomy":"category","embeddable":true,"href":"https:\/\/liap.eu\/index.php\/wp-json\/wp\/v2\/categories?post=12249"},{"taxonomy":"post_tag","embeddable":true,"href":"https:\/\/liap.eu\/index.php\/wp-json\/wp\/v2\/tags?post=12249"}],"curies":[{"name":"wp","href":"https:\/\/api.w.org\/{rel}","templated":true}]}}