{"id":12529,"date":"2025-12-03T09:32:48","date_gmt":"2025-12-03T08:32:48","guid":{"rendered":"https:\/\/liap.eu\/?p=12529"},"modified":"2025-12-03T09:42:43","modified_gmt":"2025-12-03T08:42:43","slug":"save-the-date-4th-december-lia-at-the-grassi-museum-fur-volkerkunde","status":"publish","type":"post","link":"https:\/\/liap.eu\/index.php\/de\/2025\/12\/03\/save-the-date-4th-december-lia-at-the-grassi-museum-fur-volkerkunde\/","title":{"rendered":"Save the Date, 4th December: LIA at the GRASSI Museum f\u00fcr V\u00f6lkerkunde"},"content":{"rendered":"\n<p>Einladung zur Er\u00f6ffnung der Sonderausstellung<br>\u201eWanBel \u2013 50 Jahre Unabh\u00e4ngigkeit: Papua-Neuguinea\u201c<\/p>\n\n\n\n<p><strong>Donnerstag, 4. Dezember<\/strong> 2025 | 18:00 Uhr |<br>GRASSI Museum f\u00fcr V\u00f6lkerkunde in<br>Leipzig<\/p>\n\n\n\n<p>Die papua-neuguineische K\u00fcnstlerin Gazellah Bruder nahm von August bis Oktober 2025 dank der Unterst\u00fctzung des Ausw\u00e4rtigen Amts und dessen Forschungsprogramms zur deutschen Kolonialgeschichte am Residenzprogramm des LIA teil. Wir sind dankbar f\u00fcr ihr Geschenk an das GRASSI Museum, mit dem sie der Leipziger \u00d6ffentlichkeit ihre Spuren hinterl\u00e4sst. Wir laden Sie herzlich zur Er\u00f6ffnung von WanBel \u2013 50 Jahre Unabh\u00e4ngigkeit \u2013 Papua-Neuguinea ein und danken dem GRASSI Museum herzlich f\u00fcr diese inspirierende Zusammenarbeit.<\/p>\n\n\n\n<p>Papua-Neuguinea erlangte im September 1975 seine Unabh\u00e4ngigkeit. F\u00fcnfzig Jahre sp\u00e4ter<br>feiert das Land dieses historische Jubil\u00e4um mit zahlreichen kulturellen<br>Initiativen weltweit. WanBel ist eines dieser Projekte: eine globale<br>Allianz von Partnerinstitutionen. \u00dcber 40 Museen in 14 L\u00e4ndern<br>beteiligen sich daran, darunter auch das GRASSI Museum f\u00fcr V\u00f6lkerkunde in<br>Leipzig mit seiner bedeutenden Sammlung. Eine Sonderpr\u00e4sentation konzentriert sich auf<br>kulturelle Artefakte aus dem Papua-Golf, der<br>Sepik-Region und dem Bismarck-Archipel.<\/p>\n\n\n\n<p>Die Er\u00f6ffnung wird von einer digitalen Malperformance<br>der K\u00fcnstlerin Gazellah Bruder begleitet und bietet Gelegenheit zum Austausch und zur<br>Diskussion in der Ausstellung.<\/p>\n\n\n\n<p>Wir freuen uns auf Ihren Besuch.<\/p>\n\n\n\n<p>Team GRASSI.SKD<\/p>\n\n\n\n<p><\/p>\n\n\n\n<figure class=\"wp-block-image size-full\"><img loading=\"lazy\" decoding=\"async\" width=\"954\" height=\"654\" src=\"https:\/\/liap.eu\/wp-content\/uploads\/2025\/12\/Captura-de-pantalla-2025-12-03-a-las-9.25.56.png\" alt=\"\" class=\"wp-image-12531\" srcset=\"https:\/\/liap.eu\/wp-content\/uploads\/2025\/12\/Captura-de-pantalla-2025-12-03-a-las-9.25.56.png 954w, https:\/\/liap.eu\/wp-content\/uploads\/2025\/12\/Captura-de-pantalla-2025-12-03-a-las-9.25.56-768x526.png 768w\" sizes=\"(max-width: 954px) 100vw, 954px\" \/><\/figure>\n\n\n\n<figure class=\"wp-block-image size-full\"><img loading=\"lazy\" decoding=\"async\" width=\"956\" height=\"656\" src=\"https:\/\/liap.eu\/wp-content\/uploads\/2025\/12\/Captura-de-pantalla-2025-12-03-a-las-9.26.08.png\" alt=\"\" class=\"wp-image-12532\" srcset=\"https:\/\/liap.eu\/wp-content\/uploads\/2025\/12\/Captura-de-pantalla-2025-12-03-a-las-9.26.08.png 956w, https:\/\/liap.eu\/wp-content\/uploads\/2025\/12\/Captura-de-pantalla-2025-12-03-a-las-9.26.08-768x527.png 768w\" sizes=\"(max-width: 956px) 100vw, 956px\" \/><\/figure>\n\n\n\n<figure class=\"wp-block-image size-full\"><a href=\"https:\/\/www.youtube.com\/watch?v=Apj2Enb0rpQ\"><img loading=\"lazy\" decoding=\"async\" width=\"954\" height=\"604\" src=\"https:\/\/liap.eu\/wp-content\/uploads\/2025\/12\/Captura-de-pantalla-2025-12-03-a-las-9.30.41.png\" alt=\"\" class=\"wp-image-12533\" srcset=\"https:\/\/liap.eu\/wp-content\/uploads\/2025\/12\/Captura-de-pantalla-2025-12-03-a-las-9.30.41.png 954w, https:\/\/liap.eu\/wp-content\/uploads\/2025\/12\/Captura-de-pantalla-2025-12-03-a-las-9.30.41-768x486.png 768w\" sizes=\"(max-width: 954px) 100vw, 954px\" \/><\/a><\/figure>\n\n\n\n<p><strong>Project partners:<\/strong><\/p>\n\n\n\n<figure class=\"wp-block-image size-full is-resized\"><img loading=\"lazy\" decoding=\"async\" width=\"468\" height=\"574\" src=\"https:\/\/liap.eu\/wp-content\/uploads\/2025\/12\/Captura-de-pantalla-2025-12-03-a-las-9.31.38.png\" alt=\"\" class=\"wp-image-12534\" style=\"width:435px;height:auto\"\/><\/figure>\n","protected":false},"excerpt":{"rendered":"<p>Einladung zur Er\u00f6ffnung der Sonderausstellung\u201eWanBel \u2013 50 Jahre Unabh\u00e4ngigkeit: Papua-Neuguinea\u201c Donnerstag, 4. Dezember 2025 | 18:00 Uhr |GRASSI Museum f\u00fcr V\u00f6lkerkunde inLeipzig Die papua-neuguineische K\u00fcnstlerin Gazellah Bruder nahm von August bis Oktober 2025 dank der Unterst\u00fctzung des Ausw\u00e4rtigen Amts und dessen Forschungsprogramms zur deutschen Kolonialgeschichte am Residenzprogramm des LIA teil. Wir sind dankbar f\u00fcr ihr&hellip;<a href=\"https:\/\/liap.eu\/index.php\/de\/2025\/12\/03\/save-the-date-4th-december-lia-at-the-grassi-museum-fur-volkerkunde\/\" class=\"more-link\"><span>Continue reading<\/span><span class=\"screen-reader-text\">Save the Date, 4th December: LIA at the GRASSI Museum f\u00fcr V\u00f6lkerkunde<\/span><\/a><\/p>\n","protected":false},"author":4,"featured_media":12538,"comment_status":"closed","ping_status":"closed","sticky":false,"template":"templates\/template-full-width.php","format":"standard","meta":{"om_disable_all_campaigns":false,"_uag_custom_page_level_css":"","footnotes":""},"categories":[88,1,488],"tags":[],"class_list":["post-12529","post","type-post","status-publish","format-standard","has-post-thumbnail","hentry","category-aktuelles","category-allgemein","category-projekte-archiv","tw-meta-no-icon"],"yoast_head":"<!-- This site is optimized with the Yoast SEO plugin v25.6 - https:\/\/yoast.com\/wordpress\/plugins\/seo\/ -->\n<title>Save the Date, 4th December: LIA at the GRASSI Museum f\u00fcr V\u00f6lkerkunde - LIA<\/title>\n<meta name=\"robots\" content=\"index, follow, max-snippet:-1, max-image-preview:large, max-video-preview:-1\" \/>\n<link rel=\"canonical\" href=\"https:\/\/liap.eu\/index.php\/de\/2025\/12\/03\/save-the-date-4th-december-lia-at-the-grassi-museum-fur-volkerkunde\/\" \/>\n<meta property=\"og:locale\" content=\"en_GB\" \/>\n<meta property=\"og:type\" content=\"article\" \/>\n<meta property=\"og:title\" content=\"Save the Date, 4th December: LIA at the GRASSI Museum f\u00fcr V\u00f6lkerkunde - LIA\" \/>\n<meta property=\"og:description\" content=\"Einladung zur Er\u00f6ffnung der Sonderausstellung\u201eWanBel \u2013 50 Jahre Unabh\u00e4ngigkeit: Papua-Neuguinea\u201c Donnerstag, 4. Dezember 2025 | 18:00 Uhr |GRASSI Museum f\u00fcr V\u00f6lkerkunde inLeipzig Die papua-neuguineische K\u00fcnstlerin Gazellah Bruder nahm von August bis Oktober 2025 dank der Unterst\u00fctzung des Ausw\u00e4rtigen Amts und dessen Forschungsprogramms zur deutschen Kolonialgeschichte am Residenzprogramm des LIA teil. Wir sind dankbar f\u00fcr ihr&hellip;Continue readingSave the Date, 4th December: LIA at the GRASSI Museum f\u00fcr V\u00f6lkerkunde\" \/>\n<meta property=\"og:url\" content=\"https:\/\/liap.eu\/index.php\/de\/2025\/12\/03\/save-the-date-4th-december-lia-at-the-grassi-museum-fur-volkerkunde\/\" \/>\n<meta property=\"og:site_name\" content=\"LIA\" \/>\n<meta property=\"article:publisher\" content=\"https:\/\/www.facebook.com\/LIAprogramme\" \/>\n<meta property=\"article:author\" content=\"https:\/\/www.facebook.com\/LIAprogramme\" \/>\n<meta property=\"article:published_time\" content=\"2025-12-03T08:32:48+00:00\" \/>\n<meta property=\"article:modified_time\" content=\"2025-12-03T08:42:43+00:00\" \/>\n<meta property=\"og:image\" content=\"https:\/\/liap.eu\/wp-content\/uploads\/2025\/12\/Captura-de-pantalla-2025-12-03-a-las-9.38.04.png\" \/>\n\t<meta property=\"og:image:width\" content=\"958\" \/>\n\t<meta property=\"og:image:height\" content=\"996\" \/>\n\t<meta property=\"og:image:type\" content=\"image\/png\" \/>\n<meta name=\"author\" content=\"LIA\" \/>\n<meta name=\"twitter:card\" content=\"summary_large_image\" \/>\n<meta name=\"twitter:label1\" content=\"Written by\" \/>\n\t<meta name=\"twitter:data1\" content=\"LIA\" \/>\n\t<meta name=\"twitter:label2\" content=\"Estimated reading time\" \/>\n\t<meta name=\"twitter:data2\" content=\"2 minutes\" \/>\n<script type=\"application\/ld+json\" class=\"yoast-schema-graph\">{\"@context\":\"https:\/\/schema.org\",\"@graph\":[{\"@type\":\"Article\",\"@id\":\"https:\/\/liap.eu\/index.php\/de\/2025\/12\/03\/save-the-date-4th-december-lia-at-the-grassi-museum-fur-volkerkunde\/#article\",\"isPartOf\":{\"@id\":\"https:\/\/liap.eu\/index.php\/de\/2025\/12\/03\/save-the-date-4th-december-lia-at-the-grassi-museum-fur-volkerkunde\/\"},\"author\":{\"name\":\"LIA\",\"@id\":\"https:\/\/liap.eu\/#\/schema\/person\/6a0bff64f73ff1a6b7e1ccb7faf58204\"},\"headline\":\"Save the Date, 4th December: LIA at the GRASSI Museum f\u00fcr V\u00f6lkerkunde\",\"datePublished\":\"2025-12-03T08:32:48+00:00\",\"dateModified\":\"2025-12-03T08:42:43+00:00\",\"mainEntityOfPage\":{\"@id\":\"https:\/\/liap.eu\/index.php\/de\/2025\/12\/03\/save-the-date-4th-december-lia-at-the-grassi-museum-fur-volkerkunde\/\"},\"wordCount\":211,\"publisher\":{\"@id\":\"https:\/\/liap.eu\/#organization\"},\"image\":{\"@id\":\"https:\/\/liap.eu\/index.php\/de\/2025\/12\/03\/save-the-date-4th-december-lia-at-the-grassi-museum-fur-volkerkunde\/#primaryimage\"},\"thumbnailUrl\":\"https:\/\/liap.eu\/wp-content\/uploads\/2025\/12\/Captura-de-pantalla-2025-12-03-a-las-9.38.04.png\",\"articleSection\":[\"Aktuelles\",\"Allgemein\",\"Projekte\"],\"inLanguage\":\"en-GB\"},{\"@type\":\"WebPage\",\"@id\":\"https:\/\/liap.eu\/index.php\/de\/2025\/12\/03\/save-the-date-4th-december-lia-at-the-grassi-museum-fur-volkerkunde\/\",\"url\":\"https:\/\/liap.eu\/index.php\/de\/2025\/12\/03\/save-the-date-4th-december-lia-at-the-grassi-museum-fur-volkerkunde\/\",\"name\":\"Save the Date, 4th December: LIA at the GRASSI Museum f\u00fcr V\u00f6lkerkunde - LIA\",\"isPartOf\":{\"@id\":\"https:\/\/liap.eu\/#website\"},\"primaryImageOfPage\":{\"@id\":\"https:\/\/liap.eu\/index.php\/de\/2025\/12\/03\/save-the-date-4th-december-lia-at-the-grassi-museum-fur-volkerkunde\/#primaryimage\"},\"image\":{\"@id\":\"https:\/\/liap.eu\/index.php\/de\/2025\/12\/03\/save-the-date-4th-december-lia-at-the-grassi-museum-fur-volkerkunde\/#primaryimage\"},\"thumbnailUrl\":\"https:\/\/liap.eu\/wp-content\/uploads\/2025\/12\/Captura-de-pantalla-2025-12-03-a-las-9.38.04.png\",\"datePublished\":\"2025-12-03T08:32:48+00:00\",\"dateModified\":\"2025-12-03T08:42:43+00:00\",\"breadcrumb\":{\"@id\":\"https:\/\/liap.eu\/index.php\/de\/2025\/12\/03\/save-the-date-4th-december-lia-at-the-grassi-museum-fur-volkerkunde\/#breadcrumb\"},\"inLanguage\":\"en-GB\",\"potentialAction\":[{\"@type\":\"ReadAction\",\"target\":[\"https:\/\/liap.eu\/index.php\/de\/2025\/12\/03\/save-the-date-4th-december-lia-at-the-grassi-museum-fur-volkerkunde\/\"]}]},{\"@type\":\"ImageObject\",\"inLanguage\":\"en-GB\",\"@id\":\"https:\/\/liap.eu\/index.php\/de\/2025\/12\/03\/save-the-date-4th-december-lia-at-the-grassi-museum-fur-volkerkunde\/#primaryimage\",\"url\":\"https:\/\/liap.eu\/wp-content\/uploads\/2025\/12\/Captura-de-pantalla-2025-12-03-a-las-9.38.04.png\",\"contentUrl\":\"https:\/\/liap.eu\/wp-content\/uploads\/2025\/12\/Captura-de-pantalla-2025-12-03-a-las-9.38.04.png\",\"width\":958,\"height\":996},{\"@type\":\"BreadcrumbList\",\"@id\":\"https:\/\/liap.eu\/index.php\/de\/2025\/12\/03\/save-the-date-4th-december-lia-at-the-grassi-museum-fur-volkerkunde\/#breadcrumb\",\"itemListElement\":[{\"@type\":\"ListItem\",\"position\":1,\"name\":\"Startseite\",\"item\":\"https:\/\/liap.eu\/index.php\/de\/\"},{\"@type\":\"ListItem\",\"position\":2,\"name\":\"Save the Date, 4th December: LIA at the GRASSI Museum f\u00fcr V\u00f6lkerkunde\"}]},{\"@type\":\"WebSite\",\"@id\":\"https:\/\/liap.eu\/#website\",\"url\":\"https:\/\/liap.eu\/\",\"name\":\"LIA - Leipzig International Art Programme\",\"description\":\"Leipzig International Art Programme\",\"publisher\":{\"@id\":\"https:\/\/liap.eu\/#organization\"},\"potentialAction\":[{\"@type\":\"SearchAction\",\"target\":{\"@type\":\"EntryPoint\",\"urlTemplate\":\"https:\/\/liap.eu\/?s={search_term_string}\"},\"query-input\":{\"@type\":\"PropertyValueSpecification\",\"valueRequired\":true,\"valueName\":\"search_term_string\"}}],\"inLanguage\":\"en-GB\"},{\"@type\":\"Organization\",\"@id\":\"https:\/\/liap.eu\/#organization\",\"name\":\"Leipzig International Art Programme\",\"url\":\"https:\/\/liap.eu\/\",\"logo\":{\"@type\":\"ImageObject\",\"inLanguage\":\"en-GB\",\"@id\":\"https:\/\/liap.eu\/#\/schema\/logo\/image\/\",\"url\":\"https:\/\/liap.eu\/wp-content\/uploads\/2021\/11\/LIAP.jpg\",\"contentUrl\":\"https:\/\/liap.eu\/wp-content\/uploads\/2021\/11\/LIAP.jpg\",\"width\":870,\"height\":140,\"caption\":\"Leipzig International Art Programme\"},\"image\":{\"@id\":\"https:\/\/liap.eu\/#\/schema\/logo\/image\/\"},\"sameAs\":[\"https:\/\/www.facebook.com\/LIAprogramme\",\"https:\/\/www.instagram.com\/lia_programme\/\",\"https:\/\/www.youtube.com\/channel\/UCVp_APjH6wtmApuu5kWgUqA\/videos\"]},{\"@type\":\"Person\",\"@id\":\"https:\/\/liap.eu\/#\/schema\/person\/6a0bff64f73ff1a6b7e1ccb7faf58204\",\"name\":\"LIA\",\"image\":{\"@type\":\"ImageObject\",\"inLanguage\":\"en-GB\",\"@id\":\"https:\/\/liap.eu\/#\/schema\/person\/image\/\",\"url\":\"https:\/\/secure.gravatar.com\/avatar\/528cc9c6a7aa20231d89b694711fbe94?s=96&d=mm&r=g\",\"contentUrl\":\"https:\/\/secure.gravatar.com\/avatar\/528cc9c6a7aa20231d89b694711fbe94?s=96&d=mm&r=g\",\"caption\":\"LIA\"},\"sameAs\":[\"https:\/\/www.facebook.com\/LIAprogramme\",\"https:\/\/www.instagram.com\/lia_programme\/\"]}]}<\/script>\n<!-- \/ Yoast SEO plugin. -->","yoast_head_json":{"title":"Save the Date, 4th December: LIA at the GRASSI Museum f\u00fcr V\u00f6lkerkunde - LIA","robots":{"index":"index","follow":"follow","max-snippet":"max-snippet:-1","max-image-preview":"max-image-preview:large","max-video-preview":"max-video-preview:-1"},"canonical":"https:\/\/liap.eu\/index.php\/de\/2025\/12\/03\/save-the-date-4th-december-lia-at-the-grassi-museum-fur-volkerkunde\/","og_locale":"en_GB","og_type":"article","og_title":"Save the Date, 4th December: LIA at the GRASSI Museum f\u00fcr V\u00f6lkerkunde - LIA","og_description":"Einladung zur Er\u00f6ffnung der Sonderausstellung\u201eWanBel \u2013 50 Jahre Unabh\u00e4ngigkeit: Papua-Neuguinea\u201c Donnerstag, 4. Dezember 2025 | 18:00 Uhr |GRASSI Museum f\u00fcr V\u00f6lkerkunde inLeipzig Die papua-neuguineische K\u00fcnstlerin Gazellah Bruder nahm von August bis Oktober 2025 dank der Unterst\u00fctzung des Ausw\u00e4rtigen Amts und dessen Forschungsprogramms zur deutschen Kolonialgeschichte am Residenzprogramm des LIA teil. Wir sind dankbar f\u00fcr ihr&hellip;Continue readingSave the Date, 4th December: LIA at the GRASSI Museum f\u00fcr V\u00f6lkerkunde","og_url":"https:\/\/liap.eu\/index.php\/de\/2025\/12\/03\/save-the-date-4th-december-lia-at-the-grassi-museum-fur-volkerkunde\/","og_site_name":"LIA","article_publisher":"https:\/\/www.facebook.com\/LIAprogramme","article_author":"https:\/\/www.facebook.com\/LIAprogramme","article_published_time":"2025-12-03T08:32:48+00:00","article_modified_time":"2025-12-03T08:42:43+00:00","og_image":[{"width":958,"height":996,"url":"https:\/\/liap.eu\/wp-content\/uploads\/2025\/12\/Captura-de-pantalla-2025-12-03-a-las-9.38.04.png","type":"image\/png"}],"author":"LIA","twitter_card":"summary_large_image","twitter_misc":{"Written by":"LIA","Estimated reading time":"2 minutes"},"schema":{"@context":"https:\/\/schema.org","@graph":[{"@type":"Article","@id":"https:\/\/liap.eu\/index.php\/de\/2025\/12\/03\/save-the-date-4th-december-lia-at-the-grassi-museum-fur-volkerkunde\/#article","isPartOf":{"@id":"https:\/\/liap.eu\/index.php\/de\/2025\/12\/03\/save-the-date-4th-december-lia-at-the-grassi-museum-fur-volkerkunde\/"},"author":{"name":"LIA","@id":"https:\/\/liap.eu\/#\/schema\/person\/6a0bff64f73ff1a6b7e1ccb7faf58204"},"headline":"Save the Date, 4th December: LIA at the GRASSI Museum f\u00fcr V\u00f6lkerkunde","datePublished":"2025-12-03T08:32:48+00:00","dateModified":"2025-12-03T08:42:43+00:00","mainEntityOfPage":{"@id":"https:\/\/liap.eu\/index.php\/de\/2025\/12\/03\/save-the-date-4th-december-lia-at-the-grassi-museum-fur-volkerkunde\/"},"wordCount":211,"publisher":{"@id":"https:\/\/liap.eu\/#organization"},"image":{"@id":"https:\/\/liap.eu\/index.php\/de\/2025\/12\/03\/save-the-date-4th-december-lia-at-the-grassi-museum-fur-volkerkunde\/#primaryimage"},"thumbnailUrl":"https:\/\/liap.eu\/wp-content\/uploads\/2025\/12\/Captura-de-pantalla-2025-12-03-a-las-9.38.04.png","articleSection":["Aktuelles","Allgemein","Projekte"],"inLanguage":"en-GB"},{"@type":"WebPage","@id":"https:\/\/liap.eu\/index.php\/de\/2025\/12\/03\/save-the-date-4th-december-lia-at-the-grassi-museum-fur-volkerkunde\/","url":"https:\/\/liap.eu\/index.php\/de\/2025\/12\/03\/save-the-date-4th-december-lia-at-the-grassi-museum-fur-volkerkunde\/","name":"Save the Date, 4th December: LIA at the GRASSI Museum f\u00fcr V\u00f6lkerkunde - LIA","isPartOf":{"@id":"https:\/\/liap.eu\/#website"},"primaryImageOfPage":{"@id":"https:\/\/liap.eu\/index.php\/de\/2025\/12\/03\/save-the-date-4th-december-lia-at-the-grassi-museum-fur-volkerkunde\/#primaryimage"},"image":{"@id":"https:\/\/liap.eu\/index.php\/de\/2025\/12\/03\/save-the-date-4th-december-lia-at-the-grassi-museum-fur-volkerkunde\/#primaryimage"},"thumbnailUrl":"https:\/\/liap.eu\/wp-content\/uploads\/2025\/12\/Captura-de-pantalla-2025-12-03-a-las-9.38.04.png","datePublished":"2025-12-03T08:32:48+00:00","dateModified":"2025-12-03T08:42:43+00:00","breadcrumb":{"@id":"https:\/\/liap.eu\/index.php\/de\/2025\/12\/03\/save-the-date-4th-december-lia-at-the-grassi-museum-fur-volkerkunde\/#breadcrumb"},"inLanguage":"en-GB","potentialAction":[{"@type":"ReadAction","target":["https:\/\/liap.eu\/index.php\/de\/2025\/12\/03\/save-the-date-4th-december-lia-at-the-grassi-museum-fur-volkerkunde\/"]}]},{"@type":"ImageObject","inLanguage":"en-GB","@id":"https:\/\/liap.eu\/index.php\/de\/2025\/12\/03\/save-the-date-4th-december-lia-at-the-grassi-museum-fur-volkerkunde\/#primaryimage","url":"https:\/\/liap.eu\/wp-content\/uploads\/2025\/12\/Captura-de-pantalla-2025-12-03-a-las-9.38.04.png","contentUrl":"https:\/\/liap.eu\/wp-content\/uploads\/2025\/12\/Captura-de-pantalla-2025-12-03-a-las-9.38.04.png","width":958,"height":996},{"@type":"BreadcrumbList","@id":"https:\/\/liap.eu\/index.php\/de\/2025\/12\/03\/save-the-date-4th-december-lia-at-the-grassi-museum-fur-volkerkunde\/#breadcrumb","itemListElement":[{"@type":"ListItem","position":1,"name":"Startseite","item":"https:\/\/liap.eu\/index.php\/de\/"},{"@type":"ListItem","position":2,"name":"Save the Date, 4th December: LIA at the GRASSI Museum f\u00fcr V\u00f6lkerkunde"}]},{"@type":"WebSite","@id":"https:\/\/liap.eu\/#website","url":"https:\/\/liap.eu\/","name":"LIA - Leipzig International Art Programme","description":"Leipzig International Art Programme","publisher":{"@id":"https:\/\/liap.eu\/#organization"},"potentialAction":[{"@type":"SearchAction","target":{"@type":"EntryPoint","urlTemplate":"https:\/\/liap.eu\/?s={search_term_string}"},"query-input":{"@type":"PropertyValueSpecification","valueRequired":true,"valueName":"search_term_string"}}],"inLanguage":"en-GB"},{"@type":"Organization","@id":"https:\/\/liap.eu\/#organization","name":"Leipzig International Art Programme","url":"https:\/\/liap.eu\/","logo":{"@type":"ImageObject","inLanguage":"en-GB","@id":"https:\/\/liap.eu\/#\/schema\/logo\/image\/","url":"https:\/\/liap.eu\/wp-content\/uploads\/2021\/11\/LIAP.jpg","contentUrl":"https:\/\/liap.eu\/wp-content\/uploads\/2021\/11\/LIAP.jpg","width":870,"height":140,"caption":"Leipzig International Art Programme"},"image":{"@id":"https:\/\/liap.eu\/#\/schema\/logo\/image\/"},"sameAs":["https:\/\/www.facebook.com\/LIAprogramme","https:\/\/www.instagram.com\/lia_programme\/","https:\/\/www.youtube.com\/channel\/UCVp_APjH6wtmApuu5kWgUqA\/videos"]},{"@type":"Person","@id":"https:\/\/liap.eu\/#\/schema\/person\/6a0bff64f73ff1a6b7e1ccb7faf58204","name":"LIA","image":{"@type":"ImageObject","inLanguage":"en-GB","@id":"https:\/\/liap.eu\/#\/schema\/person\/image\/","url":"https:\/\/secure.gravatar.com\/avatar\/528cc9c6a7aa20231d89b694711fbe94?s=96&d=mm&r=g","contentUrl":"https:\/\/secure.gravatar.com\/avatar\/528cc9c6a7aa20231d89b694711fbe94?s=96&d=mm&r=g","caption":"LIA"},"sameAs":["https:\/\/www.facebook.com\/LIAprogramme","https:\/\/www.instagram.com\/lia_programme\/"]}]}},"uagb_featured_image_src":{"full":["https:\/\/liap.eu\/wp-content\/uploads\/2025\/12\/Captura-de-pantalla-2025-12-03-a-las-9.38.04.png",958,996,false],"thumbnail":["https:\/\/liap.eu\/wp-content\/uploads\/2025\/12\/Captura-de-pantalla-2025-12-03-a-las-9.38.04.png",92,96,false],"medium":["https:\/\/liap.eu\/wp-content\/uploads\/2025\/12\/Captura-de-pantalla-2025-12-03-a-las-9.38.04.png",958,996,false],"medium_large":["https:\/\/liap.eu\/wp-content\/uploads\/2025\/12\/Captura-de-pantalla-2025-12-03-a-las-9.38.04-768x798.png",768,798,true],"large":["https:\/\/liap.eu\/wp-content\/uploads\/2025\/12\/Captura-de-pantalla-2025-12-03-a-las-9.38.04.png",958,996,false],"1536x1536":["https:\/\/liap.eu\/wp-content\/uploads\/2025\/12\/Captura-de-pantalla-2025-12-03-a-las-9.38.04.png",958,996,false],"2048x2048":["https:\/\/liap.eu\/wp-content\/uploads\/2025\/12\/Captura-de-pantalla-2025-12-03-a-las-9.38.04.png",958,996,false],"post-thumbnail":["https:\/\/liap.eu\/wp-content\/uploads\/2025\/12\/Captura-de-pantalla-2025-12-03-a-las-9.38.04.png",958,996,false],"twentytwenty-fullscreen":["https:\/\/liap.eu\/wp-content\/uploads\/2025\/12\/Captura-de-pantalla-2025-12-03-a-las-9.38.04.png",958,996,false]},"uagb_author_info":{"display_name":"LIA","author_link":"https:\/\/liap.eu\/index.php\/author\/bierau\/"},"uagb_comment_info":0,"uagb_excerpt":"Einladung zur Er\u00f6ffnung der Sonderausstellung\u201eWanBel \u2013 50 Jahre Unabh\u00e4ngigkeit: Papua-Neuguinea\u201c Donnerstag, 4. Dezember 2025 | 18:00 Uhr |GRASSI Museum f\u00fcr V\u00f6lkerkunde inLeipzig Die papua-neuguineische K\u00fcnstlerin Gazellah Bruder nahm von August bis Oktober 2025 dank der Unterst\u00fctzung des Ausw\u00e4rtigen Amts und dessen Forschungsprogramms zur deutschen Kolonialgeschichte am Residenzprogramm des LIA teil. Wir sind dankbar f\u00fcr ihr&hellip;Continue&hellip;","_links":{"self":[{"href":"https:\/\/liap.eu\/index.php\/wp-json\/wp\/v2\/posts\/12529"}],"collection":[{"href":"https:\/\/liap.eu\/index.php\/wp-json\/wp\/v2\/posts"}],"about":[{"href":"https:\/\/liap.eu\/index.php\/wp-json\/wp\/v2\/types\/post"}],"author":[{"embeddable":true,"href":"https:\/\/liap.eu\/index.php\/wp-json\/wp\/v2\/users\/4"}],"replies":[{"embeddable":true,"href":"https:\/\/liap.eu\/index.php\/wp-json\/wp\/v2\/comments?post=12529"}],"version-history":[{"count":3,"href":"https:\/\/liap.eu\/index.php\/wp-json\/wp\/v2\/posts\/12529\/revisions"}],"predecessor-version":[{"id":12541,"href":"https:\/\/liap.eu\/index.php\/wp-json\/wp\/v2\/posts\/12529\/revisions\/12541"}],"wp:featuredmedia":[{"embeddable":true,"href":"https:\/\/liap.eu\/index.php\/wp-json\/wp\/v2\/media\/12538"}],"wp:attachment":[{"href":"https:\/\/liap.eu\/index.php\/wp-json\/wp\/v2\/media?parent=12529"}],"wp:term":[{"taxonomy":"category","embeddable":true,"href":"https:\/\/liap.eu\/index.php\/wp-json\/wp\/v2\/categories?post=12529"},{"taxonomy":"post_tag","embeddable":true,"href":"https:\/\/liap.eu\/index.php\/wp-json\/wp\/v2\/tags?post=12529"}],"curies":[{"name":"wp","href":"https:\/\/api.w.org\/{rel}","templated":true}]}}