{"id":1701,"date":"2017-03-29T09:40:22","date_gmt":"2017-03-29T07:40:22","guid":{"rendered":"http:\/\/liap.eu\/?p=1701"},"modified":"2017-03-29T09:40:22","modified_gmt":"2017-03-29T07:40:22","slug":"valerie-gilbert-2","status":"publish","type":"post","link":"https:\/\/liap.eu\/index.php\/2017\/03\/29\/valerie-gilbert-2\/","title":{"rendered":"Valerie Gilbert"},"content":{"rendered":"<p><a href=\"http:\/\/liap.eu\/wp-content\/uploads\/2017\/03\/Valerie-Gilbert.jpeg\"><img loading=\"lazy\" decoding=\"async\" class=\"alignleft size-medium wp-image-1694\" src=\"http:\/\/liap.eu\/wp-content\/uploads\/2017\/03\/Valerie-Gilbert-154x300.jpeg\" alt=\"\" width=\"154\" height=\"300\" srcset=\"https:\/\/liap.eu\/wp-content\/uploads\/2017\/03\/Valerie-Gilbert-154x300.jpeg 154w, https:\/\/liap.eu\/wp-content\/uploads\/2017\/03\/Valerie-Gilbert.jpeg 525w\" sizes=\"(max-width: 154px) 100vw, 154px\" \/><\/a><\/p>\n<p>lives and works in New York. She is currently enrolled at The New York Academy of Art for his Master of Fine Arts.<\/p>\n<p>Starting fall 2014: Master degree in Fine Arts at the New York Academy of Art (NYAA)<br \/>\n[BAC] Fine Arts: Major Painting &amp; Drawing<br \/>\nConcordia University in Montreal<br \/>\n[DEC] College degree in art<br \/>\nCegep Ste-Foy at Quebec City (Canada)<\/p>\n<p><strong>Formations: (mainly outside of the academic structure)<\/strong><br \/>\n2012 Workshop \u2018\u2019Kama pigment\u2019\u2019: paint manufacturing, acrylic, oil, Egg Tempera paint, tube, handmade varnish, handmade gesso, gold leaf application.<\/p>\n<p>2011- 2009 Formation (pastel drawing &amp; portrait) Artist Mrs. Marie-Jos\u00e9e Larochelle.<\/p>\n<p>2009 Formation (oil painting &amp; portrait) Haitian artist, Mr. Herv\u00e9 LeBreton of Montreal.<\/p>\n<p>2008 Formation (oil painting) Surrealist multi-disciplinary artist Mr. Andr\u00e9 Labb\u00e9 of Montreal.<br \/>\nFormation (water color for landscape representation) Artist Mr. Jean-Rock Labrie.<\/p>\n<p>2005 Formation (natural pigments &amp; gold leaves) Artist Mrs.Yolande Bernier.<\/p>\n<p><strong>Voluntary work<\/strong><br \/>\n2012-2013 Participation at \u2018\u2019Black history month\u2019\u2019 for Youth and Family Centres Batshaw hospital.<\/p>\n<p>2010 Louis-Philippe-Par\u00e9 High School,Ch\u00e2teaugay teacher Mrs.Virginie Th\u00e9oret, Painting workshop with 10-15 years old. Fundraising \u2018\u2019school supply in Africa. \u2018\u2019<\/p>\n<p>2003-2004 Responsible for the Makeup for the Cabotins Theater Company for the theater play The heroes of my childhood.<\/p>\n<p>2002-2003 Live painting in Montreal, at the Annual Meeting of the BGE (Brundtland Green Establishment) which seeks to promote: ecology, peace and solidarity values.<br \/>\nMakeup Artist for the Cabotins Theater Company for the play \u00abThe chark cercle\u00bb.<\/p>\n<p><strong>Collective Exhibitions<\/strong><br \/>\n2013 Galleria la Pigna UCAI, Palais Maffaei Marescotti, Vatican. Rome, Italy, 38th International Exhibition of the CAPSQ.<br \/>\nBeffroi gallery, Bruges Belgium. 37th International Exhibition of the CAPSQ.<br \/>\nART MATTERS FESTIVAL At the Casa Del Popolo, 4873 St. Laurent Blvd Montreal on March 1st to February 1st, 2013.<\/p>\n<p>2012 Marius Barbeau Museum of Saint-Joseph de Beauce, Contest of the 9th edition of Artworks. Winner of the Jury Award.<br \/>\nExpos Rally 2012, Views of Africa, at the Corrid&#8217;Art Gallery of the F Company (entrepreneurship for women center) Montreal. Bousmaha Seddiki Commissioner.<br \/>\nExpos Rally 2012, Views of Africa, Exhibition studio Bizz, Mont-Royal, Montreal.<\/p>\n<p><strong>Solo Exhibitions<\/strong><br \/>\n2014-2015 Marius Barbeau Museum St-Joseph de Beauce. Title to be determined. Louise Senecal, Commissioner.<\/p>\n<p>2013 Moulin la Lorraine Art center, Lake Etchemin. Yvy, by Valerie Gilbert. Jos\u00e9e Marceau, Commissioner<\/p>\n<p>2012 Thetford Mines Arts Station. Academical retrospectives, from primary school to university. Daniel Tremblay, Commissioner.<br \/>\nGallery Corrid&#8217;Art of F Company of Montreal City. \u00abMy Universe\u00bb.<br \/>\nExpos Rally 2012 Views of Africa, at Studio Bizz in Montreal. Exhibition G, by Valerie Gilbert. Bousmaha Seddiki, Commissioner.<br \/>\nBatshaw Hospital, Youth and Family Center in Montreal (Batshaw Center) , at the conference of Dr. Charmaine A. Nelson. History of Art and Communication associate teacher, McGill University. Activity organized for \u2018\u2019the month for black people\u2019\u2019<br \/>\nBatshaw Hospital, Youth and Family Center in Montreal, during the projection of the film &#8220;Colour Me.&#8221; Activity organized for \u2018\u2019the month for black people\u2019\u2019<\/p>\n<p><strong>Prize and honor<\/strong><br \/>\n2012 1e Grand Prix for Distinct techniques, Gala- Contest of the circle of painters and sculptor of Quebec.<br \/>\nGrand Prix of Art Contest, at the Marius Barbeau Museum, for the MRC Appalaches.<br \/>\nJury Prize \u00abMoulin La Lorraine\u00bb, attributed to the next generation (16 to 35 years), Marius Barbeau Museum art contest.<br \/>\nTitle of personality of the month of March, Zenith Gala of the business chamber and Industry of Thetford Mines.<\/p>\n<p>2010 Invitation to join the Golden Key society for academic excellence.<\/p>\n<p>2009 Mention, synthesis project, college degree (DEC= college diploma)<\/p>\n<p><strong>Bibliography<\/strong><br \/>\nUniversity works<br \/>\nUniversity presentation on Valerie Gilbert, graphic evolution: plastic evolution, presented by Daniel Laflamme University of Sherbrook, Province of Quebec Canada.<\/p>\n<p><strong>Contact<\/strong><br \/>\n<a href=\"mailto:valeriegilbert@hotmail.com\">valeriegilbert@hotmail.com<\/a><br \/>\n<a href=\"http:\/\/www.yvyvegart.com\" target=\"_blank\">www.yvyvegart.com<\/a><\/p>\n","protected":false},"excerpt":{"rendered":"<p>lives and works in New York. She is currently enrolled at The New York Academy of Art for his Master of Fine Arts. Starting fall 2014: Master degree in Fine Arts at the New York Academy of Art (NYAA) [BAC] Fine Arts: Major Painting &amp; Drawing Concordia University in Montreal [DEC] College degree in art&hellip;<a href=\"https:\/\/liap.eu\/index.php\/2017\/03\/29\/valerie-gilbert-2\/\" class=\"more-link\"><span>Continue reading<\/span><span class=\"screen-reader-text\">Valerie Gilbert<\/span><\/a><\/p>\n","protected":false},"author":3,"featured_media":1694,"comment_status":"closed","ping_status":"closed","sticky":false,"template":"templates\/template-full-width.php","format":"standard","meta":{"om_disable_all_campaigns":false,"_uag_custom_page_level_css":"","footnotes":""},"categories":[127],"tags":[],"class_list":["post-1701","post","type-post","status-publish","format-standard","has-post-thumbnail","hentry","category-artists-2015","tw-meta-no-icon"],"yoast_head":"<!-- This site is optimized with the Yoast SEO plugin v25.6 - https:\/\/yoast.com\/wordpress\/plugins\/seo\/ -->\n<title>Valerie Gilbert - LIA<\/title>\n<meta name=\"robots\" content=\"index, follow, max-snippet:-1, max-image-preview:large, max-video-preview:-1\" \/>\n<link rel=\"canonical\" href=\"https:\/\/liap.eu\/index.php\/2017\/03\/29\/valerie-gilbert-2\/\" \/>\n<meta property=\"og:locale\" content=\"en_GB\" \/>\n<meta property=\"og:type\" content=\"article\" \/>\n<meta property=\"og:title\" content=\"Valerie Gilbert - LIA\" \/>\n<meta property=\"og:description\" content=\"lives and works in New York. She is currently enrolled at The New York Academy of Art for his Master of Fine Arts. Starting fall 2014: Master degree in Fine Arts at the New York Academy of Art (NYAA) [BAC] Fine Arts: Major Painting &amp; Drawing Concordia University in Montreal [DEC] College degree in art&hellip;Continue readingValerie Gilbert\" \/>\n<meta property=\"og:url\" content=\"https:\/\/liap.eu\/index.php\/2017\/03\/29\/valerie-gilbert-2\/\" \/>\n<meta property=\"og:site_name\" content=\"LIA\" \/>\n<meta property=\"article:publisher\" content=\"https:\/\/www.facebook.com\/LIAprogramme\" \/>\n<meta property=\"article:published_time\" content=\"2017-03-29T07:40:22+00:00\" \/>\n<meta property=\"og:image\" content=\"https:\/\/liap.eu\/wp-content\/uploads\/2017\/03\/Valerie-Gilbert.jpeg\" \/>\n\t<meta property=\"og:image:width\" content=\"525\" \/>\n\t<meta property=\"og:image:height\" content=\"1024\" \/>\n\t<meta property=\"og:image:type\" content=\"image\/jpeg\" \/>\n<meta name=\"author\" content=\"admin\" \/>\n<meta name=\"twitter:card\" content=\"summary_large_image\" \/>\n<meta name=\"twitter:label1\" content=\"Written by\" \/>\n\t<meta name=\"twitter:data1\" content=\"admin\" \/>\n\t<meta name=\"twitter:label2\" content=\"Estimated reading time\" \/>\n\t<meta name=\"twitter:data2\" content=\"3 minutes\" \/>\n<script type=\"application\/ld+json\" class=\"yoast-schema-graph\">{\"@context\":\"https:\/\/schema.org\",\"@graph\":[{\"@type\":\"Article\",\"@id\":\"https:\/\/liap.eu\/index.php\/2017\/03\/29\/valerie-gilbert-2\/#article\",\"isPartOf\":{\"@id\":\"https:\/\/liap.eu\/index.php\/2017\/03\/29\/valerie-gilbert-2\/\"},\"author\":{\"name\":\"admin\",\"@id\":\"https:\/\/liap.eu\/#\/schema\/person\/c0016ebd6cdceb3e72cd61a3cea7577c\"},\"headline\":\"Valerie Gilbert\",\"datePublished\":\"2017-03-29T07:40:22+00:00\",\"mainEntityOfPage\":{\"@id\":\"https:\/\/liap.eu\/index.php\/2017\/03\/29\/valerie-gilbert-2\/\"},\"wordCount\":579,\"publisher\":{\"@id\":\"https:\/\/liap.eu\/#organization\"},\"image\":{\"@id\":\"https:\/\/liap.eu\/index.php\/2017\/03\/29\/valerie-gilbert-2\/#primaryimage\"},\"thumbnailUrl\":\"https:\/\/liap.eu\/wp-content\/uploads\/2017\/03\/Valerie-Gilbert.jpeg\",\"articleSection\":[\"Artists 2015\"],\"inLanguage\":\"en-GB\"},{\"@type\":\"WebPage\",\"@id\":\"https:\/\/liap.eu\/index.php\/2017\/03\/29\/valerie-gilbert-2\/\",\"url\":\"https:\/\/liap.eu\/index.php\/2017\/03\/29\/valerie-gilbert-2\/\",\"name\":\"Valerie Gilbert - LIA\",\"isPartOf\":{\"@id\":\"https:\/\/liap.eu\/#website\"},\"primaryImageOfPage\":{\"@id\":\"https:\/\/liap.eu\/index.php\/2017\/03\/29\/valerie-gilbert-2\/#primaryimage\"},\"image\":{\"@id\":\"https:\/\/liap.eu\/index.php\/2017\/03\/29\/valerie-gilbert-2\/#primaryimage\"},\"thumbnailUrl\":\"https:\/\/liap.eu\/wp-content\/uploads\/2017\/03\/Valerie-Gilbert.jpeg\",\"datePublished\":\"2017-03-29T07:40:22+00:00\",\"breadcrumb\":{\"@id\":\"https:\/\/liap.eu\/index.php\/2017\/03\/29\/valerie-gilbert-2\/#breadcrumb\"},\"inLanguage\":\"en-GB\",\"potentialAction\":[{\"@type\":\"ReadAction\",\"target\":[\"https:\/\/liap.eu\/index.php\/2017\/03\/29\/valerie-gilbert-2\/\"]}]},{\"@type\":\"ImageObject\",\"inLanguage\":\"en-GB\",\"@id\":\"https:\/\/liap.eu\/index.php\/2017\/03\/29\/valerie-gilbert-2\/#primaryimage\",\"url\":\"https:\/\/liap.eu\/wp-content\/uploads\/2017\/03\/Valerie-Gilbert.jpeg\",\"contentUrl\":\"https:\/\/liap.eu\/wp-content\/uploads\/2017\/03\/Valerie-Gilbert.jpeg\",\"width\":525,\"height\":1024},{\"@type\":\"BreadcrumbList\",\"@id\":\"https:\/\/liap.eu\/index.php\/2017\/03\/29\/valerie-gilbert-2\/#breadcrumb\",\"itemListElement\":[{\"@type\":\"ListItem\",\"position\":1,\"name\":\"Startseite\",\"item\":\"https:\/\/liap.eu\/index.php\/de\/\"},{\"@type\":\"ListItem\",\"position\":2,\"name\":\"Valerie Gilbert\"}]},{\"@type\":\"WebSite\",\"@id\":\"https:\/\/liap.eu\/#website\",\"url\":\"https:\/\/liap.eu\/\",\"name\":\"LIA - Leipzig International Art Programme\",\"description\":\"Leipzig International Art Programme\",\"publisher\":{\"@id\":\"https:\/\/liap.eu\/#organization\"},\"potentialAction\":[{\"@type\":\"SearchAction\",\"target\":{\"@type\":\"EntryPoint\",\"urlTemplate\":\"https:\/\/liap.eu\/?s={search_term_string}\"},\"query-input\":{\"@type\":\"PropertyValueSpecification\",\"valueRequired\":true,\"valueName\":\"search_term_string\"}}],\"inLanguage\":\"en-GB\"},{\"@type\":\"Organization\",\"@id\":\"https:\/\/liap.eu\/#organization\",\"name\":\"Leipzig International Art Programme\",\"url\":\"https:\/\/liap.eu\/\",\"logo\":{\"@type\":\"ImageObject\",\"inLanguage\":\"en-GB\",\"@id\":\"https:\/\/liap.eu\/#\/schema\/logo\/image\/\",\"url\":\"https:\/\/liap.eu\/wp-content\/uploads\/2021\/11\/LIAP.jpg\",\"contentUrl\":\"https:\/\/liap.eu\/wp-content\/uploads\/2021\/11\/LIAP.jpg\",\"width\":870,\"height\":140,\"caption\":\"Leipzig International Art Programme\"},\"image\":{\"@id\":\"https:\/\/liap.eu\/#\/schema\/logo\/image\/\"},\"sameAs\":[\"https:\/\/www.facebook.com\/LIAprogramme\",\"https:\/\/www.instagram.com\/lia_programme\/\",\"https:\/\/www.youtube.com\/channel\/UCVp_APjH6wtmApuu5kWgUqA\/videos\"]},{\"@type\":\"Person\",\"@id\":\"https:\/\/liap.eu\/#\/schema\/person\/c0016ebd6cdceb3e72cd61a3cea7577c\",\"name\":\"admin\",\"image\":{\"@type\":\"ImageObject\",\"inLanguage\":\"en-GB\",\"@id\":\"https:\/\/liap.eu\/#\/schema\/person\/image\/\",\"url\":\"https:\/\/secure.gravatar.com\/avatar\/c57aaae4a0c224128d9190c182b32fe4?s=96&d=mm&r=g\",\"contentUrl\":\"https:\/\/secure.gravatar.com\/avatar\/c57aaae4a0c224128d9190c182b32fe4?s=96&d=mm&r=g\",\"caption\":\"admin\"}}]}<\/script>\n<!-- \/ Yoast SEO plugin. -->","yoast_head_json":{"title":"Valerie Gilbert - LIA","robots":{"index":"index","follow":"follow","max-snippet":"max-snippet:-1","max-image-preview":"max-image-preview:large","max-video-preview":"max-video-preview:-1"},"canonical":"https:\/\/liap.eu\/index.php\/2017\/03\/29\/valerie-gilbert-2\/","og_locale":"en_GB","og_type":"article","og_title":"Valerie Gilbert - LIA","og_description":"lives and works in New York. She is currently enrolled at The New York Academy of Art for his Master of Fine Arts. Starting fall 2014: Master degree in Fine Arts at the New York Academy of Art (NYAA) [BAC] Fine Arts: Major Painting &amp; Drawing Concordia University in Montreal [DEC] College degree in art&hellip;Continue readingValerie Gilbert","og_url":"https:\/\/liap.eu\/index.php\/2017\/03\/29\/valerie-gilbert-2\/","og_site_name":"LIA","article_publisher":"https:\/\/www.facebook.com\/LIAprogramme","article_published_time":"2017-03-29T07:40:22+00:00","og_image":[{"width":525,"height":1024,"url":"https:\/\/liap.eu\/wp-content\/uploads\/2017\/03\/Valerie-Gilbert.jpeg","type":"image\/jpeg"}],"author":"admin","twitter_card":"summary_large_image","twitter_misc":{"Written by":"admin","Estimated reading time":"3 minutes"},"schema":{"@context":"https:\/\/schema.org","@graph":[{"@type":"Article","@id":"https:\/\/liap.eu\/index.php\/2017\/03\/29\/valerie-gilbert-2\/#article","isPartOf":{"@id":"https:\/\/liap.eu\/index.php\/2017\/03\/29\/valerie-gilbert-2\/"},"author":{"name":"admin","@id":"https:\/\/liap.eu\/#\/schema\/person\/c0016ebd6cdceb3e72cd61a3cea7577c"},"headline":"Valerie Gilbert","datePublished":"2017-03-29T07:40:22+00:00","mainEntityOfPage":{"@id":"https:\/\/liap.eu\/index.php\/2017\/03\/29\/valerie-gilbert-2\/"},"wordCount":579,"publisher":{"@id":"https:\/\/liap.eu\/#organization"},"image":{"@id":"https:\/\/liap.eu\/index.php\/2017\/03\/29\/valerie-gilbert-2\/#primaryimage"},"thumbnailUrl":"https:\/\/liap.eu\/wp-content\/uploads\/2017\/03\/Valerie-Gilbert.jpeg","articleSection":["Artists 2015"],"inLanguage":"en-GB"},{"@type":"WebPage","@id":"https:\/\/liap.eu\/index.php\/2017\/03\/29\/valerie-gilbert-2\/","url":"https:\/\/liap.eu\/index.php\/2017\/03\/29\/valerie-gilbert-2\/","name":"Valerie Gilbert - LIA","isPartOf":{"@id":"https:\/\/liap.eu\/#website"},"primaryImageOfPage":{"@id":"https:\/\/liap.eu\/index.php\/2017\/03\/29\/valerie-gilbert-2\/#primaryimage"},"image":{"@id":"https:\/\/liap.eu\/index.php\/2017\/03\/29\/valerie-gilbert-2\/#primaryimage"},"thumbnailUrl":"https:\/\/liap.eu\/wp-content\/uploads\/2017\/03\/Valerie-Gilbert.jpeg","datePublished":"2017-03-29T07:40:22+00:00","breadcrumb":{"@id":"https:\/\/liap.eu\/index.php\/2017\/03\/29\/valerie-gilbert-2\/#breadcrumb"},"inLanguage":"en-GB","potentialAction":[{"@type":"ReadAction","target":["https:\/\/liap.eu\/index.php\/2017\/03\/29\/valerie-gilbert-2\/"]}]},{"@type":"ImageObject","inLanguage":"en-GB","@id":"https:\/\/liap.eu\/index.php\/2017\/03\/29\/valerie-gilbert-2\/#primaryimage","url":"https:\/\/liap.eu\/wp-content\/uploads\/2017\/03\/Valerie-Gilbert.jpeg","contentUrl":"https:\/\/liap.eu\/wp-content\/uploads\/2017\/03\/Valerie-Gilbert.jpeg","width":525,"height":1024},{"@type":"BreadcrumbList","@id":"https:\/\/liap.eu\/index.php\/2017\/03\/29\/valerie-gilbert-2\/#breadcrumb","itemListElement":[{"@type":"ListItem","position":1,"name":"Startseite","item":"https:\/\/liap.eu\/index.php\/de\/"},{"@type":"ListItem","position":2,"name":"Valerie Gilbert"}]},{"@type":"WebSite","@id":"https:\/\/liap.eu\/#website","url":"https:\/\/liap.eu\/","name":"LIA - Leipzig International Art Programme","description":"Leipzig International Art Programme","publisher":{"@id":"https:\/\/liap.eu\/#organization"},"potentialAction":[{"@type":"SearchAction","target":{"@type":"EntryPoint","urlTemplate":"https:\/\/liap.eu\/?s={search_term_string}"},"query-input":{"@type":"PropertyValueSpecification","valueRequired":true,"valueName":"search_term_string"}}],"inLanguage":"en-GB"},{"@type":"Organization","@id":"https:\/\/liap.eu\/#organization","name":"Leipzig International Art Programme","url":"https:\/\/liap.eu\/","logo":{"@type":"ImageObject","inLanguage":"en-GB","@id":"https:\/\/liap.eu\/#\/schema\/logo\/image\/","url":"https:\/\/liap.eu\/wp-content\/uploads\/2021\/11\/LIAP.jpg","contentUrl":"https:\/\/liap.eu\/wp-content\/uploads\/2021\/11\/LIAP.jpg","width":870,"height":140,"caption":"Leipzig International Art Programme"},"image":{"@id":"https:\/\/liap.eu\/#\/schema\/logo\/image\/"},"sameAs":["https:\/\/www.facebook.com\/LIAprogramme","https:\/\/www.instagram.com\/lia_programme\/","https:\/\/www.youtube.com\/channel\/UCVp_APjH6wtmApuu5kWgUqA\/videos"]},{"@type":"Person","@id":"https:\/\/liap.eu\/#\/schema\/person\/c0016ebd6cdceb3e72cd61a3cea7577c","name":"admin","image":{"@type":"ImageObject","inLanguage":"en-GB","@id":"https:\/\/liap.eu\/#\/schema\/person\/image\/","url":"https:\/\/secure.gravatar.com\/avatar\/c57aaae4a0c224128d9190c182b32fe4?s=96&d=mm&r=g","contentUrl":"https:\/\/secure.gravatar.com\/avatar\/c57aaae4a0c224128d9190c182b32fe4?s=96&d=mm&r=g","caption":"admin"}}]}},"uagb_featured_image_src":{"full":["https:\/\/liap.eu\/wp-content\/uploads\/2017\/03\/Valerie-Gilbert.jpeg",525,1024,false],"thumbnail":["https:\/\/liap.eu\/wp-content\/uploads\/2017\/03\/Valerie-Gilbert-150x150.jpeg",96,96,true],"medium":["https:\/\/liap.eu\/wp-content\/uploads\/2017\/03\/Valerie-Gilbert-154x300.jpeg",154,300,true],"medium_large":["https:\/\/liap.eu\/wp-content\/uploads\/2017\/03\/Valerie-Gilbert.jpeg",525,1024,false],"large":["https:\/\/liap.eu\/wp-content\/uploads\/2017\/03\/Valerie-Gilbert-525x1024.jpeg",525,1024,true],"1536x1536":["https:\/\/liap.eu\/wp-content\/uploads\/2017\/03\/Valerie-Gilbert.jpeg",525,1024,false],"2048x2048":["https:\/\/liap.eu\/wp-content\/uploads\/2017\/03\/Valerie-Gilbert.jpeg",525,1024,false],"post-thumbnail":["https:\/\/liap.eu\/wp-content\/uploads\/2017\/03\/Valerie-Gilbert.jpeg",525,1024,false],"twentytwenty-fullscreen":["https:\/\/liap.eu\/wp-content\/uploads\/2017\/03\/Valerie-Gilbert.jpeg",525,1024,false]},"uagb_author_info":{"display_name":"admin","author_link":"https:\/\/liap.eu\/index.php\/author\/admin\/"},"uagb_comment_info":0,"uagb_excerpt":"lives and works in New York. She is currently enrolled at The New York Academy of Art for his Master of Fine Arts. Starting fall 2014: Master degree in Fine Arts at the New York Academy of Art (NYAA) [BAC] Fine Arts: Major Painting &amp; Drawing Concordia University in Montreal [DEC] College degree in art&hellip;Continue&hellip;","_links":{"self":[{"href":"https:\/\/liap.eu\/index.php\/wp-json\/wp\/v2\/posts\/1701"}],"collection":[{"href":"https:\/\/liap.eu\/index.php\/wp-json\/wp\/v2\/posts"}],"about":[{"href":"https:\/\/liap.eu\/index.php\/wp-json\/wp\/v2\/types\/post"}],"author":[{"embeddable":true,"href":"https:\/\/liap.eu\/index.php\/wp-json\/wp\/v2\/users\/3"}],"replies":[{"embeddable":true,"href":"https:\/\/liap.eu\/index.php\/wp-json\/wp\/v2\/comments?post=1701"}],"version-history":[{"count":1,"href":"https:\/\/liap.eu\/index.php\/wp-json\/wp\/v2\/posts\/1701\/revisions"}],"predecessor-version":[{"id":1702,"href":"https:\/\/liap.eu\/index.php\/wp-json\/wp\/v2\/posts\/1701\/revisions\/1702"}],"wp:featuredmedia":[{"embeddable":true,"href":"https:\/\/liap.eu\/index.php\/wp-json\/wp\/v2\/media\/1694"}],"wp:attachment":[{"href":"https:\/\/liap.eu\/index.php\/wp-json\/wp\/v2\/media?parent=1701"}],"wp:term":[{"taxonomy":"category","embeddable":true,"href":"https:\/\/liap.eu\/index.php\/wp-json\/wp\/v2\/categories?post=1701"},{"taxonomy":"post_tag","embeddable":true,"href":"https:\/\/liap.eu\/index.php\/wp-json\/wp\/v2\/tags?post=1701"}],"curies":[{"name":"wp","href":"https:\/\/api.w.org\/{rel}","templated":true}]}}