{"id":1927,"date":"2017-03-29T17:42:47","date_gmt":"2017-03-29T15:42:47","guid":{"rendered":"http:\/\/liap.eu\/?p=1927"},"modified":"2017-03-29T17:42:47","modified_gmt":"2017-03-29T15:42:47","slug":"daniel-lannes","status":"publish","type":"post","link":"https:\/\/liap.eu\/index.php\/de\/2017\/03\/29\/daniel-lannes\/","title":{"rendered":"Daniel Lannes"},"content":{"rendered":"<p><a href=\"http:\/\/liap.eu\/wp-content\/uploads\/2017\/03\/Daniel-Lannes.jpeg\"><img loading=\"lazy\" decoding=\"async\" class=\"alignnone size-medium wp-image-1929\" src=\"http:\/\/liap.eu\/wp-content\/uploads\/2017\/03\/Daniel-Lannes-300x200.jpeg\" alt=\"\" width=\"300\" height=\"200\" srcset=\"https:\/\/liap.eu\/wp-content\/uploads\/2017\/03\/Daniel-Lannes-300x200.jpeg 300w, https:\/\/liap.eu\/wp-content\/uploads\/2017\/03\/Daniel-Lannes-768x512.jpeg 768w, https:\/\/liap.eu\/wp-content\/uploads\/2017\/03\/Daniel-Lannes.jpeg 900w\" sizes=\"(max-width: 300px) 100vw, 300px\" \/><\/a><\/p>\n<p><a href=\"http:\/\/www.daniellannes.com\" target=\"_blank\">www.daniellannes.com<\/a><\/p>\n<p>Daniel Lannes Pereira<\/p>\n<p>Geboren 1981 in Niter\u00f3i, RJ. Lebt und arbeitet in Rio de Janeiro, Brasilien.<\/p>\n<p><strong>Ausbildung<\/strong><br \/>\n2010\/2012\u00a0 MFA in Visual Languages at UFRJ (Federal University of Rio de Janeiro)<\/p>\n<p>2003\/2008\u00a0 Parque Lage School of Visual Arts<\/p>\n<p>2002\/2006\u00a0 Social Communications &#8211; PUC-RIO<\/p>\n<p>2004\/2005\u00a0 State University of New York\/ Fine Arts<\/p>\n<p>1999\/2001\u00a0 School of Fine Arts UFRJ\u00a0 ( Federal University of Rio de Janeiro)<\/p>\n<p><strong>Einzelausstellungen<\/strong><br \/>\n2015 Col\u00f4nia \u2013 Galeria Bar\u00f3, S\u00e3o Paulo<\/p>\n<p>2014 Costumes \u2013 Galeria Luciana Caravello Arte Contempor\u00e2nea, Rio de Janeiro<\/p>\n<p>2012 Dil\u00favio \u2013 Galeria Luciana Caravello Arte Contempor\u00e2nea, Rio de Janeir<\/p>\n<p>2011 Rep\u00fablica, MAM &#8211; Museu de Arte Moderna, Rio de Janeiro<br \/>\nS\u00f3 Lazer, Galeria de Arte IBEU, Rio de Janeiro<\/p>\n<p>2008 SALE, Galeria Choque Cultural, S\u00e3o Paulo<\/p>\n<p>2007 Midnight Paintings, Programa anual de exposi\u00e7\u00f5es Centro Cultural S\u00e3o Paulo, S\u00e3o Paulo<\/p>\n<p>2006 P\u00e3o &amp; Circo, Centro Cultural C\u00e2ndido Mendes \/Centro, pequena galeria, Rio de Janeiro<\/p>\n<p><strong>Gruppenausstellungen<\/strong><br \/>\n2016 H\u00d6HENRAUSCH\u00a0, Eigen + Art gallery, Berlin, Germany<br \/>\nAo Amor do P\u00fablico I \u2013 Donations from the RioArt fair (2012-2015), curated by Paulo Herkenhoff<\/p>\n<p>2015 Tarsila e Mulheres Modernas no Rio, MAR &#8211; Museu de Arte do Rio, Rio de Janeiro, curated by Paulo Herkenhoff e Marcelo Campos<br \/>\nRenaissance, Maison Folie Wazemmes, Lille, France<\/p>\n<p>2014 Corpo Humano, Curated by Raphael Fonseca, Caixa Cultural do Rio de Janeiro, Rio de Janeir<\/p>\n<p>2013 Crer em Fantasmas, Curated by Marcelo Campos, Caixa Cultural de Bras\u00edlia, Bras\u00edlia<\/p>\n<p>2012 Sintonias do Olhar, curated by Marcos Lontra, Casa de Cultura de Nova Igua\u00e7\u00fa, Nova Igua\u00e7\u00fa<br \/>\nGram\u00e1tica Urbana, Curated by Wanda Klabin, Centro de Artes Helio Oiticica, Rio de Janeiro<\/p>\n<p>2011 PINCILADA, Galeria Bar\u00f3, S\u00e3o Paulo<br \/>\nPROPOSI\u00c7\u00c3O, curated by Daniela Labra, Galeria Luciana Caravello, Rio de Janeir<\/p>\n<p>2010 Sobre Ilhas e Pontes, Curated by Marcelo Campos, Galeria C\u00e2ndido Portinari, UERJ, Rio de Janeiro<br \/>\nNov\u00edssimos,\u00a0 Galeria de Arte IBEU, Rio de Janeiro<br \/>\nPAREDE, Centro Cultural dos Correios, Rio de Janeiro<\/p>\n<p>2009 Ocupa\u00e7\u00e3o, CasaCor 2009, Rio de Janeiro<br \/>\nAlcova, Curated by Marcelo Campos , Galeria Laura Marsiaj, Rio de Janeiro<br \/>\nReleituras, SESC teres\u00f3polis, Teres\u00f3polis<br \/>\nPiscin\u00e3o do Muril\u00e3o, Galeria Murilo Castro, Belo Horizonte<br \/>\nNouvelle Vague, Curated by Jacopo Crivelli, Galeria Laura Marsiaj, Rio de Janeiro<\/p>\n<p>2008 Arquivo Geral, Centro Cultural da Justi\u00e7a Eleitoral, Rio de Janeiro<br \/>\nPainting\u2019s Edge, Riverside Museum of Art, California, EUA<\/p>\n<p><strong>Auszeichnungen<\/strong><br \/>\n2015 Selected to represent the city of Rio de Janeiro at Lille 3000 Art Festival, Lille, France<\/p>\n<p>2015 Artistic Residency Programm at Sommer Frische Kunst, Bad Gastein, Austria<\/p>\n<p>2013 Short Listed for the book 100 Painters of Tomorrow, Thames &amp; Hudson press<\/p>\n<p>2012 Nominated to the 10th edition of Cisneros-Fontanals Art Foundation (CIFO) comissions and awards program in 2013<br \/>\nNominated to Pr\u00eamio PIPA<\/p>\n<p>2011 Pr\u00eamio Funarte de Arte\u00a0 Contempor\u00e2nea 2011<br \/>\nNominated to Pr\u00eamio PIPA<\/p>\n<p>2010 Pr\u00eamio Nov\u00edssimos,\u00a0 Sal\u00e3o de Arte IBEU, Rio de Janeiro<\/p>\n<p>2008 Residency award at The Idyllwild Arts Painting\u2019s Edge program,\u00a0\u00a0\u00a0\u00a0\u00a0\u00a0 California, EUA<br \/>\nOne year schollarship at SUNY ( State University of New York\/ Fine Arts Department)<\/p>\n<p><strong>Sammlungen<\/strong><br \/>\nMAR, Museu de Arte do Rio de Janeiro<br \/>\nMAM, Museu de Arte Moderna do Rio de Janeiro<br \/>\nInstituto Figueiredo Ferraz, Ribeir\u00e3o Preto, Brasil<br \/>\nCole\u00e7\u00e3o Cleusa Garfunkel, S\u00e3o Paulo<br \/>\nCole\u00e7\u00e3o Gilberto Chateaubriand, Rio de Janeiro<br \/>\nCole\u00e7\u00e3o Maria Cristina Burlamarqui, Rio de Janeiro<br \/>\nCole\u00e7\u00e3o Roberto Muylaert, S\u00e3o Paulo<br \/>\nCole\u00e7\u00e3o Mariano Marcondes Ferraz, Rio de Janeiro<br \/>\nCole\u00e7\u00e3o Zeca Camargo, Rio de Janeiro<br \/>\nCole\u00e7\u00e3o Vik Muniz, Rio de Janeiro<\/p>\n<p>Unterst\u00fctzt durch<\/p>\n<p><a href=\"http:\/\/barogaleria.com\/artists\/\"><img loading=\"lazy\" decoding=\"async\" class=\"alignnone wp-image-1928 size-thumbnail\" src=\"http:\/\/liap.eu\/wp-content\/uploads\/2017\/03\/Baro-logo-150x150.jpeg\" width=\"150\" height=\"150\" srcset=\"https:\/\/liap.eu\/wp-content\/uploads\/2017\/03\/Baro-logo-150x150.jpeg 150w, https:\/\/liap.eu\/wp-content\/uploads\/2017\/03\/Baro-logo-300x300.jpeg 300w, https:\/\/liap.eu\/wp-content\/uploads\/2017\/03\/Baro-logo.jpeg 500w\" sizes=\"(max-width: 150px) 100vw, 150px\" \/><\/a><\/p>\n","protected":false},"excerpt":{"rendered":"<p>www.daniellannes.com Daniel Lannes Pereira Geboren 1981 in Niter\u00f3i, RJ. Lebt und arbeitet in Rio de Janeiro, Brasilien. Ausbildung 2010\/2012\u00a0 MFA in Visual Languages at UFRJ (Federal University of Rio de Janeiro) 2003\/2008\u00a0 Parque Lage School of Visual Arts 2002\/2006\u00a0 Social Communications &#8211; PUC-RIO 2004\/2005\u00a0 State University of New York\/ Fine Arts 1999\/2001\u00a0 School of Fine&hellip;<a href=\"https:\/\/liap.eu\/index.php\/de\/2017\/03\/29\/daniel-lannes\/\" class=\"more-link\"><span>Continue reading<\/span><span class=\"screen-reader-text\">Daniel Lannes<\/span><\/a><\/p>\n","protected":false},"author":3,"featured_media":1929,"comment_status":"closed","ping_status":"closed","sticky":false,"template":"templates\/template-full-width.php","format":"standard","meta":{"om_disable_all_campaigns":false,"_uag_custom_page_level_css":"","footnotes":""},"categories":[106],"tags":[],"class_list":["post-1927","post","type-post","status-publish","format-standard","has-post-thumbnail","hentry","category-kuenstler-2016","tw-meta-no-icon"],"yoast_head":"<!-- This site is optimized with the Yoast SEO plugin v25.6 - https:\/\/yoast.com\/wordpress\/plugins\/seo\/ -->\n<title>Daniel Lannes - LIA<\/title>\n<meta name=\"robots\" content=\"index, follow, max-snippet:-1, max-image-preview:large, max-video-preview:-1\" \/>\n<link rel=\"canonical\" href=\"https:\/\/liap.eu\/index.php\/de\/2017\/03\/29\/daniel-lannes\/\" \/>\n<meta property=\"og:locale\" content=\"en_GB\" \/>\n<meta property=\"og:type\" content=\"article\" \/>\n<meta property=\"og:title\" content=\"Daniel Lannes - LIA\" \/>\n<meta property=\"og:description\" content=\"www.daniellannes.com Daniel Lannes Pereira Geboren 1981 in Niter\u00f3i, RJ. Lebt und arbeitet in Rio de Janeiro, Brasilien. Ausbildung 2010\/2012\u00a0 MFA in Visual Languages at UFRJ (Federal University of Rio de Janeiro) 2003\/2008\u00a0 Parque Lage School of Visual Arts 2002\/2006\u00a0 Social Communications &#8211; PUC-RIO 2004\/2005\u00a0 State University of New York\/ Fine Arts 1999\/2001\u00a0 School of Fine&hellip;Continue readingDaniel Lannes\" \/>\n<meta property=\"og:url\" content=\"https:\/\/liap.eu\/index.php\/de\/2017\/03\/29\/daniel-lannes\/\" \/>\n<meta property=\"og:site_name\" content=\"LIA\" \/>\n<meta property=\"article:publisher\" content=\"https:\/\/www.facebook.com\/LIAprogramme\" \/>\n<meta property=\"article:published_time\" content=\"2017-03-29T15:42:47+00:00\" \/>\n<meta property=\"og:image\" content=\"https:\/\/liap.eu\/wp-content\/uploads\/2017\/03\/Daniel-Lannes.jpeg\" \/>\n\t<meta property=\"og:image:width\" content=\"900\" \/>\n\t<meta property=\"og:image:height\" content=\"600\" \/>\n\t<meta property=\"og:image:type\" content=\"image\/jpeg\" \/>\n<meta name=\"author\" content=\"admin\" \/>\n<meta name=\"twitter:card\" content=\"summary_large_image\" \/>\n<meta name=\"twitter:label1\" content=\"Written by\" \/>\n\t<meta name=\"twitter:data1\" content=\"admin\" \/>\n\t<meta name=\"twitter:label2\" content=\"Estimated reading time\" \/>\n\t<meta name=\"twitter:data2\" content=\"3 minutes\" \/>\n<script type=\"application\/ld+json\" class=\"yoast-schema-graph\">{\"@context\":\"https:\/\/schema.org\",\"@graph\":[{\"@type\":\"Article\",\"@id\":\"https:\/\/liap.eu\/index.php\/de\/2017\/03\/29\/daniel-lannes\/#article\",\"isPartOf\":{\"@id\":\"https:\/\/liap.eu\/index.php\/de\/2017\/03\/29\/daniel-lannes\/\"},\"author\":{\"name\":\"admin\",\"@id\":\"https:\/\/liap.eu\/#\/schema\/person\/c0016ebd6cdceb3e72cd61a3cea7577c\"},\"headline\":\"Daniel Lannes\",\"datePublished\":\"2017-03-29T15:42:47+00:00\",\"mainEntityOfPage\":{\"@id\":\"https:\/\/liap.eu\/index.php\/de\/2017\/03\/29\/daniel-lannes\/\"},\"wordCount\":562,\"publisher\":{\"@id\":\"https:\/\/liap.eu\/#organization\"},\"image\":{\"@id\":\"https:\/\/liap.eu\/index.php\/de\/2017\/03\/29\/daniel-lannes\/#primaryimage\"},\"thumbnailUrl\":\"https:\/\/liap.eu\/wp-content\/uploads\/2017\/03\/Daniel-Lannes.jpeg\",\"articleSection\":[\"K\u00fcnstler 2016\"],\"inLanguage\":\"en-GB\"},{\"@type\":\"WebPage\",\"@id\":\"https:\/\/liap.eu\/index.php\/de\/2017\/03\/29\/daniel-lannes\/\",\"url\":\"https:\/\/liap.eu\/index.php\/de\/2017\/03\/29\/daniel-lannes\/\",\"name\":\"Daniel Lannes - LIA\",\"isPartOf\":{\"@id\":\"https:\/\/liap.eu\/#website\"},\"primaryImageOfPage\":{\"@id\":\"https:\/\/liap.eu\/index.php\/de\/2017\/03\/29\/daniel-lannes\/#primaryimage\"},\"image\":{\"@id\":\"https:\/\/liap.eu\/index.php\/de\/2017\/03\/29\/daniel-lannes\/#primaryimage\"},\"thumbnailUrl\":\"https:\/\/liap.eu\/wp-content\/uploads\/2017\/03\/Daniel-Lannes.jpeg\",\"datePublished\":\"2017-03-29T15:42:47+00:00\",\"breadcrumb\":{\"@id\":\"https:\/\/liap.eu\/index.php\/de\/2017\/03\/29\/daniel-lannes\/#breadcrumb\"},\"inLanguage\":\"en-GB\",\"potentialAction\":[{\"@type\":\"ReadAction\",\"target\":[\"https:\/\/liap.eu\/index.php\/de\/2017\/03\/29\/daniel-lannes\/\"]}]},{\"@type\":\"ImageObject\",\"inLanguage\":\"en-GB\",\"@id\":\"https:\/\/liap.eu\/index.php\/de\/2017\/03\/29\/daniel-lannes\/#primaryimage\",\"url\":\"https:\/\/liap.eu\/wp-content\/uploads\/2017\/03\/Daniel-Lannes.jpeg\",\"contentUrl\":\"https:\/\/liap.eu\/wp-content\/uploads\/2017\/03\/Daniel-Lannes.jpeg\",\"width\":900,\"height\":600},{\"@type\":\"BreadcrumbList\",\"@id\":\"https:\/\/liap.eu\/index.php\/de\/2017\/03\/29\/daniel-lannes\/#breadcrumb\",\"itemListElement\":[{\"@type\":\"ListItem\",\"position\":1,\"name\":\"Startseite\",\"item\":\"https:\/\/liap.eu\/index.php\/de\/\"},{\"@type\":\"ListItem\",\"position\":2,\"name\":\"Daniel Lannes\"}]},{\"@type\":\"WebSite\",\"@id\":\"https:\/\/liap.eu\/#website\",\"url\":\"https:\/\/liap.eu\/\",\"name\":\"LIA - Leipzig International Art Programme\",\"description\":\"Leipzig International Art Programme\",\"publisher\":{\"@id\":\"https:\/\/liap.eu\/#organization\"},\"potentialAction\":[{\"@type\":\"SearchAction\",\"target\":{\"@type\":\"EntryPoint\",\"urlTemplate\":\"https:\/\/liap.eu\/?s={search_term_string}\"},\"query-input\":{\"@type\":\"PropertyValueSpecification\",\"valueRequired\":true,\"valueName\":\"search_term_string\"}}],\"inLanguage\":\"en-GB\"},{\"@type\":\"Organization\",\"@id\":\"https:\/\/liap.eu\/#organization\",\"name\":\"Leipzig International Art Programme\",\"url\":\"https:\/\/liap.eu\/\",\"logo\":{\"@type\":\"ImageObject\",\"inLanguage\":\"en-GB\",\"@id\":\"https:\/\/liap.eu\/#\/schema\/logo\/image\/\",\"url\":\"https:\/\/liap.eu\/wp-content\/uploads\/2021\/11\/LIAP.jpg\",\"contentUrl\":\"https:\/\/liap.eu\/wp-content\/uploads\/2021\/11\/LIAP.jpg\",\"width\":870,\"height\":140,\"caption\":\"Leipzig International Art Programme\"},\"image\":{\"@id\":\"https:\/\/liap.eu\/#\/schema\/logo\/image\/\"},\"sameAs\":[\"https:\/\/www.facebook.com\/LIAprogramme\",\"https:\/\/www.instagram.com\/lia_programme\/\",\"https:\/\/www.youtube.com\/channel\/UCVp_APjH6wtmApuu5kWgUqA\/videos\"]},{\"@type\":\"Person\",\"@id\":\"https:\/\/liap.eu\/#\/schema\/person\/c0016ebd6cdceb3e72cd61a3cea7577c\",\"name\":\"admin\",\"image\":{\"@type\":\"ImageObject\",\"inLanguage\":\"en-GB\",\"@id\":\"https:\/\/liap.eu\/#\/schema\/person\/image\/\",\"url\":\"https:\/\/secure.gravatar.com\/avatar\/c57aaae4a0c224128d9190c182b32fe4?s=96&d=mm&r=g\",\"contentUrl\":\"https:\/\/secure.gravatar.com\/avatar\/c57aaae4a0c224128d9190c182b32fe4?s=96&d=mm&r=g\",\"caption\":\"admin\"}}]}<\/script>\n<!-- \/ Yoast SEO plugin. -->","yoast_head_json":{"title":"Daniel Lannes - LIA","robots":{"index":"index","follow":"follow","max-snippet":"max-snippet:-1","max-image-preview":"max-image-preview:large","max-video-preview":"max-video-preview:-1"},"canonical":"https:\/\/liap.eu\/index.php\/de\/2017\/03\/29\/daniel-lannes\/","og_locale":"en_GB","og_type":"article","og_title":"Daniel Lannes - LIA","og_description":"www.daniellannes.com Daniel Lannes Pereira Geboren 1981 in Niter\u00f3i, RJ. Lebt und arbeitet in Rio de Janeiro, Brasilien. Ausbildung 2010\/2012\u00a0 MFA in Visual Languages at UFRJ (Federal University of Rio de Janeiro) 2003\/2008\u00a0 Parque Lage School of Visual Arts 2002\/2006\u00a0 Social Communications &#8211; PUC-RIO 2004\/2005\u00a0 State University of New York\/ Fine Arts 1999\/2001\u00a0 School of Fine&hellip;Continue readingDaniel Lannes","og_url":"https:\/\/liap.eu\/index.php\/de\/2017\/03\/29\/daniel-lannes\/","og_site_name":"LIA","article_publisher":"https:\/\/www.facebook.com\/LIAprogramme","article_published_time":"2017-03-29T15:42:47+00:00","og_image":[{"width":900,"height":600,"url":"https:\/\/liap.eu\/wp-content\/uploads\/2017\/03\/Daniel-Lannes.jpeg","type":"image\/jpeg"}],"author":"admin","twitter_card":"summary_large_image","twitter_misc":{"Written by":"admin","Estimated reading time":"3 minutes"},"schema":{"@context":"https:\/\/schema.org","@graph":[{"@type":"Article","@id":"https:\/\/liap.eu\/index.php\/de\/2017\/03\/29\/daniel-lannes\/#article","isPartOf":{"@id":"https:\/\/liap.eu\/index.php\/de\/2017\/03\/29\/daniel-lannes\/"},"author":{"name":"admin","@id":"https:\/\/liap.eu\/#\/schema\/person\/c0016ebd6cdceb3e72cd61a3cea7577c"},"headline":"Daniel Lannes","datePublished":"2017-03-29T15:42:47+00:00","mainEntityOfPage":{"@id":"https:\/\/liap.eu\/index.php\/de\/2017\/03\/29\/daniel-lannes\/"},"wordCount":562,"publisher":{"@id":"https:\/\/liap.eu\/#organization"},"image":{"@id":"https:\/\/liap.eu\/index.php\/de\/2017\/03\/29\/daniel-lannes\/#primaryimage"},"thumbnailUrl":"https:\/\/liap.eu\/wp-content\/uploads\/2017\/03\/Daniel-Lannes.jpeg","articleSection":["K\u00fcnstler 2016"],"inLanguage":"en-GB"},{"@type":"WebPage","@id":"https:\/\/liap.eu\/index.php\/de\/2017\/03\/29\/daniel-lannes\/","url":"https:\/\/liap.eu\/index.php\/de\/2017\/03\/29\/daniel-lannes\/","name":"Daniel Lannes - LIA","isPartOf":{"@id":"https:\/\/liap.eu\/#website"},"primaryImageOfPage":{"@id":"https:\/\/liap.eu\/index.php\/de\/2017\/03\/29\/daniel-lannes\/#primaryimage"},"image":{"@id":"https:\/\/liap.eu\/index.php\/de\/2017\/03\/29\/daniel-lannes\/#primaryimage"},"thumbnailUrl":"https:\/\/liap.eu\/wp-content\/uploads\/2017\/03\/Daniel-Lannes.jpeg","datePublished":"2017-03-29T15:42:47+00:00","breadcrumb":{"@id":"https:\/\/liap.eu\/index.php\/de\/2017\/03\/29\/daniel-lannes\/#breadcrumb"},"inLanguage":"en-GB","potentialAction":[{"@type":"ReadAction","target":["https:\/\/liap.eu\/index.php\/de\/2017\/03\/29\/daniel-lannes\/"]}]},{"@type":"ImageObject","inLanguage":"en-GB","@id":"https:\/\/liap.eu\/index.php\/de\/2017\/03\/29\/daniel-lannes\/#primaryimage","url":"https:\/\/liap.eu\/wp-content\/uploads\/2017\/03\/Daniel-Lannes.jpeg","contentUrl":"https:\/\/liap.eu\/wp-content\/uploads\/2017\/03\/Daniel-Lannes.jpeg","width":900,"height":600},{"@type":"BreadcrumbList","@id":"https:\/\/liap.eu\/index.php\/de\/2017\/03\/29\/daniel-lannes\/#breadcrumb","itemListElement":[{"@type":"ListItem","position":1,"name":"Startseite","item":"https:\/\/liap.eu\/index.php\/de\/"},{"@type":"ListItem","position":2,"name":"Daniel Lannes"}]},{"@type":"WebSite","@id":"https:\/\/liap.eu\/#website","url":"https:\/\/liap.eu\/","name":"LIA - Leipzig International Art Programme","description":"Leipzig International Art Programme","publisher":{"@id":"https:\/\/liap.eu\/#organization"},"potentialAction":[{"@type":"SearchAction","target":{"@type":"EntryPoint","urlTemplate":"https:\/\/liap.eu\/?s={search_term_string}"},"query-input":{"@type":"PropertyValueSpecification","valueRequired":true,"valueName":"search_term_string"}}],"inLanguage":"en-GB"},{"@type":"Organization","@id":"https:\/\/liap.eu\/#organization","name":"Leipzig International Art Programme","url":"https:\/\/liap.eu\/","logo":{"@type":"ImageObject","inLanguage":"en-GB","@id":"https:\/\/liap.eu\/#\/schema\/logo\/image\/","url":"https:\/\/liap.eu\/wp-content\/uploads\/2021\/11\/LIAP.jpg","contentUrl":"https:\/\/liap.eu\/wp-content\/uploads\/2021\/11\/LIAP.jpg","width":870,"height":140,"caption":"Leipzig International Art Programme"},"image":{"@id":"https:\/\/liap.eu\/#\/schema\/logo\/image\/"},"sameAs":["https:\/\/www.facebook.com\/LIAprogramme","https:\/\/www.instagram.com\/lia_programme\/","https:\/\/www.youtube.com\/channel\/UCVp_APjH6wtmApuu5kWgUqA\/videos"]},{"@type":"Person","@id":"https:\/\/liap.eu\/#\/schema\/person\/c0016ebd6cdceb3e72cd61a3cea7577c","name":"admin","image":{"@type":"ImageObject","inLanguage":"en-GB","@id":"https:\/\/liap.eu\/#\/schema\/person\/image\/","url":"https:\/\/secure.gravatar.com\/avatar\/c57aaae4a0c224128d9190c182b32fe4?s=96&d=mm&r=g","contentUrl":"https:\/\/secure.gravatar.com\/avatar\/c57aaae4a0c224128d9190c182b32fe4?s=96&d=mm&r=g","caption":"admin"}}]}},"uagb_featured_image_src":{"full":["https:\/\/liap.eu\/wp-content\/uploads\/2017\/03\/Daniel-Lannes.jpeg",900,600,false],"thumbnail":["https:\/\/liap.eu\/wp-content\/uploads\/2017\/03\/Daniel-Lannes-150x150.jpeg",96,96,true],"medium":["https:\/\/liap.eu\/wp-content\/uploads\/2017\/03\/Daniel-Lannes-300x200.jpeg",300,200,true],"medium_large":["https:\/\/liap.eu\/wp-content\/uploads\/2017\/03\/Daniel-Lannes-768x512.jpeg",768,512,true],"large":["https:\/\/liap.eu\/wp-content\/uploads\/2017\/03\/Daniel-Lannes.jpeg",900,600,false],"1536x1536":["https:\/\/liap.eu\/wp-content\/uploads\/2017\/03\/Daniel-Lannes.jpeg",900,600,false],"2048x2048":["https:\/\/liap.eu\/wp-content\/uploads\/2017\/03\/Daniel-Lannes.jpeg",900,600,false],"post-thumbnail":["https:\/\/liap.eu\/wp-content\/uploads\/2017\/03\/Daniel-Lannes.jpeg",900,600,false],"twentytwenty-fullscreen":["https:\/\/liap.eu\/wp-content\/uploads\/2017\/03\/Daniel-Lannes.jpeg",900,600,false]},"uagb_author_info":{"display_name":"admin","author_link":"https:\/\/liap.eu\/index.php\/author\/admin\/"},"uagb_comment_info":0,"uagb_excerpt":"www.daniellannes.com Daniel Lannes Pereira Geboren 1981 in Niter\u00f3i, RJ. Lebt und arbeitet in Rio de Janeiro, Brasilien. Ausbildung 2010\/2012\u00a0 MFA in Visual Languages at UFRJ (Federal University of Rio de Janeiro) 2003\/2008\u00a0 Parque Lage School of Visual Arts 2002\/2006\u00a0 Social Communications &#8211; PUC-RIO 2004\/2005\u00a0 State University of New York\/ Fine Arts 1999\/2001\u00a0 School of Fine&hellip;Continue&hellip;","_links":{"self":[{"href":"https:\/\/liap.eu\/index.php\/wp-json\/wp\/v2\/posts\/1927"}],"collection":[{"href":"https:\/\/liap.eu\/index.php\/wp-json\/wp\/v2\/posts"}],"about":[{"href":"https:\/\/liap.eu\/index.php\/wp-json\/wp\/v2\/types\/post"}],"author":[{"embeddable":true,"href":"https:\/\/liap.eu\/index.php\/wp-json\/wp\/v2\/users\/3"}],"replies":[{"embeddable":true,"href":"https:\/\/liap.eu\/index.php\/wp-json\/wp\/v2\/comments?post=1927"}],"version-history":[{"count":3,"href":"https:\/\/liap.eu\/index.php\/wp-json\/wp\/v2\/posts\/1927\/revisions"}],"predecessor-version":[{"id":1932,"href":"https:\/\/liap.eu\/index.php\/wp-json\/wp\/v2\/posts\/1927\/revisions\/1932"}],"wp:featuredmedia":[{"embeddable":true,"href":"https:\/\/liap.eu\/index.php\/wp-json\/wp\/v2\/media\/1929"}],"wp:attachment":[{"href":"https:\/\/liap.eu\/index.php\/wp-json\/wp\/v2\/media?parent=1927"}],"wp:term":[{"taxonomy":"category","embeddable":true,"href":"https:\/\/liap.eu\/index.php\/wp-json\/wp\/v2\/categories?post=1927"},{"taxonomy":"post_tag","embeddable":true,"href":"https:\/\/liap.eu\/index.php\/wp-json\/wp\/v2\/tags?post=1927"}],"curies":[{"name":"wp","href":"https:\/\/api.w.org\/{rel}","templated":true}]}}