{"id":1955,"date":"2017-03-29T18:27:44","date_gmt":"2017-03-29T16:27:44","guid":{"rendered":"http:\/\/liap.eu\/?p=1955"},"modified":"2017-04-04T11:45:04","modified_gmt":"2017-04-04T09:45:04","slug":"hans-joerg-walter-2","status":"publish","type":"post","link":"https:\/\/liap.eu\/index.php\/2017\/03\/29\/hans-joerg-walter-2\/","title":{"rendered":"Hans-J\u00f6rg Walter"},"content":{"rendered":"<p><a href=\"http:\/\/liap.eu\/wp-content\/uploads\/2017\/04\/Hans-Joerg-Walter.jpeg\"><img loading=\"lazy\" decoding=\"async\" class=\"alignnone size-medium wp-image-1984\" src=\"http:\/\/liap.eu\/wp-content\/uploads\/2017\/04\/Hans-Joerg-Walter-223x300.jpeg\" alt=\"\" width=\"223\" height=\"300\" srcset=\"https:\/\/liap.eu\/wp-content\/uploads\/2017\/04\/Hans-Joerg-Walter-223x300.jpeg 223w, https:\/\/liap.eu\/wp-content\/uploads\/2017\/04\/Hans-Joerg-Walter.jpeg 250w\" sizes=\"(max-width: 223px) 100vw, 223px\" \/><\/a><\/p>\n<p><a href=\"http:\/\/www.hansjoergwalter.com\">www.hansjoergwalter.com<\/a><\/p>\n<p>Hans-J\u00f6rg Walter, born 1967 in Basel, Switzerland<\/p>\n<p>Photographer, Image Editor, Journalist,Artist<\/p>\n<p><strong>Education<\/strong><br \/>\n1991-1993, Lehrauftrag HGK Z\u00fcrich, Fotoklasse<br \/>\n1987-1990 Berufslehre als Fotograf, Basel \/ Langenbruck<br \/>\n1985 Vorkurs, Schule f\u00fcr Gestaltung, Basel<\/p>\n<p><strong>Professional Experiences<\/strong><br \/>\n2000-2006 Lehrauftrag FH Basel, HGK, Medienkunst<br \/>\n1999\/2000 Enzyklop\u00e4die des Alltags , Das Magazin, eine Kolumne.<br \/>\n1993 Gr\u00fcndung Werbefotostudio. Kampagnen mit Werbeagenturen, Gesch\u00e4ftsberichte, Editorialfotografie<\/p>\n<p><strong>Exhibitions<\/strong><br \/>\n2012 Argus-Sugar, ein Bildprojekt (Ausstellung und Blog)<br \/>\n2011 Creative Director TagesWoche<br \/>\n2012-2016 Echtzeit Verlag: &#8221; Das Erbe &#8220;, eine kulinarische Sammlung. Bilder zwischen<br \/>\nFotografie und Malerei.<br \/>\n2010 Echtzeit Verlag: &#8221; Frisch gepress t&#8221;.<br \/>\n2005 Bieler Fototage &#8221; La Promenade &#8221;<br \/>\n2004 Kunstraum Baden &#8221; Sommerlichtraum &#8221;<br \/>\n2004 Haus ohne Fenster, eine Untersuchung<br \/>\n2003 Camera Obscura im Rheinhafen Basel<br \/>\n2001 Schwabe Verlag Agenda 2002<\/p>\n","protected":false},"excerpt":{"rendered":"<p>www.hansjoergwalter.com Hans-J\u00f6rg Walter, born 1967 in Basel, Switzerland Photographer, Image Editor, Journalist,Artist Education 1991-1993, Lehrauftrag HGK Z\u00fcrich, Fotoklasse 1987-1990 Berufslehre als Fotograf, Basel \/ Langenbruck 1985 Vorkurs, Schule f\u00fcr Gestaltung, Basel Professional Experiences 2000-2006 Lehrauftrag FH Basel, HGK, Medienkunst 1999\/2000 Enzyklop\u00e4die des Alltags , Das Magazin, eine Kolumne. 1993 Gr\u00fcndung Werbefotostudio. Kampagnen mit Werbeagenturen, Gesch\u00e4ftsberichte,&hellip;<a href=\"https:\/\/liap.eu\/index.php\/2017\/03\/29\/hans-joerg-walter-2\/\" class=\"more-link\"><span>Continue reading<\/span><span class=\"screen-reader-text\">Hans-J\u00f6rg Walter<\/span><\/a><\/p>\n","protected":false},"author":3,"featured_media":1984,"comment_status":"closed","ping_status":"closed","sticky":false,"template":"templates\/template-full-width.php","format":"standard","meta":{"om_disable_all_campaigns":false,"_uag_custom_page_level_css":"","footnotes":""},"categories":[324],"tags":[],"class_list":["post-1955","post","type-post","status-publish","format-standard","has-post-thumbnail","hentry","category-artists-2017","tw-meta-no-icon"],"yoast_head":"<!-- This site is optimized with the Yoast SEO plugin v25.6 - https:\/\/yoast.com\/wordpress\/plugins\/seo\/ -->\n<title>Hans-J\u00f6rg Walter - LIA<\/title>\n<meta name=\"robots\" content=\"index, follow, max-snippet:-1, max-image-preview:large, max-video-preview:-1\" \/>\n<link rel=\"canonical\" href=\"https:\/\/liap.eu\/index.php\/2017\/03\/29\/hans-joerg-walter-2\/\" \/>\n<meta property=\"og:locale\" content=\"en_GB\" \/>\n<meta property=\"og:type\" content=\"article\" \/>\n<meta property=\"og:title\" content=\"Hans-J\u00f6rg Walter - LIA\" \/>\n<meta property=\"og:description\" content=\"www.hansjoergwalter.com Hans-J\u00f6rg Walter, born 1967 in Basel, Switzerland Photographer, Image Editor, Journalist,Artist Education 1991-1993, Lehrauftrag HGK Z\u00fcrich, Fotoklasse 1987-1990 Berufslehre als Fotograf, Basel \/ Langenbruck 1985 Vorkurs, Schule f\u00fcr Gestaltung, Basel Professional Experiences 2000-2006 Lehrauftrag FH Basel, HGK, Medienkunst 1999\/2000 Enzyklop\u00e4die des Alltags , Das Magazin, eine Kolumne. 1993 Gr\u00fcndung Werbefotostudio. Kampagnen mit Werbeagenturen, Gesch\u00e4ftsberichte,&hellip;Continue readingHans-J\u00f6rg Walter\" \/>\n<meta property=\"og:url\" content=\"https:\/\/liap.eu\/index.php\/2017\/03\/29\/hans-joerg-walter-2\/\" \/>\n<meta property=\"og:site_name\" content=\"LIA\" \/>\n<meta property=\"article:publisher\" content=\"https:\/\/www.facebook.com\/LIAprogramme\" \/>\n<meta property=\"article:published_time\" content=\"2017-03-29T16:27:44+00:00\" \/>\n<meta property=\"article:modified_time\" content=\"2017-04-04T09:45:04+00:00\" \/>\n<meta property=\"og:image\" content=\"https:\/\/liap.eu\/wp-content\/uploads\/2017\/04\/Hans-Joerg-Walter.jpeg\" \/>\n\t<meta property=\"og:image:width\" content=\"250\" \/>\n\t<meta property=\"og:image:height\" content=\"336\" \/>\n\t<meta property=\"og:image:type\" content=\"image\/jpeg\" \/>\n<meta name=\"author\" content=\"admin\" \/>\n<meta name=\"twitter:card\" content=\"summary_large_image\" \/>\n<meta name=\"twitter:label1\" content=\"Written by\" \/>\n\t<meta name=\"twitter:data1\" content=\"admin\" \/>\n\t<meta name=\"twitter:label2\" content=\"Estimated reading time\" \/>\n\t<meta name=\"twitter:data2\" content=\"1 minute\" \/>\n<script type=\"application\/ld+json\" class=\"yoast-schema-graph\">{\"@context\":\"https:\/\/schema.org\",\"@graph\":[{\"@type\":\"Article\",\"@id\":\"https:\/\/liap.eu\/index.php\/2017\/03\/29\/hans-joerg-walter-2\/#article\",\"isPartOf\":{\"@id\":\"https:\/\/liap.eu\/index.php\/2017\/03\/29\/hans-joerg-walter-2\/\"},\"author\":{\"name\":\"admin\",\"@id\":\"https:\/\/liap.eu\/#\/schema\/person\/c0016ebd6cdceb3e72cd61a3cea7577c\"},\"headline\":\"Hans-J\u00f6rg Walter\",\"datePublished\":\"2017-03-29T16:27:44+00:00\",\"dateModified\":\"2017-04-04T09:45:04+00:00\",\"mainEntityOfPage\":{\"@id\":\"https:\/\/liap.eu\/index.php\/2017\/03\/29\/hans-joerg-walter-2\/\"},\"wordCount\":110,\"publisher\":{\"@id\":\"https:\/\/liap.eu\/#organization\"},\"image\":{\"@id\":\"https:\/\/liap.eu\/index.php\/2017\/03\/29\/hans-joerg-walter-2\/#primaryimage\"},\"thumbnailUrl\":\"https:\/\/liap.eu\/wp-content\/uploads\/2017\/04\/Hans-Joerg-Walter.jpeg\",\"articleSection\":[\"Artists 2017\"],\"inLanguage\":\"en-GB\"},{\"@type\":\"WebPage\",\"@id\":\"https:\/\/liap.eu\/index.php\/2017\/03\/29\/hans-joerg-walter-2\/\",\"url\":\"https:\/\/liap.eu\/index.php\/2017\/03\/29\/hans-joerg-walter-2\/\",\"name\":\"Hans-J\u00f6rg Walter - LIA\",\"isPartOf\":{\"@id\":\"https:\/\/liap.eu\/#website\"},\"primaryImageOfPage\":{\"@id\":\"https:\/\/liap.eu\/index.php\/2017\/03\/29\/hans-joerg-walter-2\/#primaryimage\"},\"image\":{\"@id\":\"https:\/\/liap.eu\/index.php\/2017\/03\/29\/hans-joerg-walter-2\/#primaryimage\"},\"thumbnailUrl\":\"https:\/\/liap.eu\/wp-content\/uploads\/2017\/04\/Hans-Joerg-Walter.jpeg\",\"datePublished\":\"2017-03-29T16:27:44+00:00\",\"dateModified\":\"2017-04-04T09:45:04+00:00\",\"breadcrumb\":{\"@id\":\"https:\/\/liap.eu\/index.php\/2017\/03\/29\/hans-joerg-walter-2\/#breadcrumb\"},\"inLanguage\":\"en-GB\",\"potentialAction\":[{\"@type\":\"ReadAction\",\"target\":[\"https:\/\/liap.eu\/index.php\/2017\/03\/29\/hans-joerg-walter-2\/\"]}]},{\"@type\":\"ImageObject\",\"inLanguage\":\"en-GB\",\"@id\":\"https:\/\/liap.eu\/index.php\/2017\/03\/29\/hans-joerg-walter-2\/#primaryimage\",\"url\":\"https:\/\/liap.eu\/wp-content\/uploads\/2017\/04\/Hans-Joerg-Walter.jpeg\",\"contentUrl\":\"https:\/\/liap.eu\/wp-content\/uploads\/2017\/04\/Hans-Joerg-Walter.jpeg\",\"width\":250,\"height\":336},{\"@type\":\"BreadcrumbList\",\"@id\":\"https:\/\/liap.eu\/index.php\/2017\/03\/29\/hans-joerg-walter-2\/#breadcrumb\",\"itemListElement\":[{\"@type\":\"ListItem\",\"position\":1,\"name\":\"Startseite\",\"item\":\"https:\/\/liap.eu\/index.php\/de\/\"},{\"@type\":\"ListItem\",\"position\":2,\"name\":\"Hans-J\u00f6rg Walter\"}]},{\"@type\":\"WebSite\",\"@id\":\"https:\/\/liap.eu\/#website\",\"url\":\"https:\/\/liap.eu\/\",\"name\":\"LIA - Leipzig International Art Programme\",\"description\":\"Leipzig International Art Programme\",\"publisher\":{\"@id\":\"https:\/\/liap.eu\/#organization\"},\"potentialAction\":[{\"@type\":\"SearchAction\",\"target\":{\"@type\":\"EntryPoint\",\"urlTemplate\":\"https:\/\/liap.eu\/?s={search_term_string}\"},\"query-input\":{\"@type\":\"PropertyValueSpecification\",\"valueRequired\":true,\"valueName\":\"search_term_string\"}}],\"inLanguage\":\"en-GB\"},{\"@type\":\"Organization\",\"@id\":\"https:\/\/liap.eu\/#organization\",\"name\":\"Leipzig International Art Programme\",\"url\":\"https:\/\/liap.eu\/\",\"logo\":{\"@type\":\"ImageObject\",\"inLanguage\":\"en-GB\",\"@id\":\"https:\/\/liap.eu\/#\/schema\/logo\/image\/\",\"url\":\"https:\/\/liap.eu\/wp-content\/uploads\/2021\/11\/LIAP.jpg\",\"contentUrl\":\"https:\/\/liap.eu\/wp-content\/uploads\/2021\/11\/LIAP.jpg\",\"width\":870,\"height\":140,\"caption\":\"Leipzig International Art Programme\"},\"image\":{\"@id\":\"https:\/\/liap.eu\/#\/schema\/logo\/image\/\"},\"sameAs\":[\"https:\/\/www.facebook.com\/LIAprogramme\",\"https:\/\/www.instagram.com\/lia_programme\/\",\"https:\/\/www.youtube.com\/channel\/UCVp_APjH6wtmApuu5kWgUqA\/videos\"]},{\"@type\":\"Person\",\"@id\":\"https:\/\/liap.eu\/#\/schema\/person\/c0016ebd6cdceb3e72cd61a3cea7577c\",\"name\":\"admin\",\"image\":{\"@type\":\"ImageObject\",\"inLanguage\":\"en-GB\",\"@id\":\"https:\/\/liap.eu\/#\/schema\/person\/image\/\",\"url\":\"https:\/\/secure.gravatar.com\/avatar\/c57aaae4a0c224128d9190c182b32fe4?s=96&d=mm&r=g\",\"contentUrl\":\"https:\/\/secure.gravatar.com\/avatar\/c57aaae4a0c224128d9190c182b32fe4?s=96&d=mm&r=g\",\"caption\":\"admin\"}}]}<\/script>\n<!-- \/ Yoast SEO plugin. -->","yoast_head_json":{"title":"Hans-J\u00f6rg Walter - LIA","robots":{"index":"index","follow":"follow","max-snippet":"max-snippet:-1","max-image-preview":"max-image-preview:large","max-video-preview":"max-video-preview:-1"},"canonical":"https:\/\/liap.eu\/index.php\/2017\/03\/29\/hans-joerg-walter-2\/","og_locale":"en_GB","og_type":"article","og_title":"Hans-J\u00f6rg Walter - LIA","og_description":"www.hansjoergwalter.com Hans-J\u00f6rg Walter, born 1967 in Basel, Switzerland Photographer, Image Editor, Journalist,Artist Education 1991-1993, Lehrauftrag HGK Z\u00fcrich, Fotoklasse 1987-1990 Berufslehre als Fotograf, Basel \/ Langenbruck 1985 Vorkurs, Schule f\u00fcr Gestaltung, Basel Professional Experiences 2000-2006 Lehrauftrag FH Basel, HGK, Medienkunst 1999\/2000 Enzyklop\u00e4die des Alltags , Das Magazin, eine Kolumne. 1993 Gr\u00fcndung Werbefotostudio. Kampagnen mit Werbeagenturen, Gesch\u00e4ftsberichte,&hellip;Continue readingHans-J\u00f6rg Walter","og_url":"https:\/\/liap.eu\/index.php\/2017\/03\/29\/hans-joerg-walter-2\/","og_site_name":"LIA","article_publisher":"https:\/\/www.facebook.com\/LIAprogramme","article_published_time":"2017-03-29T16:27:44+00:00","article_modified_time":"2017-04-04T09:45:04+00:00","og_image":[{"width":250,"height":336,"url":"https:\/\/liap.eu\/wp-content\/uploads\/2017\/04\/Hans-Joerg-Walter.jpeg","type":"image\/jpeg"}],"author":"admin","twitter_card":"summary_large_image","twitter_misc":{"Written by":"admin","Estimated reading time":"1 minute"},"schema":{"@context":"https:\/\/schema.org","@graph":[{"@type":"Article","@id":"https:\/\/liap.eu\/index.php\/2017\/03\/29\/hans-joerg-walter-2\/#article","isPartOf":{"@id":"https:\/\/liap.eu\/index.php\/2017\/03\/29\/hans-joerg-walter-2\/"},"author":{"name":"admin","@id":"https:\/\/liap.eu\/#\/schema\/person\/c0016ebd6cdceb3e72cd61a3cea7577c"},"headline":"Hans-J\u00f6rg Walter","datePublished":"2017-03-29T16:27:44+00:00","dateModified":"2017-04-04T09:45:04+00:00","mainEntityOfPage":{"@id":"https:\/\/liap.eu\/index.php\/2017\/03\/29\/hans-joerg-walter-2\/"},"wordCount":110,"publisher":{"@id":"https:\/\/liap.eu\/#organization"},"image":{"@id":"https:\/\/liap.eu\/index.php\/2017\/03\/29\/hans-joerg-walter-2\/#primaryimage"},"thumbnailUrl":"https:\/\/liap.eu\/wp-content\/uploads\/2017\/04\/Hans-Joerg-Walter.jpeg","articleSection":["Artists 2017"],"inLanguage":"en-GB"},{"@type":"WebPage","@id":"https:\/\/liap.eu\/index.php\/2017\/03\/29\/hans-joerg-walter-2\/","url":"https:\/\/liap.eu\/index.php\/2017\/03\/29\/hans-joerg-walter-2\/","name":"Hans-J\u00f6rg Walter - LIA","isPartOf":{"@id":"https:\/\/liap.eu\/#website"},"primaryImageOfPage":{"@id":"https:\/\/liap.eu\/index.php\/2017\/03\/29\/hans-joerg-walter-2\/#primaryimage"},"image":{"@id":"https:\/\/liap.eu\/index.php\/2017\/03\/29\/hans-joerg-walter-2\/#primaryimage"},"thumbnailUrl":"https:\/\/liap.eu\/wp-content\/uploads\/2017\/04\/Hans-Joerg-Walter.jpeg","datePublished":"2017-03-29T16:27:44+00:00","dateModified":"2017-04-04T09:45:04+00:00","breadcrumb":{"@id":"https:\/\/liap.eu\/index.php\/2017\/03\/29\/hans-joerg-walter-2\/#breadcrumb"},"inLanguage":"en-GB","potentialAction":[{"@type":"ReadAction","target":["https:\/\/liap.eu\/index.php\/2017\/03\/29\/hans-joerg-walter-2\/"]}]},{"@type":"ImageObject","inLanguage":"en-GB","@id":"https:\/\/liap.eu\/index.php\/2017\/03\/29\/hans-joerg-walter-2\/#primaryimage","url":"https:\/\/liap.eu\/wp-content\/uploads\/2017\/04\/Hans-Joerg-Walter.jpeg","contentUrl":"https:\/\/liap.eu\/wp-content\/uploads\/2017\/04\/Hans-Joerg-Walter.jpeg","width":250,"height":336},{"@type":"BreadcrumbList","@id":"https:\/\/liap.eu\/index.php\/2017\/03\/29\/hans-joerg-walter-2\/#breadcrumb","itemListElement":[{"@type":"ListItem","position":1,"name":"Startseite","item":"https:\/\/liap.eu\/index.php\/de\/"},{"@type":"ListItem","position":2,"name":"Hans-J\u00f6rg Walter"}]},{"@type":"WebSite","@id":"https:\/\/liap.eu\/#website","url":"https:\/\/liap.eu\/","name":"LIA - Leipzig International Art Programme","description":"Leipzig International Art Programme","publisher":{"@id":"https:\/\/liap.eu\/#organization"},"potentialAction":[{"@type":"SearchAction","target":{"@type":"EntryPoint","urlTemplate":"https:\/\/liap.eu\/?s={search_term_string}"},"query-input":{"@type":"PropertyValueSpecification","valueRequired":true,"valueName":"search_term_string"}}],"inLanguage":"en-GB"},{"@type":"Organization","@id":"https:\/\/liap.eu\/#organization","name":"Leipzig International Art Programme","url":"https:\/\/liap.eu\/","logo":{"@type":"ImageObject","inLanguage":"en-GB","@id":"https:\/\/liap.eu\/#\/schema\/logo\/image\/","url":"https:\/\/liap.eu\/wp-content\/uploads\/2021\/11\/LIAP.jpg","contentUrl":"https:\/\/liap.eu\/wp-content\/uploads\/2021\/11\/LIAP.jpg","width":870,"height":140,"caption":"Leipzig International Art Programme"},"image":{"@id":"https:\/\/liap.eu\/#\/schema\/logo\/image\/"},"sameAs":["https:\/\/www.facebook.com\/LIAprogramme","https:\/\/www.instagram.com\/lia_programme\/","https:\/\/www.youtube.com\/channel\/UCVp_APjH6wtmApuu5kWgUqA\/videos"]},{"@type":"Person","@id":"https:\/\/liap.eu\/#\/schema\/person\/c0016ebd6cdceb3e72cd61a3cea7577c","name":"admin","image":{"@type":"ImageObject","inLanguage":"en-GB","@id":"https:\/\/liap.eu\/#\/schema\/person\/image\/","url":"https:\/\/secure.gravatar.com\/avatar\/c57aaae4a0c224128d9190c182b32fe4?s=96&d=mm&r=g","contentUrl":"https:\/\/secure.gravatar.com\/avatar\/c57aaae4a0c224128d9190c182b32fe4?s=96&d=mm&r=g","caption":"admin"}}]}},"uagb_featured_image_src":{"full":["https:\/\/liap.eu\/wp-content\/uploads\/2017\/04\/Hans-Joerg-Walter.jpeg",250,336,false],"thumbnail":["https:\/\/liap.eu\/wp-content\/uploads\/2017\/04\/Hans-Joerg-Walter-150x150.jpeg",96,96,true],"medium":["https:\/\/liap.eu\/wp-content\/uploads\/2017\/04\/Hans-Joerg-Walter-223x300.jpeg",223,300,true],"medium_large":["https:\/\/liap.eu\/wp-content\/uploads\/2017\/04\/Hans-Joerg-Walter.jpeg",250,336,false],"large":["https:\/\/liap.eu\/wp-content\/uploads\/2017\/04\/Hans-Joerg-Walter.jpeg",250,336,false],"1536x1536":["https:\/\/liap.eu\/wp-content\/uploads\/2017\/04\/Hans-Joerg-Walter.jpeg",250,336,false],"2048x2048":["https:\/\/liap.eu\/wp-content\/uploads\/2017\/04\/Hans-Joerg-Walter.jpeg",250,336,false],"post-thumbnail":["https:\/\/liap.eu\/wp-content\/uploads\/2017\/04\/Hans-Joerg-Walter.jpeg",250,336,false],"twentytwenty-fullscreen":["https:\/\/liap.eu\/wp-content\/uploads\/2017\/04\/Hans-Joerg-Walter.jpeg",250,336,false]},"uagb_author_info":{"display_name":"admin","author_link":"https:\/\/liap.eu\/index.php\/author\/admin\/"},"uagb_comment_info":0,"uagb_excerpt":"www.hansjoergwalter.com Hans-J\u00f6rg Walter, born 1967 in Basel, Switzerland Photographer, Image Editor, Journalist,Artist Education 1991-1993, Lehrauftrag HGK Z\u00fcrich, Fotoklasse 1987-1990 Berufslehre als Fotograf, Basel \/ Langenbruck 1985 Vorkurs, Schule f\u00fcr Gestaltung, Basel Professional Experiences 2000-2006 Lehrauftrag FH Basel, HGK, Medienkunst 1999\/2000 Enzyklop\u00e4die des Alltags , Das Magazin, eine Kolumne. 1993 Gr\u00fcndung Werbefotostudio. Kampagnen mit Werbeagenturen, Gesch\u00e4ftsberichte,&hellip;Continue&hellip;","_links":{"self":[{"href":"https:\/\/liap.eu\/index.php\/wp-json\/wp\/v2\/posts\/1955"}],"collection":[{"href":"https:\/\/liap.eu\/index.php\/wp-json\/wp\/v2\/posts"}],"about":[{"href":"https:\/\/liap.eu\/index.php\/wp-json\/wp\/v2\/types\/post"}],"author":[{"embeddable":true,"href":"https:\/\/liap.eu\/index.php\/wp-json\/wp\/v2\/users\/3"}],"replies":[{"embeddable":true,"href":"https:\/\/liap.eu\/index.php\/wp-json\/wp\/v2\/comments?post=1955"}],"version-history":[{"count":3,"href":"https:\/\/liap.eu\/index.php\/wp-json\/wp\/v2\/posts\/1955\/revisions"}],"predecessor-version":[{"id":1986,"href":"https:\/\/liap.eu\/index.php\/wp-json\/wp\/v2\/posts\/1955\/revisions\/1986"}],"wp:featuredmedia":[{"embeddable":true,"href":"https:\/\/liap.eu\/index.php\/wp-json\/wp\/v2\/media\/1984"}],"wp:attachment":[{"href":"https:\/\/liap.eu\/index.php\/wp-json\/wp\/v2\/media?parent=1955"}],"wp:term":[{"taxonomy":"category","embeddable":true,"href":"https:\/\/liap.eu\/index.php\/wp-json\/wp\/v2\/categories?post=1955"},{"taxonomy":"post_tag","embeddable":true,"href":"https:\/\/liap.eu\/index.php\/wp-json\/wp\/v2\/tags?post=1955"}],"curies":[{"name":"wp","href":"https:\/\/api.w.org\/{rel}","templated":true}]}}