{"id":4303,"date":"2017-05-02T16:48:15","date_gmt":"2017-05-02T14:48:15","guid":{"rendered":"https:\/\/liap.eu\/?p=4303"},"modified":"2017-12-22T17:14:39","modified_gmt":"2017-12-22T16:14:39","slug":"lvz-vom-16-januar-2017-uwe-gaul-besucht-lia","status":"publish","type":"post","link":"https:\/\/liap.eu\/index.php\/de\/2017\/05\/02\/lvz-vom-16-januar-2017-uwe-gaul-besucht-lia\/","title":{"rendered":"LVZ vom 16. Januar 2017 &#8211; Uwe Gaul besucht LIA"},"content":{"rendered":"<p>Uwe Gaul, Staatssekret\u00e4r im S\u00e4chsischen Ministerium f\u00fcr Wissenschaft und Kunst, besuchte die internationalen Gastk\u00fcnstler des LIA<\/p>\n<p>Ganzer Artikel online: <a href=\"http:\/\/www.lvz.de\/Nachrichten\/Kultur\/Leipziger-Atelierbesuche-Kuenstler-oeffnen-ihre-Arbeitsorte\" target=\"_blank\" rel=\"noopener\">Staatssekret\u00e4r Uwe Gaul besucht LIA<\/a><\/p>\n<p><a href=\"https:\/\/liap.eu\/wp-content\/uploads\/2017\/12\/Kunst-in-der-Messestadt-\u2013-Leipziger-Atelierbesuche-\u2013-K\u00fcnstler-\u00f6ffnen-ihre-Arbeitsorte-\u2013-LVZ-Leipziger-Volkszeitung.jpg\"><img loading=\"lazy\" decoding=\"async\" class=\"alignnone size-full wp-image-4304\" src=\"https:\/\/liap.eu\/wp-content\/uploads\/2017\/12\/Kunst-in-der-Messestadt-\u2013-Leipziger-Atelierbesuche-\u2013-K\u00fcnstler-\u00f6ffnen-ihre-Arbeitsorte-\u2013-LVZ-Leipziger-Volkszeitung.jpg\" alt=\"\" width=\"595\" height=\"842\" srcset=\"https:\/\/liap.eu\/wp-content\/uploads\/2017\/12\/Kunst-in-der-Messestadt-\u2013-Leipziger-Atelierbesuche-\u2013-K\u00fcnstler-\u00f6ffnen-ihre-Arbeitsorte-\u2013-LVZ-Leipziger-Volkszeitung.jpg 595w, https:\/\/liap.eu\/wp-content\/uploads\/2017\/12\/Kunst-in-der-Messestadt-\u2013-Leipziger-Atelierbesuche-\u2013-K\u00fcnstler-\u00f6ffnen-ihre-Arbeitsorte-\u2013-LVZ-Leipziger-Volkszeitung-212x300.jpg 212w\" sizes=\"(max-width: 595px) 100vw, 595px\" \/><\/a><\/p>\n","protected":false},"excerpt":{"rendered":"<p>Uwe Gaul, Staatssekret\u00e4r im S\u00e4chsischen Ministerium f\u00fcr Wissenschaft und Kunst, besuchte die internationalen Gastk\u00fcnstler des LIA Ganzer Artikel online: Staatssekret\u00e4r Uwe Gaul besucht LIA<a href=\"https:\/\/liap.eu\/index.php\/de\/2017\/05\/02\/lvz-vom-16-januar-2017-uwe-gaul-besucht-lia\/\" class=\"more-link\"><span>Continue reading<\/span><span class=\"screen-reader-text\">LVZ vom 16. Januar 2017 &#8211; Uwe Gaul besucht LIA<\/span><\/a><\/p>\n","protected":false},"author":4,"featured_media":4319,"comment_status":"closed","ping_status":"closed","sticky":false,"template":"templates\/template-full-width.php","format":"standard","meta":{"om_disable_all_campaigns":false,"_uag_custom_page_level_css":"","footnotes":""},"categories":[32,76],"tags":[],"class_list":["post-4303","post","type-post","status-publish","format-standard","has-post-thumbnail","hentry","category-archiv","category-presse","tw-meta-no-icon"],"yoast_head":"<!-- This site is optimized with the Yoast SEO plugin v25.6 - https:\/\/yoast.com\/wordpress\/plugins\/seo\/ -->\n<title>LVZ vom 16. Januar 2017 - Uwe Gaul besucht LIA - LIA<\/title>\n<meta name=\"robots\" content=\"index, follow, max-snippet:-1, max-image-preview:large, max-video-preview:-1\" \/>\n<link rel=\"canonical\" href=\"https:\/\/liap.eu\/index.php\/de\/2017\/05\/02\/lvz-vom-16-januar-2017-uwe-gaul-besucht-lia\/\" \/>\n<meta property=\"og:locale\" content=\"en_GB\" \/>\n<meta property=\"og:type\" content=\"article\" \/>\n<meta property=\"og:title\" content=\"LVZ vom 16. Januar 2017 - Uwe Gaul besucht LIA - LIA\" \/>\n<meta property=\"og:description\" content=\"Uwe Gaul, Staatssekret\u00e4r im S\u00e4chsischen Ministerium f\u00fcr Wissenschaft und Kunst, besuchte die internationalen Gastk\u00fcnstler des LIA Ganzer Artikel online: Staatssekret\u00e4r Uwe Gaul besucht LIAContinue readingLVZ vom 16. Januar 2017 - Uwe Gaul besucht LIA\" \/>\n<meta property=\"og:url\" content=\"https:\/\/liap.eu\/index.php\/de\/2017\/05\/02\/lvz-vom-16-januar-2017-uwe-gaul-besucht-lia\/\" \/>\n<meta property=\"og:site_name\" content=\"LIA\" \/>\n<meta property=\"article:publisher\" content=\"https:\/\/www.facebook.com\/LIAprogramme\" \/>\n<meta property=\"article:author\" content=\"https:\/\/www.facebook.com\/LIAprogramme\" \/>\n<meta property=\"article:published_time\" content=\"2017-05-02T14:48:15+00:00\" \/>\n<meta property=\"article:modified_time\" content=\"2017-12-22T16:14:39+00:00\" \/>\n<meta property=\"og:image\" content=\"https:\/\/liap.eu\/wp-content\/uploads\/2017\/05\/Artist-Talk_Uwe-Gaul_group-1024x761.jpg\" \/>\n\t<meta property=\"og:image:width\" content=\"1024\" \/>\n\t<meta property=\"og:image:height\" content=\"761\" \/>\n\t<meta property=\"og:image:type\" content=\"image\/jpeg\" \/>\n<meta name=\"author\" content=\"LIA\" \/>\n<meta name=\"twitter:card\" content=\"summary_large_image\" \/>\n<meta name=\"twitter:label1\" content=\"Written by\" \/>\n\t<meta name=\"twitter:data1\" content=\"LIA\" \/>\n<script type=\"application\/ld+json\" class=\"yoast-schema-graph\">{\"@context\":\"https:\/\/schema.org\",\"@graph\":[{\"@type\":\"Article\",\"@id\":\"https:\/\/liap.eu\/index.php\/de\/2017\/05\/02\/lvz-vom-16-januar-2017-uwe-gaul-besucht-lia\/#article\",\"isPartOf\":{\"@id\":\"https:\/\/liap.eu\/index.php\/de\/2017\/05\/02\/lvz-vom-16-januar-2017-uwe-gaul-besucht-lia\/\"},\"author\":{\"name\":\"LIA\",\"@id\":\"https:\/\/liap.eu\/#\/schema\/person\/6a0bff64f73ff1a6b7e1ccb7faf58204\"},\"headline\":\"LVZ vom 16. Januar 2017 &#8211; Uwe Gaul besucht LIA\",\"datePublished\":\"2017-05-02T14:48:15+00:00\",\"dateModified\":\"2017-12-22T16:14:39+00:00\",\"mainEntityOfPage\":{\"@id\":\"https:\/\/liap.eu\/index.php\/de\/2017\/05\/02\/lvz-vom-16-januar-2017-uwe-gaul-besucht-lia\/\"},\"wordCount\":37,\"publisher\":{\"@id\":\"https:\/\/liap.eu\/#organization\"},\"image\":{\"@id\":\"https:\/\/liap.eu\/index.php\/de\/2017\/05\/02\/lvz-vom-16-januar-2017-uwe-gaul-besucht-lia\/#primaryimage\"},\"thumbnailUrl\":\"https:\/\/liap.eu\/wp-content\/uploads\/2017\/05\/Artist-Talk_Uwe-Gaul_group-scaled.jpg\",\"articleSection\":[\"Archiv\",\"Presse\"],\"inLanguage\":\"en-GB\"},{\"@type\":\"WebPage\",\"@id\":\"https:\/\/liap.eu\/index.php\/de\/2017\/05\/02\/lvz-vom-16-januar-2017-uwe-gaul-besucht-lia\/\",\"url\":\"https:\/\/liap.eu\/index.php\/de\/2017\/05\/02\/lvz-vom-16-januar-2017-uwe-gaul-besucht-lia\/\",\"name\":\"LVZ vom 16. Januar 2017 - Uwe Gaul besucht LIA - LIA\",\"isPartOf\":{\"@id\":\"https:\/\/liap.eu\/#website\"},\"primaryImageOfPage\":{\"@id\":\"https:\/\/liap.eu\/index.php\/de\/2017\/05\/02\/lvz-vom-16-januar-2017-uwe-gaul-besucht-lia\/#primaryimage\"},\"image\":{\"@id\":\"https:\/\/liap.eu\/index.php\/de\/2017\/05\/02\/lvz-vom-16-januar-2017-uwe-gaul-besucht-lia\/#primaryimage\"},\"thumbnailUrl\":\"https:\/\/liap.eu\/wp-content\/uploads\/2017\/05\/Artist-Talk_Uwe-Gaul_group-scaled.jpg\",\"datePublished\":\"2017-05-02T14:48:15+00:00\",\"dateModified\":\"2017-12-22T16:14:39+00:00\",\"breadcrumb\":{\"@id\":\"https:\/\/liap.eu\/index.php\/de\/2017\/05\/02\/lvz-vom-16-januar-2017-uwe-gaul-besucht-lia\/#breadcrumb\"},\"inLanguage\":\"en-GB\",\"potentialAction\":[{\"@type\":\"ReadAction\",\"target\":[\"https:\/\/liap.eu\/index.php\/de\/2017\/05\/02\/lvz-vom-16-januar-2017-uwe-gaul-besucht-lia\/\"]}]},{\"@type\":\"ImageObject\",\"inLanguage\":\"en-GB\",\"@id\":\"https:\/\/liap.eu\/index.php\/de\/2017\/05\/02\/lvz-vom-16-januar-2017-uwe-gaul-besucht-lia\/#primaryimage\",\"url\":\"https:\/\/liap.eu\/wp-content\/uploads\/2017\/05\/Artist-Talk_Uwe-Gaul_group-scaled.jpg\",\"contentUrl\":\"https:\/\/liap.eu\/wp-content\/uploads\/2017\/05\/Artist-Talk_Uwe-Gaul_group-scaled.jpg\",\"width\":2560,\"height\":1903},{\"@type\":\"BreadcrumbList\",\"@id\":\"https:\/\/liap.eu\/index.php\/de\/2017\/05\/02\/lvz-vom-16-januar-2017-uwe-gaul-besucht-lia\/#breadcrumb\",\"itemListElement\":[{\"@type\":\"ListItem\",\"position\":1,\"name\":\"Startseite\",\"item\":\"https:\/\/liap.eu\/index.php\/de\/\"},{\"@type\":\"ListItem\",\"position\":2,\"name\":\"LVZ vom 16. Januar 2017 &#8211; Uwe Gaul besucht LIA\"}]},{\"@type\":\"WebSite\",\"@id\":\"https:\/\/liap.eu\/#website\",\"url\":\"https:\/\/liap.eu\/\",\"name\":\"LIA - Leipzig International Art Programme\",\"description\":\"Leipzig International Art Programme\",\"publisher\":{\"@id\":\"https:\/\/liap.eu\/#organization\"},\"potentialAction\":[{\"@type\":\"SearchAction\",\"target\":{\"@type\":\"EntryPoint\",\"urlTemplate\":\"https:\/\/liap.eu\/?s={search_term_string}\"},\"query-input\":{\"@type\":\"PropertyValueSpecification\",\"valueRequired\":true,\"valueName\":\"search_term_string\"}}],\"inLanguage\":\"en-GB\"},{\"@type\":\"Organization\",\"@id\":\"https:\/\/liap.eu\/#organization\",\"name\":\"Leipzig International Art Programme\",\"url\":\"https:\/\/liap.eu\/\",\"logo\":{\"@type\":\"ImageObject\",\"inLanguage\":\"en-GB\",\"@id\":\"https:\/\/liap.eu\/#\/schema\/logo\/image\/\",\"url\":\"https:\/\/liap.eu\/wp-content\/uploads\/2021\/11\/LIAP.jpg\",\"contentUrl\":\"https:\/\/liap.eu\/wp-content\/uploads\/2021\/11\/LIAP.jpg\",\"width\":870,\"height\":140,\"caption\":\"Leipzig International Art Programme\"},\"image\":{\"@id\":\"https:\/\/liap.eu\/#\/schema\/logo\/image\/\"},\"sameAs\":[\"https:\/\/www.facebook.com\/LIAprogramme\",\"https:\/\/www.instagram.com\/lia_programme\/\",\"https:\/\/www.youtube.com\/channel\/UCVp_APjH6wtmApuu5kWgUqA\/videos\"]},{\"@type\":\"Person\",\"@id\":\"https:\/\/liap.eu\/#\/schema\/person\/6a0bff64f73ff1a6b7e1ccb7faf58204\",\"name\":\"LIA\",\"image\":{\"@type\":\"ImageObject\",\"inLanguage\":\"en-GB\",\"@id\":\"https:\/\/liap.eu\/#\/schema\/person\/image\/\",\"url\":\"https:\/\/secure.gravatar.com\/avatar\/528cc9c6a7aa20231d89b694711fbe94?s=96&d=mm&r=g\",\"contentUrl\":\"https:\/\/secure.gravatar.com\/avatar\/528cc9c6a7aa20231d89b694711fbe94?s=96&d=mm&r=g\",\"caption\":\"LIA\"},\"sameAs\":[\"https:\/\/www.facebook.com\/LIAprogramme\",\"https:\/\/www.instagram.com\/lia_programme\/\"]}]}<\/script>\n<!-- \/ Yoast SEO plugin. -->","yoast_head_json":{"title":"LVZ vom 16. Januar 2017 - Uwe Gaul besucht LIA - LIA","robots":{"index":"index","follow":"follow","max-snippet":"max-snippet:-1","max-image-preview":"max-image-preview:large","max-video-preview":"max-video-preview:-1"},"canonical":"https:\/\/liap.eu\/index.php\/de\/2017\/05\/02\/lvz-vom-16-januar-2017-uwe-gaul-besucht-lia\/","og_locale":"en_GB","og_type":"article","og_title":"LVZ vom 16. Januar 2017 - Uwe Gaul besucht LIA - LIA","og_description":"Uwe Gaul, Staatssekret\u00e4r im S\u00e4chsischen Ministerium f\u00fcr Wissenschaft und Kunst, besuchte die internationalen Gastk\u00fcnstler des LIA Ganzer Artikel online: Staatssekret\u00e4r Uwe Gaul besucht LIAContinue readingLVZ vom 16. Januar 2017 - Uwe Gaul besucht LIA","og_url":"https:\/\/liap.eu\/index.php\/de\/2017\/05\/02\/lvz-vom-16-januar-2017-uwe-gaul-besucht-lia\/","og_site_name":"LIA","article_publisher":"https:\/\/www.facebook.com\/LIAprogramme","article_author":"https:\/\/www.facebook.com\/LIAprogramme","article_published_time":"2017-05-02T14:48:15+00:00","article_modified_time":"2017-12-22T16:14:39+00:00","og_image":[{"width":1024,"height":761,"url":"https:\/\/liap.eu\/wp-content\/uploads\/2017\/05\/Artist-Talk_Uwe-Gaul_group-1024x761.jpg","type":"image\/jpeg"}],"author":"LIA","twitter_card":"summary_large_image","twitter_misc":{"Written by":"LIA"},"schema":{"@context":"https:\/\/schema.org","@graph":[{"@type":"Article","@id":"https:\/\/liap.eu\/index.php\/de\/2017\/05\/02\/lvz-vom-16-januar-2017-uwe-gaul-besucht-lia\/#article","isPartOf":{"@id":"https:\/\/liap.eu\/index.php\/de\/2017\/05\/02\/lvz-vom-16-januar-2017-uwe-gaul-besucht-lia\/"},"author":{"name":"LIA","@id":"https:\/\/liap.eu\/#\/schema\/person\/6a0bff64f73ff1a6b7e1ccb7faf58204"},"headline":"LVZ vom 16. Januar 2017 &#8211; Uwe Gaul besucht LIA","datePublished":"2017-05-02T14:48:15+00:00","dateModified":"2017-12-22T16:14:39+00:00","mainEntityOfPage":{"@id":"https:\/\/liap.eu\/index.php\/de\/2017\/05\/02\/lvz-vom-16-januar-2017-uwe-gaul-besucht-lia\/"},"wordCount":37,"publisher":{"@id":"https:\/\/liap.eu\/#organization"},"image":{"@id":"https:\/\/liap.eu\/index.php\/de\/2017\/05\/02\/lvz-vom-16-januar-2017-uwe-gaul-besucht-lia\/#primaryimage"},"thumbnailUrl":"https:\/\/liap.eu\/wp-content\/uploads\/2017\/05\/Artist-Talk_Uwe-Gaul_group-scaled.jpg","articleSection":["Archiv","Presse"],"inLanguage":"en-GB"},{"@type":"WebPage","@id":"https:\/\/liap.eu\/index.php\/de\/2017\/05\/02\/lvz-vom-16-januar-2017-uwe-gaul-besucht-lia\/","url":"https:\/\/liap.eu\/index.php\/de\/2017\/05\/02\/lvz-vom-16-januar-2017-uwe-gaul-besucht-lia\/","name":"LVZ vom 16. Januar 2017 - Uwe Gaul besucht LIA - LIA","isPartOf":{"@id":"https:\/\/liap.eu\/#website"},"primaryImageOfPage":{"@id":"https:\/\/liap.eu\/index.php\/de\/2017\/05\/02\/lvz-vom-16-januar-2017-uwe-gaul-besucht-lia\/#primaryimage"},"image":{"@id":"https:\/\/liap.eu\/index.php\/de\/2017\/05\/02\/lvz-vom-16-januar-2017-uwe-gaul-besucht-lia\/#primaryimage"},"thumbnailUrl":"https:\/\/liap.eu\/wp-content\/uploads\/2017\/05\/Artist-Talk_Uwe-Gaul_group-scaled.jpg","datePublished":"2017-05-02T14:48:15+00:00","dateModified":"2017-12-22T16:14:39+00:00","breadcrumb":{"@id":"https:\/\/liap.eu\/index.php\/de\/2017\/05\/02\/lvz-vom-16-januar-2017-uwe-gaul-besucht-lia\/#breadcrumb"},"inLanguage":"en-GB","potentialAction":[{"@type":"ReadAction","target":["https:\/\/liap.eu\/index.php\/de\/2017\/05\/02\/lvz-vom-16-januar-2017-uwe-gaul-besucht-lia\/"]}]},{"@type":"ImageObject","inLanguage":"en-GB","@id":"https:\/\/liap.eu\/index.php\/de\/2017\/05\/02\/lvz-vom-16-januar-2017-uwe-gaul-besucht-lia\/#primaryimage","url":"https:\/\/liap.eu\/wp-content\/uploads\/2017\/05\/Artist-Talk_Uwe-Gaul_group-scaled.jpg","contentUrl":"https:\/\/liap.eu\/wp-content\/uploads\/2017\/05\/Artist-Talk_Uwe-Gaul_group-scaled.jpg","width":2560,"height":1903},{"@type":"BreadcrumbList","@id":"https:\/\/liap.eu\/index.php\/de\/2017\/05\/02\/lvz-vom-16-januar-2017-uwe-gaul-besucht-lia\/#breadcrumb","itemListElement":[{"@type":"ListItem","position":1,"name":"Startseite","item":"https:\/\/liap.eu\/index.php\/de\/"},{"@type":"ListItem","position":2,"name":"LVZ vom 16. Januar 2017 &#8211; Uwe Gaul besucht LIA"}]},{"@type":"WebSite","@id":"https:\/\/liap.eu\/#website","url":"https:\/\/liap.eu\/","name":"LIA - Leipzig International Art Programme","description":"Leipzig International Art Programme","publisher":{"@id":"https:\/\/liap.eu\/#organization"},"potentialAction":[{"@type":"SearchAction","target":{"@type":"EntryPoint","urlTemplate":"https:\/\/liap.eu\/?s={search_term_string}"},"query-input":{"@type":"PropertyValueSpecification","valueRequired":true,"valueName":"search_term_string"}}],"inLanguage":"en-GB"},{"@type":"Organization","@id":"https:\/\/liap.eu\/#organization","name":"Leipzig International Art Programme","url":"https:\/\/liap.eu\/","logo":{"@type":"ImageObject","inLanguage":"en-GB","@id":"https:\/\/liap.eu\/#\/schema\/logo\/image\/","url":"https:\/\/liap.eu\/wp-content\/uploads\/2021\/11\/LIAP.jpg","contentUrl":"https:\/\/liap.eu\/wp-content\/uploads\/2021\/11\/LIAP.jpg","width":870,"height":140,"caption":"Leipzig International Art Programme"},"image":{"@id":"https:\/\/liap.eu\/#\/schema\/logo\/image\/"},"sameAs":["https:\/\/www.facebook.com\/LIAprogramme","https:\/\/www.instagram.com\/lia_programme\/","https:\/\/www.youtube.com\/channel\/UCVp_APjH6wtmApuu5kWgUqA\/videos"]},{"@type":"Person","@id":"https:\/\/liap.eu\/#\/schema\/person\/6a0bff64f73ff1a6b7e1ccb7faf58204","name":"LIA","image":{"@type":"ImageObject","inLanguage":"en-GB","@id":"https:\/\/liap.eu\/#\/schema\/person\/image\/","url":"https:\/\/secure.gravatar.com\/avatar\/528cc9c6a7aa20231d89b694711fbe94?s=96&d=mm&r=g","contentUrl":"https:\/\/secure.gravatar.com\/avatar\/528cc9c6a7aa20231d89b694711fbe94?s=96&d=mm&r=g","caption":"LIA"},"sameAs":["https:\/\/www.facebook.com\/LIAprogramme","https:\/\/www.instagram.com\/lia_programme\/"]}]}},"uagb_featured_image_src":{"full":["https:\/\/liap.eu\/wp-content\/uploads\/2017\/05\/Artist-Talk_Uwe-Gaul_group-scaled.jpg",2560,1903,false],"thumbnail":["https:\/\/liap.eu\/wp-content\/uploads\/2017\/05\/Artist-Talk_Uwe-Gaul_group-150x150.jpg",96,96,true],"medium":["https:\/\/liap.eu\/wp-content\/uploads\/2017\/05\/Artist-Talk_Uwe-Gaul_group-300x223.jpg",300,223,true],"medium_large":["https:\/\/liap.eu\/wp-content\/uploads\/2017\/05\/Artist-Talk_Uwe-Gaul_group-768x571.jpg",768,571,true],"large":["https:\/\/liap.eu\/wp-content\/uploads\/2017\/05\/Artist-Talk_Uwe-Gaul_group-1024x761.jpg",1024,761,true],"1536x1536":["https:\/\/liap.eu\/wp-content\/uploads\/2017\/05\/Artist-Talk_Uwe-Gaul_group-1536x1142.jpg",1536,1142,true],"2048x2048":["https:\/\/liap.eu\/wp-content\/uploads\/2017\/05\/Artist-Talk_Uwe-Gaul_group-2048x1522.jpg",2048,1522,true],"post-thumbnail":["https:\/\/liap.eu\/wp-content\/uploads\/2017\/05\/Artist-Talk_Uwe-Gaul_group-1200x892.jpg",1200,892,true],"twentytwenty-fullscreen":["https:\/\/liap.eu\/wp-content\/uploads\/2017\/05\/Artist-Talk_Uwe-Gaul_group-1980x1472.jpg",1980,1472,true]},"uagb_author_info":{"display_name":"LIA","author_link":"https:\/\/liap.eu\/index.php\/author\/bierau\/"},"uagb_comment_info":0,"uagb_excerpt":"Uwe Gaul, Staatssekret\u00e4r im S\u00e4chsischen Ministerium f\u00fcr Wissenschaft und Kunst, besuchte die internationalen Gastk\u00fcnstler des LIA Ganzer Artikel online: Staatssekret\u00e4r Uwe Gaul besucht LIAContinue readingLVZ vom 16. Januar 2017 - Uwe Gaul besucht LIA","_links":{"self":[{"href":"https:\/\/liap.eu\/index.php\/wp-json\/wp\/v2\/posts\/4303"}],"collection":[{"href":"https:\/\/liap.eu\/index.php\/wp-json\/wp\/v2\/posts"}],"about":[{"href":"https:\/\/liap.eu\/index.php\/wp-json\/wp\/v2\/types\/post"}],"author":[{"embeddable":true,"href":"https:\/\/liap.eu\/index.php\/wp-json\/wp\/v2\/users\/4"}],"replies":[{"embeddable":true,"href":"https:\/\/liap.eu\/index.php\/wp-json\/wp\/v2\/comments?post=4303"}],"version-history":[{"count":3,"href":"https:\/\/liap.eu\/index.php\/wp-json\/wp\/v2\/posts\/4303\/revisions"}],"predecessor-version":[{"id":4315,"href":"https:\/\/liap.eu\/index.php\/wp-json\/wp\/v2\/posts\/4303\/revisions\/4315"}],"wp:featuredmedia":[{"embeddable":true,"href":"https:\/\/liap.eu\/index.php\/wp-json\/wp\/v2\/media\/4319"}],"wp:attachment":[{"href":"https:\/\/liap.eu\/index.php\/wp-json\/wp\/v2\/media?parent=4303"}],"wp:term":[{"taxonomy":"category","embeddable":true,"href":"https:\/\/liap.eu\/index.php\/wp-json\/wp\/v2\/categories?post=4303"},{"taxonomy":"post_tag","embeddable":true,"href":"https:\/\/liap.eu\/index.php\/wp-json\/wp\/v2\/tags?post=4303"}],"curies":[{"name":"wp","href":"https:\/\/api.w.org\/{rel}","templated":true}]}}