{"id":4539,"date":"2018-04-09T16:25:11","date_gmt":"2018-04-09T14:25:11","guid":{"rendered":"https:\/\/liap.eu\/?p=4539"},"modified":"2018-04-09T16:25:11","modified_gmt":"2018-04-09T14:25:11","slug":"alex-valls","status":"publish","type":"post","link":"https:\/\/liap.eu\/index.php\/de\/2018\/04\/09\/alex-valls\/","title":{"rendered":"Alex Valls"},"content":{"rendered":"<p><em>Zeitraum: April 2018<\/em><\/p>\n<p><a href=\"https:\/\/liap.eu\/wp-content\/uploads\/2018\/04\/Alex-Valls_portrait_web.jpg\"><img loading=\"lazy\" decoding=\"async\" class=\"alignnone size-full wp-image-4541\" src=\"https:\/\/liap.eu\/wp-content\/uploads\/2018\/04\/Alex-Valls_portrait_web.jpg\" alt=\"\" width=\"411\" height=\"274\" srcset=\"https:\/\/liap.eu\/wp-content\/uploads\/2018\/04\/Alex-Valls_portrait_web.jpg 411w, https:\/\/liap.eu\/wp-content\/uploads\/2018\/04\/Alex-Valls_portrait_web-300x200.jpg 300w\" sizes=\"(max-width: 411px) 100vw, 411px\" \/><\/a><\/p>\n<p><a href=\"http:\/\/alexvallsart.com\/\" target=\"_blank\" rel=\"noopener\">www.alexvallsart.com<\/a><\/p>\n<p><span id=\"result_box\" class=\"\" lang=\"de\"><span title=\"The subject of my recent work derives from environmental and cultural sentiments representing the shifting realities of our landscape.\"><span title=\"Alex Valls was born in 1988 in Miami, FL and raised as a first generation Cuban-American.\">Alex Valls wurde 1988 in Miami, Florida, geboren und wuchs als kubanische Amerikanerin der ersten Generation auf. <\/span><span title=\"Graduated from Emerson College with a Bachelors of Science in 2011. Valls is a mostly self-taught multi-media artist with a focus on sculptural and found installation work.\">2011 absolvierte sie das Emerson College mit einem Bachelors of Science. Valls ist eine autodidaktische Multimediak\u00fcnstlerin mit Fokus auf skulpturalen und gefundenen Installationsarbeiten. <\/span><span title=\"She lives and has studio practices in both New York City and Miami, FL.\">Sie lebt und arbeitet in New York City und Miami, Florida. <\/span><span title=\"In 2017, Valls started the experimental project space, El Espacio in West Little Havana, Miami FL and founded the curatorial collective, Good to Know.\">Im Jahr 2017 startete Valls den experimentellen Projektraum El Espacio in West Little Havana, Miami, Florida, und gr\u00fcndete das kuratorische Kollektiv <em>Good to Know<\/em>.<\/span><\/span><\/span><\/p>\n<p><span id=\"result_box\" class=\"\" lang=\"de\"><span title=\"The subject of my recent work derives from environmental and cultural sentiments representing the shifting realities of our landscape.\">&#8220;Das Thema meiner j\u00fcngsten Arbeit ist von der Umwelt und den kulturellen Empfindungen abgeleitet, die die wechselnden Realit\u00e4ten unserer Landschaft repr\u00e4sentieren. <\/span><span title=\"I collect detritus such as plastic, metal, wood and glass, and re-purpose them into sculptural compositions.\">Ich sammle Detritus wie Plastik, Metall, Holz und Glas und verarbeite sie zu skulpturalen Kompositionen. <\/span><span title=\"Although the elements are most often commercially produced, the process by which I find and incorporate them into a work comes organically.\">Obwohl die Elemente am h\u00e4ufigsten kommerziell produziert werden, kommt der Prozess, durch den ich sie finde und in ein Werk einbeziehe, organisch. <\/span><span title=\"The objects reference the area in which they are found and presented;\">Die Objekte verweisen auf den Bereich, in dem sie gefunden und pr\u00e4sentiert werden. <\/span><span title=\"owing to a particular place or city yet allowing for a reconsideration of their future.\">aufgrund eines bestimmten Ortes oder einer bestimmten Stadt, die jedoch eine Neubewertung ihrer Zukunft erm\u00f6glicht. <\/span><span title=\"Viewing these concrete objects outside of their predetermined context, allows for this visual and or conceptual abstraction.\">Das Betrachten dieser konkreten Objekte au\u00dferhalb ihres vorbestimmten Kontextes erm\u00f6glicht diese visuelle und oder konzeptionelle Abstraktion. <\/span><span title=\"To expose, acknowledge and play with these elements of degradation means to continue their own trajectory as part of our human story.\n\n\">Diese Elemente der Degradierung zu entlarven, anzuerkennen und mit ihnen zu spielen bedeutet, ihre eigene Entwicklung als Teil unserer menschlichen Geschichte fortzusetzen.&#8221;<br \/>\n<\/span><\/span><\/p>\n<p><strong>Ausbildung:<\/strong><\/p>\n<p>2011 Emerson\u00a0 College Boston, MA Bachelor of Science, Integrated Marketing Communications, Minor: Sociology<\/p>\n<p><strong>Weitere Ausbildung &amp; k\u00fcnstlerische T\u00e4tigkeit:<\/strong><\/p>\n<p>2017 Byrdcliffe Artist Residency Woodstock, NY, Artist in Residence<br \/>\n2015-\u00ad2016 Art Center: Participant of Eco-\u00adAesthetics Downtown Miami, FL, Lead by Curator Blanca Del Torre<br \/>\n2014 Bruce Dorfman, Contemporary Artist New York , NY, Studio Assistant and TA at the Arts Students League<br \/>\n2014 Pedro Cuni, Artist and Parsons Fine Art Professor, NewYork, NY Studio Assistant and Art History Researcher January<\/p>\n<p><strong>Ausstellungen:<\/strong><\/p>\n<p>Upcoming:<br \/>\n2018 The Surf Lodge Hotel Summer Show Montauk, Long Island, NY<\/p>\n<p>2018 The Mordes Collection West Palm Beach, FL Group Show<br \/>\n2018 Kleinert Gallery Woodstock NY, Group Show<\/p>\n<p>2017 El Espacio on Ocho Good to Know, Group Show Art Basel Miami<br \/>\n2017 Andrew Edlin Gallery Basement Group<br \/>\n2017 Caritas Cuba New York, NY, Benefit for Cuban Foundation<br \/>\n2017 United Nations, Peace Boat New York, NY, Group exhibition of Eco-\u00ad\u2010Art<br \/>\n2017 Slideluck Catskills Upstate, NY, Photography Exhibition curated by Spencer Tunick<\/p>\n<p>2016 Faena Forum Procession Miami Beach, FL, Collaboration with Miralda Art Basel<br \/>\n2016 West Chelsea Arts Building New York, NY, Open Studio Show<br \/>\n2016 Bailey Contemporary Arts Center Pompano Beach, FL, Re-\u00adProduceExhibition<br \/>\n2016 Mac Fine Art Ft.Lauderdale, FL, Cuban Fried Chicken Exhibition<br \/>\n2016 Praxis Gallery NewYork, NY, Conte<br \/>\n2016 Blank Gallery Boston, MA, Speed Bag Exhibitionmporary Hispanic Artist Exhibition<br \/>\n2016 Phyllis Harriman Mason Gallery New York, NY, Contemporary group show<\/p>\n<p>&nbsp;<\/p>\n","protected":false},"excerpt":{"rendered":"<p>Zeitraum: April 2018 www.alexvallsart.com Alex Valls wurde 1988 in Miami, Florida, geboren und wuchs als kubanische Amerikanerin der ersten Generation auf. 2011 absolvierte sie das Emerson College mit einem Bachelors of Science. Valls ist eine autodidaktische Multimediak\u00fcnstlerin mit Fokus auf skulpturalen und gefundenen Installationsarbeiten. Sie lebt und arbeitet in New York City und Miami, Florida.&hellip;<a href=\"https:\/\/liap.eu\/index.php\/de\/2018\/04\/09\/alex-valls\/\" class=\"more-link\"><span>Continue reading<\/span><span class=\"screen-reader-text\">Alex Valls<\/span><\/a><\/p>\n","protected":false},"author":4,"featured_media":4541,"comment_status":"closed","ping_status":"closed","sticky":false,"template":"templates\/template-full-width.php","format":"standard","meta":{"om_disable_all_campaigns":false,"_uag_custom_page_level_css":"","footnotes":""},"categories":[338],"tags":[],"class_list":["post-4539","post","type-post","status-publish","format-standard","has-post-thumbnail","hentry","category-kuenstler-2018","tw-meta-no-icon"],"yoast_head":"<!-- This site is optimized with the Yoast SEO plugin v25.6 - https:\/\/yoast.com\/wordpress\/plugins\/seo\/ -->\n<title>Alex Valls - LIA<\/title>\n<meta name=\"robots\" content=\"index, follow, max-snippet:-1, max-image-preview:large, max-video-preview:-1\" \/>\n<link rel=\"canonical\" href=\"https:\/\/liap.eu\/index.php\/de\/2018\/04\/09\/alex-valls\/\" \/>\n<meta property=\"og:locale\" content=\"en_GB\" \/>\n<meta property=\"og:type\" content=\"article\" \/>\n<meta property=\"og:title\" content=\"Alex Valls - LIA\" \/>\n<meta property=\"og:description\" content=\"Zeitraum: April 2018 www.alexvallsart.com Alex Valls wurde 1988 in Miami, Florida, geboren und wuchs als kubanische Amerikanerin der ersten Generation auf. 2011 absolvierte sie das Emerson College mit einem Bachelors of Science. Valls ist eine autodidaktische Multimediak\u00fcnstlerin mit Fokus auf skulpturalen und gefundenen Installationsarbeiten. Sie lebt und arbeitet in New York City und Miami, Florida.&hellip;Continue readingAlex Valls\" \/>\n<meta property=\"og:url\" content=\"https:\/\/liap.eu\/index.php\/de\/2018\/04\/09\/alex-valls\/\" \/>\n<meta property=\"og:site_name\" content=\"LIA\" \/>\n<meta property=\"article:publisher\" content=\"https:\/\/www.facebook.com\/LIAprogramme\" \/>\n<meta property=\"article:author\" content=\"https:\/\/www.facebook.com\/LIAprogramme\" \/>\n<meta property=\"article:published_time\" content=\"2018-04-09T14:25:11+00:00\" \/>\n<meta property=\"og:image\" content=\"https:\/\/liap.eu\/wp-content\/uploads\/2018\/04\/Alex-Valls_portrait_web.jpg\" \/>\n\t<meta property=\"og:image:width\" content=\"411\" \/>\n\t<meta property=\"og:image:height\" content=\"274\" \/>\n\t<meta property=\"og:image:type\" content=\"image\/jpeg\" \/>\n<meta name=\"author\" content=\"LIA\" \/>\n<meta name=\"twitter:card\" content=\"summary_large_image\" \/>\n<meta name=\"twitter:label1\" content=\"Written by\" \/>\n\t<meta name=\"twitter:data1\" content=\"LIA\" \/>\n\t<meta name=\"twitter:label2\" content=\"Estimated reading time\" \/>\n\t<meta name=\"twitter:data2\" content=\"2 minutes\" \/>\n<script type=\"application\/ld+json\" class=\"yoast-schema-graph\">{\"@context\":\"https:\/\/schema.org\",\"@graph\":[{\"@type\":\"Article\",\"@id\":\"https:\/\/liap.eu\/index.php\/de\/2018\/04\/09\/alex-valls\/#article\",\"isPartOf\":{\"@id\":\"https:\/\/liap.eu\/index.php\/de\/2018\/04\/09\/alex-valls\/\"},\"author\":{\"name\":\"LIA\",\"@id\":\"https:\/\/liap.eu\/#\/schema\/person\/6a0bff64f73ff1a6b7e1ccb7faf58204\"},\"headline\":\"Alex Valls\",\"datePublished\":\"2018-04-09T14:25:11+00:00\",\"mainEntityOfPage\":{\"@id\":\"https:\/\/liap.eu\/index.php\/de\/2018\/04\/09\/alex-valls\/\"},\"wordCount\":431,\"publisher\":{\"@id\":\"https:\/\/liap.eu\/#organization\"},\"image\":{\"@id\":\"https:\/\/liap.eu\/index.php\/de\/2018\/04\/09\/alex-valls\/#primaryimage\"},\"thumbnailUrl\":\"https:\/\/liap.eu\/wp-content\/uploads\/2018\/04\/Alex-Valls_portrait_web.jpg\",\"articleSection\":[\"K\u00fcnstler 2018\"],\"inLanguage\":\"en-GB\"},{\"@type\":\"WebPage\",\"@id\":\"https:\/\/liap.eu\/index.php\/de\/2018\/04\/09\/alex-valls\/\",\"url\":\"https:\/\/liap.eu\/index.php\/de\/2018\/04\/09\/alex-valls\/\",\"name\":\"Alex Valls - LIA\",\"isPartOf\":{\"@id\":\"https:\/\/liap.eu\/#website\"},\"primaryImageOfPage\":{\"@id\":\"https:\/\/liap.eu\/index.php\/de\/2018\/04\/09\/alex-valls\/#primaryimage\"},\"image\":{\"@id\":\"https:\/\/liap.eu\/index.php\/de\/2018\/04\/09\/alex-valls\/#primaryimage\"},\"thumbnailUrl\":\"https:\/\/liap.eu\/wp-content\/uploads\/2018\/04\/Alex-Valls_portrait_web.jpg\",\"datePublished\":\"2018-04-09T14:25:11+00:00\",\"breadcrumb\":{\"@id\":\"https:\/\/liap.eu\/index.php\/de\/2018\/04\/09\/alex-valls\/#breadcrumb\"},\"inLanguage\":\"en-GB\",\"potentialAction\":[{\"@type\":\"ReadAction\",\"target\":[\"https:\/\/liap.eu\/index.php\/de\/2018\/04\/09\/alex-valls\/\"]}]},{\"@type\":\"ImageObject\",\"inLanguage\":\"en-GB\",\"@id\":\"https:\/\/liap.eu\/index.php\/de\/2018\/04\/09\/alex-valls\/#primaryimage\",\"url\":\"https:\/\/liap.eu\/wp-content\/uploads\/2018\/04\/Alex-Valls_portrait_web.jpg\",\"contentUrl\":\"https:\/\/liap.eu\/wp-content\/uploads\/2018\/04\/Alex-Valls_portrait_web.jpg\",\"width\":411,\"height\":274},{\"@type\":\"BreadcrumbList\",\"@id\":\"https:\/\/liap.eu\/index.php\/de\/2018\/04\/09\/alex-valls\/#breadcrumb\",\"itemListElement\":[{\"@type\":\"ListItem\",\"position\":1,\"name\":\"Startseite\",\"item\":\"https:\/\/liap.eu\/index.php\/de\/\"},{\"@type\":\"ListItem\",\"position\":2,\"name\":\"Alex Valls\"}]},{\"@type\":\"WebSite\",\"@id\":\"https:\/\/liap.eu\/#website\",\"url\":\"https:\/\/liap.eu\/\",\"name\":\"LIA - Leipzig International Art Programme\",\"description\":\"Leipzig International Art Programme\",\"publisher\":{\"@id\":\"https:\/\/liap.eu\/#organization\"},\"potentialAction\":[{\"@type\":\"SearchAction\",\"target\":{\"@type\":\"EntryPoint\",\"urlTemplate\":\"https:\/\/liap.eu\/?s={search_term_string}\"},\"query-input\":{\"@type\":\"PropertyValueSpecification\",\"valueRequired\":true,\"valueName\":\"search_term_string\"}}],\"inLanguage\":\"en-GB\"},{\"@type\":\"Organization\",\"@id\":\"https:\/\/liap.eu\/#organization\",\"name\":\"Leipzig International Art Programme\",\"url\":\"https:\/\/liap.eu\/\",\"logo\":{\"@type\":\"ImageObject\",\"inLanguage\":\"en-GB\",\"@id\":\"https:\/\/liap.eu\/#\/schema\/logo\/image\/\",\"url\":\"https:\/\/liap.eu\/wp-content\/uploads\/2021\/11\/LIAP.jpg\",\"contentUrl\":\"https:\/\/liap.eu\/wp-content\/uploads\/2021\/11\/LIAP.jpg\",\"width\":870,\"height\":140,\"caption\":\"Leipzig International Art Programme\"},\"image\":{\"@id\":\"https:\/\/liap.eu\/#\/schema\/logo\/image\/\"},\"sameAs\":[\"https:\/\/www.facebook.com\/LIAprogramme\",\"https:\/\/www.instagram.com\/lia_programme\/\",\"https:\/\/www.youtube.com\/channel\/UCVp_APjH6wtmApuu5kWgUqA\/videos\"]},{\"@type\":\"Person\",\"@id\":\"https:\/\/liap.eu\/#\/schema\/person\/6a0bff64f73ff1a6b7e1ccb7faf58204\",\"name\":\"LIA\",\"image\":{\"@type\":\"ImageObject\",\"inLanguage\":\"en-GB\",\"@id\":\"https:\/\/liap.eu\/#\/schema\/person\/image\/\",\"url\":\"https:\/\/secure.gravatar.com\/avatar\/528cc9c6a7aa20231d89b694711fbe94?s=96&d=mm&r=g\",\"contentUrl\":\"https:\/\/secure.gravatar.com\/avatar\/528cc9c6a7aa20231d89b694711fbe94?s=96&d=mm&r=g\",\"caption\":\"LIA\"},\"sameAs\":[\"https:\/\/www.facebook.com\/LIAprogramme\",\"https:\/\/www.instagram.com\/lia_programme\/\"]}]}<\/script>\n<!-- \/ Yoast SEO plugin. -->","yoast_head_json":{"title":"Alex Valls - LIA","robots":{"index":"index","follow":"follow","max-snippet":"max-snippet:-1","max-image-preview":"max-image-preview:large","max-video-preview":"max-video-preview:-1"},"canonical":"https:\/\/liap.eu\/index.php\/de\/2018\/04\/09\/alex-valls\/","og_locale":"en_GB","og_type":"article","og_title":"Alex Valls - LIA","og_description":"Zeitraum: April 2018 www.alexvallsart.com Alex Valls wurde 1988 in Miami, Florida, geboren und wuchs als kubanische Amerikanerin der ersten Generation auf. 2011 absolvierte sie das Emerson College mit einem Bachelors of Science. Valls ist eine autodidaktische Multimediak\u00fcnstlerin mit Fokus auf skulpturalen und gefundenen Installationsarbeiten. Sie lebt und arbeitet in New York City und Miami, Florida.&hellip;Continue readingAlex Valls","og_url":"https:\/\/liap.eu\/index.php\/de\/2018\/04\/09\/alex-valls\/","og_site_name":"LIA","article_publisher":"https:\/\/www.facebook.com\/LIAprogramme","article_author":"https:\/\/www.facebook.com\/LIAprogramme","article_published_time":"2018-04-09T14:25:11+00:00","og_image":[{"width":411,"height":274,"url":"https:\/\/liap.eu\/wp-content\/uploads\/2018\/04\/Alex-Valls_portrait_web.jpg","type":"image\/jpeg"}],"author":"LIA","twitter_card":"summary_large_image","twitter_misc":{"Written by":"LIA","Estimated reading time":"2 minutes"},"schema":{"@context":"https:\/\/schema.org","@graph":[{"@type":"Article","@id":"https:\/\/liap.eu\/index.php\/de\/2018\/04\/09\/alex-valls\/#article","isPartOf":{"@id":"https:\/\/liap.eu\/index.php\/de\/2018\/04\/09\/alex-valls\/"},"author":{"name":"LIA","@id":"https:\/\/liap.eu\/#\/schema\/person\/6a0bff64f73ff1a6b7e1ccb7faf58204"},"headline":"Alex Valls","datePublished":"2018-04-09T14:25:11+00:00","mainEntityOfPage":{"@id":"https:\/\/liap.eu\/index.php\/de\/2018\/04\/09\/alex-valls\/"},"wordCount":431,"publisher":{"@id":"https:\/\/liap.eu\/#organization"},"image":{"@id":"https:\/\/liap.eu\/index.php\/de\/2018\/04\/09\/alex-valls\/#primaryimage"},"thumbnailUrl":"https:\/\/liap.eu\/wp-content\/uploads\/2018\/04\/Alex-Valls_portrait_web.jpg","articleSection":["K\u00fcnstler 2018"],"inLanguage":"en-GB"},{"@type":"WebPage","@id":"https:\/\/liap.eu\/index.php\/de\/2018\/04\/09\/alex-valls\/","url":"https:\/\/liap.eu\/index.php\/de\/2018\/04\/09\/alex-valls\/","name":"Alex Valls - LIA","isPartOf":{"@id":"https:\/\/liap.eu\/#website"},"primaryImageOfPage":{"@id":"https:\/\/liap.eu\/index.php\/de\/2018\/04\/09\/alex-valls\/#primaryimage"},"image":{"@id":"https:\/\/liap.eu\/index.php\/de\/2018\/04\/09\/alex-valls\/#primaryimage"},"thumbnailUrl":"https:\/\/liap.eu\/wp-content\/uploads\/2018\/04\/Alex-Valls_portrait_web.jpg","datePublished":"2018-04-09T14:25:11+00:00","breadcrumb":{"@id":"https:\/\/liap.eu\/index.php\/de\/2018\/04\/09\/alex-valls\/#breadcrumb"},"inLanguage":"en-GB","potentialAction":[{"@type":"ReadAction","target":["https:\/\/liap.eu\/index.php\/de\/2018\/04\/09\/alex-valls\/"]}]},{"@type":"ImageObject","inLanguage":"en-GB","@id":"https:\/\/liap.eu\/index.php\/de\/2018\/04\/09\/alex-valls\/#primaryimage","url":"https:\/\/liap.eu\/wp-content\/uploads\/2018\/04\/Alex-Valls_portrait_web.jpg","contentUrl":"https:\/\/liap.eu\/wp-content\/uploads\/2018\/04\/Alex-Valls_portrait_web.jpg","width":411,"height":274},{"@type":"BreadcrumbList","@id":"https:\/\/liap.eu\/index.php\/de\/2018\/04\/09\/alex-valls\/#breadcrumb","itemListElement":[{"@type":"ListItem","position":1,"name":"Startseite","item":"https:\/\/liap.eu\/index.php\/de\/"},{"@type":"ListItem","position":2,"name":"Alex Valls"}]},{"@type":"WebSite","@id":"https:\/\/liap.eu\/#website","url":"https:\/\/liap.eu\/","name":"LIA - Leipzig International Art Programme","description":"Leipzig International Art Programme","publisher":{"@id":"https:\/\/liap.eu\/#organization"},"potentialAction":[{"@type":"SearchAction","target":{"@type":"EntryPoint","urlTemplate":"https:\/\/liap.eu\/?s={search_term_string}"},"query-input":{"@type":"PropertyValueSpecification","valueRequired":true,"valueName":"search_term_string"}}],"inLanguage":"en-GB"},{"@type":"Organization","@id":"https:\/\/liap.eu\/#organization","name":"Leipzig International Art Programme","url":"https:\/\/liap.eu\/","logo":{"@type":"ImageObject","inLanguage":"en-GB","@id":"https:\/\/liap.eu\/#\/schema\/logo\/image\/","url":"https:\/\/liap.eu\/wp-content\/uploads\/2021\/11\/LIAP.jpg","contentUrl":"https:\/\/liap.eu\/wp-content\/uploads\/2021\/11\/LIAP.jpg","width":870,"height":140,"caption":"Leipzig International Art Programme"},"image":{"@id":"https:\/\/liap.eu\/#\/schema\/logo\/image\/"},"sameAs":["https:\/\/www.facebook.com\/LIAprogramme","https:\/\/www.instagram.com\/lia_programme\/","https:\/\/www.youtube.com\/channel\/UCVp_APjH6wtmApuu5kWgUqA\/videos"]},{"@type":"Person","@id":"https:\/\/liap.eu\/#\/schema\/person\/6a0bff64f73ff1a6b7e1ccb7faf58204","name":"LIA","image":{"@type":"ImageObject","inLanguage":"en-GB","@id":"https:\/\/liap.eu\/#\/schema\/person\/image\/","url":"https:\/\/secure.gravatar.com\/avatar\/528cc9c6a7aa20231d89b694711fbe94?s=96&d=mm&r=g","contentUrl":"https:\/\/secure.gravatar.com\/avatar\/528cc9c6a7aa20231d89b694711fbe94?s=96&d=mm&r=g","caption":"LIA"},"sameAs":["https:\/\/www.facebook.com\/LIAprogramme","https:\/\/www.instagram.com\/lia_programme\/"]}]}},"uagb_featured_image_src":{"full":["https:\/\/liap.eu\/wp-content\/uploads\/2018\/04\/Alex-Valls_portrait_web.jpg",411,274,false],"thumbnail":["https:\/\/liap.eu\/wp-content\/uploads\/2018\/04\/Alex-Valls_portrait_web-150x150.jpg",96,96,true],"medium":["https:\/\/liap.eu\/wp-content\/uploads\/2018\/04\/Alex-Valls_portrait_web-300x200.jpg",300,200,true],"medium_large":["https:\/\/liap.eu\/wp-content\/uploads\/2018\/04\/Alex-Valls_portrait_web.jpg",411,274,false],"large":["https:\/\/liap.eu\/wp-content\/uploads\/2018\/04\/Alex-Valls_portrait_web.jpg",411,274,false],"1536x1536":["https:\/\/liap.eu\/wp-content\/uploads\/2018\/04\/Alex-Valls_portrait_web.jpg",411,274,false],"2048x2048":["https:\/\/liap.eu\/wp-content\/uploads\/2018\/04\/Alex-Valls_portrait_web.jpg",411,274,false],"post-thumbnail":["https:\/\/liap.eu\/wp-content\/uploads\/2018\/04\/Alex-Valls_portrait_web.jpg",411,274,false],"twentytwenty-fullscreen":["https:\/\/liap.eu\/wp-content\/uploads\/2018\/04\/Alex-Valls_portrait_web.jpg",411,274,false]},"uagb_author_info":{"display_name":"LIA","author_link":"https:\/\/liap.eu\/index.php\/author\/bierau\/"},"uagb_comment_info":0,"uagb_excerpt":"Zeitraum: April 2018 www.alexvallsart.com Alex Valls wurde 1988 in Miami, Florida, geboren und wuchs als kubanische Amerikanerin der ersten Generation auf. 2011 absolvierte sie das Emerson College mit einem Bachelors of Science. Valls ist eine autodidaktische Multimediak\u00fcnstlerin mit Fokus auf skulpturalen und gefundenen Installationsarbeiten. Sie lebt und arbeitet in New York City und Miami, Florida.&hellip;Continue&hellip;","_links":{"self":[{"href":"https:\/\/liap.eu\/index.php\/wp-json\/wp\/v2\/posts\/4539"}],"collection":[{"href":"https:\/\/liap.eu\/index.php\/wp-json\/wp\/v2\/posts"}],"about":[{"href":"https:\/\/liap.eu\/index.php\/wp-json\/wp\/v2\/types\/post"}],"author":[{"embeddable":true,"href":"https:\/\/liap.eu\/index.php\/wp-json\/wp\/v2\/users\/4"}],"replies":[{"embeddable":true,"href":"https:\/\/liap.eu\/index.php\/wp-json\/wp\/v2\/comments?post=4539"}],"version-history":[{"count":1,"href":"https:\/\/liap.eu\/index.php\/wp-json\/wp\/v2\/posts\/4539\/revisions"}],"predecessor-version":[{"id":4542,"href":"https:\/\/liap.eu\/index.php\/wp-json\/wp\/v2\/posts\/4539\/revisions\/4542"}],"wp:featuredmedia":[{"embeddable":true,"href":"https:\/\/liap.eu\/index.php\/wp-json\/wp\/v2\/media\/4541"}],"wp:attachment":[{"href":"https:\/\/liap.eu\/index.php\/wp-json\/wp\/v2\/media?parent=4539"}],"wp:term":[{"taxonomy":"category","embeddable":true,"href":"https:\/\/liap.eu\/index.php\/wp-json\/wp\/v2\/categories?post=4539"},{"taxonomy":"post_tag","embeddable":true,"href":"https:\/\/liap.eu\/index.php\/wp-json\/wp\/v2\/tags?post=4539"}],"curies":[{"name":"wp","href":"https:\/\/api.w.org\/{rel}","templated":true}]}}