{"id":4793,"date":"2018-08-10T12:18:16","date_gmt":"2018-08-10T10:18:16","guid":{"rendered":"https:\/\/liap.eu\/?p=4793"},"modified":"2018-11-13T22:56:10","modified_gmt":"2018-11-13T21:56:10","slug":"karolina-jablonska","status":"publish","type":"post","link":"https:\/\/liap.eu\/index.php\/2018\/08\/10\/karolina-jablonska\/","title":{"rendered":"Karolina Jab\u0142o\u0144ska"},"content":{"rendered":"<p><em>Term:\u00a0 August &#8211; September 2018<\/em><\/p>\n<p>Supported by the City of Leipzig \/ Referat for International Cooperation.<\/p>\n<p><a href=\"https:\/\/liap.eu\/wp-content\/uploads\/2018\/08\/Karolina-Jablonska_3.jpg\"><img loading=\"lazy\" decoding=\"async\" class=\"alignnone wp-image-4789\" src=\"https:\/\/liap.eu\/wp-content\/uploads\/2018\/08\/Karolina-Jablonska_3.jpg\" alt=\"\" width=\"264\" height=\"264\" srcset=\"https:\/\/liap.eu\/wp-content\/uploads\/2018\/08\/Karolina-Jablonska_3.jpg 960w, https:\/\/liap.eu\/wp-content\/uploads\/2018\/08\/Karolina-Jablonska_3-150x150.jpg 150w, https:\/\/liap.eu\/wp-content\/uploads\/2018\/08\/Karolina-Jablonska_3-300x300.jpg 300w, https:\/\/liap.eu\/wp-content\/uploads\/2018\/08\/Karolina-Jablonska_3-768x768.jpg 768w\" sizes=\"(max-width: 264px) 100vw, 264px\" \/>\u00a0\u00a0\u00a0\u00a0\u00a0\u00a0\u00a0\u00a0\u00a0\u00a0<\/a><a href=\"https:\/\/liap.eu\/wp-content\/uploads\/2018\/08\/wappen-leipzig-internationale_zusammenarbeit.jpg\"><img loading=\"lazy\" decoding=\"async\" class=\"alignnone wp-image-4790\" src=\"https:\/\/liap.eu\/wp-content\/uploads\/2018\/08\/wappen-leipzig-internationale_zusammenarbeit.jpg\" alt=\"\" width=\"201\" height=\"56\" srcset=\"https:\/\/liap.eu\/wp-content\/uploads\/2018\/08\/wappen-leipzig-internationale_zusammenarbeit.jpg 2400w, https:\/\/liap.eu\/wp-content\/uploads\/2018\/08\/wappen-leipzig-internationale_zusammenarbeit-300x84.jpg 300w, https:\/\/liap.eu\/wp-content\/uploads\/2018\/08\/wappen-leipzig-internationale_zusammenarbeit-768x214.jpg 768w, https:\/\/liap.eu\/wp-content\/uploads\/2018\/08\/wappen-leipzig-internationale_zusammenarbeit-1024x285.jpg 1024w\" sizes=\"(max-width: 201px) 100vw, 201px\" \/><\/a><\/p>\n<p><a href=\"http:\/\/karolinajablonska.com\/\" target=\"_blank\" rel=\"noopener\"><strong>www.karolinajablonska.com<\/strong><\/a><\/p>\n<p>Born 1991, lives and works in Cracow, Poland.<\/p>\n<p>The pain\u00adtings of Karolina Jab\u0142o\u0144ska (born 1991, graduated 2015) allude to the creative freedom of Art Brut, Neo-Expressionism and the con\u00adfes\u00adsional art of feminists and female moder\u00adnists. Intense pink and its fleshy hue bring out the dark eroticism of the works, aboun\u00adding in scenes of heigh\u00adtened sen\u00adsitivity, ecstatic violence and distur\u00adbing hal\u00adlucinations. A lyrical sub\u00adject here, appearing in many of the pain\u00adtings, is a con\u00adtem\u00adporary young girl with huge brown eyes. Their over-sizing\u2014whether it hides terror or excess curiosity\u2014assumes an almost obses\u00adsive charac\u00adter. The sweet sul\u00adtriness of Karolina&#8217;s pain\u00adting draws energy from the literary threads she traces and from the immediate reac\u00adtion to an over-controlled and testosterone-drenched reality.<\/p>\n<p><strong>Education<\/strong><\/p>\n<p>2010 \u2013 2015 Academy of Fine Arts in Krakow \u2013 prof. Leszek Misiak studio<br \/>\n2014 \u2013 2015 Scholarship in Vysok\u00e1 \u0161kola um\u011bleckopr\u016fmyslov\u00e1 v Praze<\/p>\n<h4>Solo Exhibition (Selection)<\/h4>\n<p>2017 Dziewczyna czy tygrys, BWA Gorz\u00f3w Wielkopolski<br \/>\n2016 Ludzka Rzecz, Grey House Fundation Gallery, Krakow<br \/>\n2016 Nowa Para Oczu, Potencja Gallery, Krakow<br \/>\n2013 Ostatnie po\u017cegnanie, Arsene Galeria Wiatrak, Krakow<br \/>\n2012 Zawodowcy, Centrum Sztuki Wsp\u00f3\u0142czesnej Solvay, Krakow<\/p>\n<h4>Group Exhibtion (Selection)<\/h4>\n<p>2018 Lifehack, Jedna Dva T\u0159i Gallery, Prague<br \/>\n2017 Szwung, Schwarz Contemporary, Berlin<br \/>\n2017 \u201eListe\u201d Art Fair, Raster Gallery, Basel<br \/>\n2017 No problem, Potencja Gallery, Krakow<br \/>\n2017 \u201eXY\u201d New Generation Polish-Hungarian Painting, MODEM Center for Modern and Contemporary Arts, Debrecen, Hungary<br \/>\n2017 Movie Show \/ Seans, Szara Gallery, Katowice<br \/>\n2017 Potencja, Raster Gallery, Warsaw<br \/>\n2016 Interstela\u017c, Potencja Gallery, Krakow<br \/>\n2015 42 Biennale Malarstwa Bielska Jesie\u0144, BWA Bielsko Bia\u0142a<br \/>\n2015 Wy-dalone\/Excre(a)ted, Potencja Gallery, Krakow<br \/>\n2014 Winter is coming, Szara Kamienica Gallery, Krakow<br \/>\n2014 From Dusk Till Dawn, Zderzak Gallery, Krakow<br \/>\n2014 Berliner Liste Art Fair, Berlin<br \/>\n2014 Lepiej mie\u0107 horyzont w\u0105ski\u2026, Zderzak Gallery, Krakow<br \/>\n2013 Malarstwo J\u0119zykiem Uniwersalnym, Ludwik Zamenhof Center, Bia\u0142ystok<br \/>\n2012 Spring \/ Wiosna, with the participation of Tomasz Kr\u0119cicki and Cyryl Polaczek, Wiarus Bar, Krakow<\/p>\n<h4>Prizes<\/h4>\n<p>2017 II prize in 43 Painting Biennale \u201cBielska Jesie\u0144\u201d, BWA Bielsko Bia\u0142a<br \/>\n2016 prize found by \u201cDolno\u015bl\u0105ski klub kapita\u0142u\u201d in 12 Geppert Competition<br \/>\n2015 I prize in \u201eKonkurs na Dzie\u0142o\u201d organized by Art Academy in Krakow<br \/>\n2014-2015 Scholarship from the Ministry of Science and Higher Education for the outstanding artistic achievements<br \/>\n2014 Prize in competition of the Grey House Foundation, private prize found by Krystyna Axmann<br \/>\n2014 Nomination to the prize \u201eNowy Obraz\u201d organized by Art University in Poznan<br \/>\n2013 III prize in a country wide competition \u201eMalarstwo J\u0119zykiem Uniwersalnym\u201d organized by Young Art Foundation \u201eZielona Marchewka\u201d<\/p>\n<h4>Collaborative Project<\/h4>\n<p>Cofounder with Tomasz Kr\u0119cicki and Cyryl Polaczek, artist\u2019s run space POTENCJA<br \/>\n<a href=\"http:\/\/galeriapotencja.tumblr.com\/\" target=\"_blank\" rel=\"noopener\">www.galeriapotencja.tumblr.com<\/a><\/p>\n<header class=\"entry-header\"><\/header>\n","protected":false},"excerpt":{"rendered":"<p>Term:\u00a0 August &#8211; September 2018 Supported by the City of Leipzig \/ Referat for International Cooperation. \u00a0\u00a0\u00a0\u00a0\u00a0\u00a0\u00a0\u00a0\u00a0\u00a0 www.karolinajablonska.com Born 1991, lives and works in Cracow, Poland. The pain\u00adtings of Karolina Jab\u0142o\u0144ska (born 1991, graduated 2015) allude to the creative freedom of Art Brut, Neo-Expressionism and the con\u00adfes\u00adsional art of feminists and female moder\u00adnists. Intense pink&hellip;<a href=\"https:\/\/liap.eu\/index.php\/2018\/08\/10\/karolina-jablonska\/\" class=\"more-link\"><span>Continue reading<\/span><span class=\"screen-reader-text\">Karolina Jab\u0142o\u0144ska<\/span><\/a><\/p>\n","protected":false},"author":4,"featured_media":5079,"comment_status":"closed","ping_status":"closed","sticky":false,"template":"templates\/template-full-width.php","format":"standard","meta":{"om_disable_all_campaigns":false,"_uag_custom_page_level_css":"","footnotes":""},"categories":[340],"tags":[],"class_list":["post-4793","post","type-post","status-publish","format-standard","has-post-thumbnail","hentry","category-artists-2018","tw-meta-no-icon"],"yoast_head":"<!-- This site is optimized with the Yoast SEO plugin v25.6 - https:\/\/yoast.com\/wordpress\/plugins\/seo\/ -->\n<title>Karolina Jab\u0142o\u0144ska - LIA<\/title>\n<meta name=\"robots\" content=\"index, follow, max-snippet:-1, max-image-preview:large, max-video-preview:-1\" \/>\n<link rel=\"canonical\" href=\"https:\/\/liap.eu\/index.php\/2018\/08\/10\/karolina-jablonska\/\" \/>\n<meta property=\"og:locale\" content=\"en_GB\" \/>\n<meta property=\"og:type\" content=\"article\" \/>\n<meta property=\"og:title\" content=\"Karolina Jab\u0142o\u0144ska - LIA\" \/>\n<meta property=\"og:description\" content=\"Term:\u00a0 August &#8211; September 2018 Supported by the City of Leipzig \/ Referat for International Cooperation. \u00a0\u00a0\u00a0\u00a0\u00a0\u00a0\u00a0\u00a0\u00a0\u00a0 www.karolinajablonska.com Born 1991, lives and works in Cracow, Poland. The pain\u00adtings of Karolina Jab\u0142o\u0144ska (born 1991, graduated 2015) allude to the creative freedom of Art Brut, Neo-Expressionism and the con\u00adfes\u00adsional art of feminists and female moder\u00adnists. Intense pink&hellip;Continue readingKarolina Jab\u0142o\u0144ska\" \/>\n<meta property=\"og:url\" content=\"https:\/\/liap.eu\/index.php\/2018\/08\/10\/karolina-jablonska\/\" \/>\n<meta property=\"og:site_name\" content=\"LIA\" \/>\n<meta property=\"article:publisher\" content=\"https:\/\/www.facebook.com\/LIAprogramme\" \/>\n<meta property=\"article:author\" content=\"https:\/\/www.facebook.com\/LIAprogramme\" \/>\n<meta property=\"article:published_time\" content=\"2018-08-10T10:18:16+00:00\" \/>\n<meta property=\"article:modified_time\" content=\"2018-11-13T21:56:10+00:00\" \/>\n<meta property=\"og:image\" content=\"https:\/\/liap.eu\/wp-content\/uploads\/2018\/08\/karolina-jablonska_portrait2.jpg\" \/>\n\t<meta property=\"og:image:width\" content=\"900\" \/>\n\t<meta property=\"og:image:height\" content=\"1200\" \/>\n\t<meta property=\"og:image:type\" content=\"image\/jpeg\" \/>\n<meta name=\"author\" content=\"LIA\" \/>\n<meta name=\"twitter:card\" content=\"summary_large_image\" \/>\n<meta name=\"twitter:label1\" content=\"Written by\" \/>\n\t<meta name=\"twitter:data1\" content=\"LIA\" \/>\n\t<meta name=\"twitter:label2\" content=\"Estimated reading time\" \/>\n\t<meta name=\"twitter:data2\" content=\"2 minutes\" \/>\n<script type=\"application\/ld+json\" class=\"yoast-schema-graph\">{\"@context\":\"https:\/\/schema.org\",\"@graph\":[{\"@type\":\"Article\",\"@id\":\"https:\/\/liap.eu\/index.php\/2018\/08\/10\/karolina-jablonska\/#article\",\"isPartOf\":{\"@id\":\"https:\/\/liap.eu\/index.php\/2018\/08\/10\/karolina-jablonska\/\"},\"author\":{\"name\":\"LIA\",\"@id\":\"https:\/\/liap.eu\/#\/schema\/person\/6a0bff64f73ff1a6b7e1ccb7faf58204\"},\"headline\":\"Karolina Jab\u0142o\u0144ska\",\"datePublished\":\"2018-08-10T10:18:16+00:00\",\"dateModified\":\"2018-11-13T21:56:10+00:00\",\"mainEntityOfPage\":{\"@id\":\"https:\/\/liap.eu\/index.php\/2018\/08\/10\/karolina-jablonska\/\"},\"wordCount\":447,\"publisher\":{\"@id\":\"https:\/\/liap.eu\/#organization\"},\"image\":{\"@id\":\"https:\/\/liap.eu\/index.php\/2018\/08\/10\/karolina-jablonska\/#primaryimage\"},\"thumbnailUrl\":\"https:\/\/liap.eu\/wp-content\/uploads\/2018\/08\/karolina-jablonska_portrait2.jpg\",\"articleSection\":[\"Artists 2018\"],\"inLanguage\":\"en-GB\"},{\"@type\":\"WebPage\",\"@id\":\"https:\/\/liap.eu\/index.php\/2018\/08\/10\/karolina-jablonska\/\",\"url\":\"https:\/\/liap.eu\/index.php\/2018\/08\/10\/karolina-jablonska\/\",\"name\":\"Karolina Jab\u0142o\u0144ska - LIA\",\"isPartOf\":{\"@id\":\"https:\/\/liap.eu\/#website\"},\"primaryImageOfPage\":{\"@id\":\"https:\/\/liap.eu\/index.php\/2018\/08\/10\/karolina-jablonska\/#primaryimage\"},\"image\":{\"@id\":\"https:\/\/liap.eu\/index.php\/2018\/08\/10\/karolina-jablonska\/#primaryimage\"},\"thumbnailUrl\":\"https:\/\/liap.eu\/wp-content\/uploads\/2018\/08\/karolina-jablonska_portrait2.jpg\",\"datePublished\":\"2018-08-10T10:18:16+00:00\",\"dateModified\":\"2018-11-13T21:56:10+00:00\",\"breadcrumb\":{\"@id\":\"https:\/\/liap.eu\/index.php\/2018\/08\/10\/karolina-jablonska\/#breadcrumb\"},\"inLanguage\":\"en-GB\",\"potentialAction\":[{\"@type\":\"ReadAction\",\"target\":[\"https:\/\/liap.eu\/index.php\/2018\/08\/10\/karolina-jablonska\/\"]}]},{\"@type\":\"ImageObject\",\"inLanguage\":\"en-GB\",\"@id\":\"https:\/\/liap.eu\/index.php\/2018\/08\/10\/karolina-jablonska\/#primaryimage\",\"url\":\"https:\/\/liap.eu\/wp-content\/uploads\/2018\/08\/karolina-jablonska_portrait2.jpg\",\"contentUrl\":\"https:\/\/liap.eu\/wp-content\/uploads\/2018\/08\/karolina-jablonska_portrait2.jpg\",\"width\":900,\"height\":1200},{\"@type\":\"BreadcrumbList\",\"@id\":\"https:\/\/liap.eu\/index.php\/2018\/08\/10\/karolina-jablonska\/#breadcrumb\",\"itemListElement\":[{\"@type\":\"ListItem\",\"position\":1,\"name\":\"Startseite\",\"item\":\"https:\/\/liap.eu\/index.php\/de\/\"},{\"@type\":\"ListItem\",\"position\":2,\"name\":\"Karolina Jab\u0142o\u0144ska\"}]},{\"@type\":\"WebSite\",\"@id\":\"https:\/\/liap.eu\/#website\",\"url\":\"https:\/\/liap.eu\/\",\"name\":\"LIA - Leipzig International Art Programme\",\"description\":\"Leipzig International Art Programme\",\"publisher\":{\"@id\":\"https:\/\/liap.eu\/#organization\"},\"potentialAction\":[{\"@type\":\"SearchAction\",\"target\":{\"@type\":\"EntryPoint\",\"urlTemplate\":\"https:\/\/liap.eu\/?s={search_term_string}\"},\"query-input\":{\"@type\":\"PropertyValueSpecification\",\"valueRequired\":true,\"valueName\":\"search_term_string\"}}],\"inLanguage\":\"en-GB\"},{\"@type\":\"Organization\",\"@id\":\"https:\/\/liap.eu\/#organization\",\"name\":\"Leipzig International Art Programme\",\"url\":\"https:\/\/liap.eu\/\",\"logo\":{\"@type\":\"ImageObject\",\"inLanguage\":\"en-GB\",\"@id\":\"https:\/\/liap.eu\/#\/schema\/logo\/image\/\",\"url\":\"https:\/\/liap.eu\/wp-content\/uploads\/2021\/11\/LIAP.jpg\",\"contentUrl\":\"https:\/\/liap.eu\/wp-content\/uploads\/2021\/11\/LIAP.jpg\",\"width\":870,\"height\":140,\"caption\":\"Leipzig International Art Programme\"},\"image\":{\"@id\":\"https:\/\/liap.eu\/#\/schema\/logo\/image\/\"},\"sameAs\":[\"https:\/\/www.facebook.com\/LIAprogramme\",\"https:\/\/www.instagram.com\/lia_programme\/\",\"https:\/\/www.youtube.com\/channel\/UCVp_APjH6wtmApuu5kWgUqA\/videos\"]},{\"@type\":\"Person\",\"@id\":\"https:\/\/liap.eu\/#\/schema\/person\/6a0bff64f73ff1a6b7e1ccb7faf58204\",\"name\":\"LIA\",\"image\":{\"@type\":\"ImageObject\",\"inLanguage\":\"en-GB\",\"@id\":\"https:\/\/liap.eu\/#\/schema\/person\/image\/\",\"url\":\"https:\/\/secure.gravatar.com\/avatar\/528cc9c6a7aa20231d89b694711fbe94?s=96&d=mm&r=g\",\"contentUrl\":\"https:\/\/secure.gravatar.com\/avatar\/528cc9c6a7aa20231d89b694711fbe94?s=96&d=mm&r=g\",\"caption\":\"LIA\"},\"sameAs\":[\"https:\/\/www.facebook.com\/LIAprogramme\",\"https:\/\/www.instagram.com\/lia_programme\/\"]}]}<\/script>\n<!-- \/ Yoast SEO plugin. -->","yoast_head_json":{"title":"Karolina Jab\u0142o\u0144ska - LIA","robots":{"index":"index","follow":"follow","max-snippet":"max-snippet:-1","max-image-preview":"max-image-preview:large","max-video-preview":"max-video-preview:-1"},"canonical":"https:\/\/liap.eu\/index.php\/2018\/08\/10\/karolina-jablonska\/","og_locale":"en_GB","og_type":"article","og_title":"Karolina Jab\u0142o\u0144ska - LIA","og_description":"Term:\u00a0 August &#8211; September 2018 Supported by the City of Leipzig \/ Referat for International Cooperation. \u00a0\u00a0\u00a0\u00a0\u00a0\u00a0\u00a0\u00a0\u00a0\u00a0 www.karolinajablonska.com Born 1991, lives and works in Cracow, Poland. The pain\u00adtings of Karolina Jab\u0142o\u0144ska (born 1991, graduated 2015) allude to the creative freedom of Art Brut, Neo-Expressionism and the con\u00adfes\u00adsional art of feminists and female moder\u00adnists. Intense pink&hellip;Continue readingKarolina Jab\u0142o\u0144ska","og_url":"https:\/\/liap.eu\/index.php\/2018\/08\/10\/karolina-jablonska\/","og_site_name":"LIA","article_publisher":"https:\/\/www.facebook.com\/LIAprogramme","article_author":"https:\/\/www.facebook.com\/LIAprogramme","article_published_time":"2018-08-10T10:18:16+00:00","article_modified_time":"2018-11-13T21:56:10+00:00","og_image":[{"width":900,"height":1200,"url":"https:\/\/liap.eu\/wp-content\/uploads\/2018\/08\/karolina-jablonska_portrait2.jpg","type":"image\/jpeg"}],"author":"LIA","twitter_card":"summary_large_image","twitter_misc":{"Written by":"LIA","Estimated reading time":"2 minutes"},"schema":{"@context":"https:\/\/schema.org","@graph":[{"@type":"Article","@id":"https:\/\/liap.eu\/index.php\/2018\/08\/10\/karolina-jablonska\/#article","isPartOf":{"@id":"https:\/\/liap.eu\/index.php\/2018\/08\/10\/karolina-jablonska\/"},"author":{"name":"LIA","@id":"https:\/\/liap.eu\/#\/schema\/person\/6a0bff64f73ff1a6b7e1ccb7faf58204"},"headline":"Karolina Jab\u0142o\u0144ska","datePublished":"2018-08-10T10:18:16+00:00","dateModified":"2018-11-13T21:56:10+00:00","mainEntityOfPage":{"@id":"https:\/\/liap.eu\/index.php\/2018\/08\/10\/karolina-jablonska\/"},"wordCount":447,"publisher":{"@id":"https:\/\/liap.eu\/#organization"},"image":{"@id":"https:\/\/liap.eu\/index.php\/2018\/08\/10\/karolina-jablonska\/#primaryimage"},"thumbnailUrl":"https:\/\/liap.eu\/wp-content\/uploads\/2018\/08\/karolina-jablonska_portrait2.jpg","articleSection":["Artists 2018"],"inLanguage":"en-GB"},{"@type":"WebPage","@id":"https:\/\/liap.eu\/index.php\/2018\/08\/10\/karolina-jablonska\/","url":"https:\/\/liap.eu\/index.php\/2018\/08\/10\/karolina-jablonska\/","name":"Karolina Jab\u0142o\u0144ska - LIA","isPartOf":{"@id":"https:\/\/liap.eu\/#website"},"primaryImageOfPage":{"@id":"https:\/\/liap.eu\/index.php\/2018\/08\/10\/karolina-jablonska\/#primaryimage"},"image":{"@id":"https:\/\/liap.eu\/index.php\/2018\/08\/10\/karolina-jablonska\/#primaryimage"},"thumbnailUrl":"https:\/\/liap.eu\/wp-content\/uploads\/2018\/08\/karolina-jablonska_portrait2.jpg","datePublished":"2018-08-10T10:18:16+00:00","dateModified":"2018-11-13T21:56:10+00:00","breadcrumb":{"@id":"https:\/\/liap.eu\/index.php\/2018\/08\/10\/karolina-jablonska\/#breadcrumb"},"inLanguage":"en-GB","potentialAction":[{"@type":"ReadAction","target":["https:\/\/liap.eu\/index.php\/2018\/08\/10\/karolina-jablonska\/"]}]},{"@type":"ImageObject","inLanguage":"en-GB","@id":"https:\/\/liap.eu\/index.php\/2018\/08\/10\/karolina-jablonska\/#primaryimage","url":"https:\/\/liap.eu\/wp-content\/uploads\/2018\/08\/karolina-jablonska_portrait2.jpg","contentUrl":"https:\/\/liap.eu\/wp-content\/uploads\/2018\/08\/karolina-jablonska_portrait2.jpg","width":900,"height":1200},{"@type":"BreadcrumbList","@id":"https:\/\/liap.eu\/index.php\/2018\/08\/10\/karolina-jablonska\/#breadcrumb","itemListElement":[{"@type":"ListItem","position":1,"name":"Startseite","item":"https:\/\/liap.eu\/index.php\/de\/"},{"@type":"ListItem","position":2,"name":"Karolina Jab\u0142o\u0144ska"}]},{"@type":"WebSite","@id":"https:\/\/liap.eu\/#website","url":"https:\/\/liap.eu\/","name":"LIA - Leipzig International Art Programme","description":"Leipzig International Art Programme","publisher":{"@id":"https:\/\/liap.eu\/#organization"},"potentialAction":[{"@type":"SearchAction","target":{"@type":"EntryPoint","urlTemplate":"https:\/\/liap.eu\/?s={search_term_string}"},"query-input":{"@type":"PropertyValueSpecification","valueRequired":true,"valueName":"search_term_string"}}],"inLanguage":"en-GB"},{"@type":"Organization","@id":"https:\/\/liap.eu\/#organization","name":"Leipzig International Art Programme","url":"https:\/\/liap.eu\/","logo":{"@type":"ImageObject","inLanguage":"en-GB","@id":"https:\/\/liap.eu\/#\/schema\/logo\/image\/","url":"https:\/\/liap.eu\/wp-content\/uploads\/2021\/11\/LIAP.jpg","contentUrl":"https:\/\/liap.eu\/wp-content\/uploads\/2021\/11\/LIAP.jpg","width":870,"height":140,"caption":"Leipzig International Art Programme"},"image":{"@id":"https:\/\/liap.eu\/#\/schema\/logo\/image\/"},"sameAs":["https:\/\/www.facebook.com\/LIAprogramme","https:\/\/www.instagram.com\/lia_programme\/","https:\/\/www.youtube.com\/channel\/UCVp_APjH6wtmApuu5kWgUqA\/videos"]},{"@type":"Person","@id":"https:\/\/liap.eu\/#\/schema\/person\/6a0bff64f73ff1a6b7e1ccb7faf58204","name":"LIA","image":{"@type":"ImageObject","inLanguage":"en-GB","@id":"https:\/\/liap.eu\/#\/schema\/person\/image\/","url":"https:\/\/secure.gravatar.com\/avatar\/528cc9c6a7aa20231d89b694711fbe94?s=96&d=mm&r=g","contentUrl":"https:\/\/secure.gravatar.com\/avatar\/528cc9c6a7aa20231d89b694711fbe94?s=96&d=mm&r=g","caption":"LIA"},"sameAs":["https:\/\/www.facebook.com\/LIAprogramme","https:\/\/www.instagram.com\/lia_programme\/"]}]}},"uagb_featured_image_src":{"full":["https:\/\/liap.eu\/wp-content\/uploads\/2018\/08\/karolina-jablonska_portrait2.jpg",900,1200,false],"thumbnail":["https:\/\/liap.eu\/wp-content\/uploads\/2018\/08\/karolina-jablonska_portrait2-150x150.jpg",96,96,true],"medium":["https:\/\/liap.eu\/wp-content\/uploads\/2018\/08\/karolina-jablonska_portrait2-225x300.jpg",225,300,true],"medium_large":["https:\/\/liap.eu\/wp-content\/uploads\/2018\/08\/karolina-jablonska_portrait2-768x1024.jpg",768,1024,true],"large":["https:\/\/liap.eu\/wp-content\/uploads\/2018\/08\/karolina-jablonska_portrait2-768x1024.jpg",768,1024,true],"1536x1536":["https:\/\/liap.eu\/wp-content\/uploads\/2018\/08\/karolina-jablonska_portrait2.jpg",900,1200,false],"2048x2048":["https:\/\/liap.eu\/wp-content\/uploads\/2018\/08\/karolina-jablonska_portrait2.jpg",900,1200,false],"post-thumbnail":["https:\/\/liap.eu\/wp-content\/uploads\/2018\/08\/karolina-jablonska_portrait2.jpg",900,1200,false],"twentytwenty-fullscreen":["https:\/\/liap.eu\/wp-content\/uploads\/2018\/08\/karolina-jablonska_portrait2.jpg",900,1200,false]},"uagb_author_info":{"display_name":"LIA","author_link":"https:\/\/liap.eu\/index.php\/author\/bierau\/"},"uagb_comment_info":0,"uagb_excerpt":"Term:\u00a0 August &#8211; September 2018 Supported by the City of Leipzig \/ Referat for International Cooperation. \u00a0\u00a0\u00a0\u00a0\u00a0\u00a0\u00a0\u00a0\u00a0\u00a0 www.karolinajablonska.com Born 1991, lives and works in Cracow, Poland. The pain\u00adtings of Karolina Jab\u0142o\u0144ska (born 1991, graduated 2015) allude to the creative freedom of Art Brut, Neo-Expressionism and the con\u00adfes\u00adsional art of feminists and female moder\u00adnists. Intense pink&hellip;Continue&hellip;","_links":{"self":[{"href":"https:\/\/liap.eu\/index.php\/wp-json\/wp\/v2\/posts\/4793"}],"collection":[{"href":"https:\/\/liap.eu\/index.php\/wp-json\/wp\/v2\/posts"}],"about":[{"href":"https:\/\/liap.eu\/index.php\/wp-json\/wp\/v2\/types\/post"}],"author":[{"embeddable":true,"href":"https:\/\/liap.eu\/index.php\/wp-json\/wp\/v2\/users\/4"}],"replies":[{"embeddable":true,"href":"https:\/\/liap.eu\/index.php\/wp-json\/wp\/v2\/comments?post=4793"}],"version-history":[{"count":4,"href":"https:\/\/liap.eu\/index.php\/wp-json\/wp\/v2\/posts\/4793\/revisions"}],"predecessor-version":[{"id":4840,"href":"https:\/\/liap.eu\/index.php\/wp-json\/wp\/v2\/posts\/4793\/revisions\/4840"}],"wp:featuredmedia":[{"embeddable":true,"href":"https:\/\/liap.eu\/index.php\/wp-json\/wp\/v2\/media\/5079"}],"wp:attachment":[{"href":"https:\/\/liap.eu\/index.php\/wp-json\/wp\/v2\/media?parent=4793"}],"wp:term":[{"taxonomy":"category","embeddable":true,"href":"https:\/\/liap.eu\/index.php\/wp-json\/wp\/v2\/categories?post=4793"},{"taxonomy":"post_tag","embeddable":true,"href":"https:\/\/liap.eu\/index.php\/wp-json\/wp\/v2\/tags?post=4793"}],"curies":[{"name":"wp","href":"https:\/\/api.w.org\/{rel}","templated":true}]}}