{"id":4847,"date":"2018-08-10T14:25:42","date_gmt":"2018-08-10T12:25:42","guid":{"rendered":"https:\/\/liap.eu\/?p=4847"},"modified":"2020-07-02T13:47:39","modified_gmt":"2020-07-02T11:47:39","slug":"artist-exchange-with-leipzigs-partner-city-cracow","status":"publish","type":"post","link":"https:\/\/liap.eu\/index.php\/2018\/08\/10\/artist-exchange-with-leipzigs-partner-city-cracow\/","title":{"rendered":"Artist exchange with Leipzig&#8217;s Partner City Cracow"},"content":{"rendered":"<h3>\u00a0\u201cNew Perspectives &#8211; Leipzig meets Cracow\u201d<\/h3>\n<figure id=\"attachment_4825\" class=\"wp-caption alignnone fbx-instance\"><a class=\"fbx-link\" href=\"https:\/\/liap.eu\/wp-content\/uploads\/2018\/08\/aleksandra-janz_potencja.jpg\"><img loading=\"lazy\" decoding=\"async\" class=\"crazy_lazy wp-image-4825 \" src=\"https:\/\/liap.eu\/wp-content\/uploads\/2018\/08\/aleksandra-janz_potencja.jpg\" sizes=\"(max-width: 430px) 100vw, 430px\" srcset=\"https:\/\/liap.eu\/wp-content\/uploads\/2018\/08\/aleksandra-janz_potencja.jpg 2480w, https:\/\/liap.eu\/wp-content\/uploads\/2018\/08\/aleksandra-janz_potencja-300x248.jpg 300w, https:\/\/liap.eu\/wp-content\/uploads\/2018\/08\/aleksandra-janz_potencja-768x636.jpg 768w, https:\/\/liap.eu\/wp-content\/uploads\/2018\/08\/aleksandra-janz_potencja-1024x848.jpg 1024w\" alt=\"\" width=\"430\" height=\"356\" data-src=\"https:\/\/liap.eu\/wp-content\/uploads\/2018\/08\/aleksandra-janz_potencja.jpg\" \/><\/a><figcaption class=\"wp-caption-text\">Curator Aleksandra Janz, artists Karolina\u00a0<span id=\"result_box\" class=\"\" lang=\"en\"><span class=\"\">Jab\u0142o\u0144ska<\/span><\/span>, Tomasz Kr<span id=\"result_box\" class=\"\" lang=\"en\"><span class=\"\">\u0119<\/span><\/span>cicki und Cyryl Polaczek (left to right side)<\/figcaption><\/figure>\n<p><span id=\"result_box\" class=\"\" lang=\"en\"><span class=\"\">In August and September this year three artists from Leipzig&#8217;s partner city Cracow were guests in LIA: <a href=\"https:\/\/liap.eu\/index.php\/2018\/08\/10\/karolina-jablonska\/\">Karolina Jab\u0142o\u0144ska<\/a>, <a href=\"https:\/\/liap.eu\/index.php\/2018\/08\/10\/tomasz-krecicki-2\/\">Tomasz Kr\u0119cicki<\/a> and <a href=\"https:\/\/liap.eu\/index.php\/2018\/08\/10\/cyryl-polaczek-2\/\">Cyryl Polaczek<\/a> &#8211; directors of the artist&#8217;s run space POTENCJA.<\/span> <span class=\"\">On the occasion of the gallery tour of <a href=\"http:\/\/www.spinnereigalerien.de\" target=\"_blank\" rel=\"noopener\">SpinnereiGalleries<\/a> on September 8 and 9, 2018, they gave insights into their current artistic projects and show paintings that will be produced during their residency in Leipzig. In November 2018, all artists from Cracow and Leipzig who participated in the mutual exchange project, were presented in the final exhibition called &#8220;New Perspectives &#8211; Leipzig meets Cracow&#8221; that took place at the Spinnerei archiv massiv.<br \/>\n<\/span><\/span><\/p>\n<p><a href=\"https:\/\/liap.eu\/index.php\/2018\/10\/11\/exhibition-new-perspectives-leipzig-meets-cracow-3-november-2018\/\"><em><strong>More information about the exhibition <span id=\"result_box\" class=\"\" lang=\"en\"><span class=\"\"> &#8220;New Perspectives &#8211; Leipzig meets Cracow&#8221; here &gt;&gt;&gt;<\/span><\/span><\/strong><\/em><\/a><\/p>\n<p><a href=\"https:\/\/liap.eu\/index.php\/en\/2018\/10\/11\/exhibition-new-perspectives-leipzig-meets-cracow-3-november-2018\/\"><img loading=\"lazy\" decoding=\"async\" class=\"alignnone wp-image-5012 size-medium\" src=\"https:\/\/liap.eu\/wp-content\/uploads\/2018\/10\/Tomasz-Krecicki-Lipsk-297x21-ink-on-paper-2018-212x300.jpg\" alt=\"\" width=\"212\" height=\"300\" srcset=\"https:\/\/liap.eu\/wp-content\/uploads\/2018\/10\/Tomasz-Krecicki-Lipsk-297x21-ink-on-paper-2018-212x300.jpg 212w, https:\/\/liap.eu\/wp-content\/uploads\/2018\/10\/Tomasz-Krecicki-Lipsk-297x21-ink-on-paper-2018-768x1087.jpg 768w, https:\/\/liap.eu\/wp-content\/uploads\/2018\/10\/Tomasz-Krecicki-Lipsk-297x21-ink-on-paper-2018-723x1024.jpg 723w, https:\/\/liap.eu\/wp-content\/uploads\/2018\/10\/Tomasz-Krecicki-Lipsk-297x21-ink-on-paper-2018.jpg 900w\" sizes=\"(max-width: 212px) 100vw, 212px\" \/><\/a><\/p>\n<p><span class=\"\">In April 2018, the two artists from Leipzig, <a href=\"http:\/\/www.sebgoegel.com\/\" target=\"_blank\" rel=\"noopener\">Sebastian G\u00f6gel<\/a> and <a href=\"https:\/\/mariaschumacher.net\/\" target=\"_blank\" rel=\"noopener\">Maria Schumacher<\/a>, were invited to work for one month in the partner city of Cracow.<\/span> <span class=\"\">Sebastian G\u00f6gel could use the historic studio of Polish painter Stanis\u0142aw Wyspia\u0144ski;<\/span> <span class=\"\">Maria Schumacher acquired the opportunity to work at the Academy of Fine Arts, department for animation, <\/span><span class=\"\">to receive impulses for her work on an experimental animated film. to receive impulses for her work on an experimental animated film in the animation department there. At the end of their residency both presented their work in a solo exhibition: Sebastian G\u00f6gel exhibited at the <a href=\"http:\/\/cracowgalleryweekend.pl\/en\/\" target=\"_blank\" rel=\"noopener\">Krakers Gallery Weekend<\/a> in <a href=\"http:\/\/galeriapotencja.tumblr.com\/\" target=\"_blank\" rel=\"noopener\">Galeria Potencja<\/a> , Maria Schumacher in June 2018 in the gallery of the project partner <a href=\"http:\/\/www.nova.art.pl\/\" target=\"_blank\" rel=\"noopener\">Art Agenda Nova<\/a>.<\/span><\/p>\n<p><a class=\"fbx-link fbx-instance\" href=\"https:\/\/liap.eu\/wp-content\/uploads\/2018\/08\/Maria-Schumacher-in-Krakau.jpg\"><img loading=\"lazy\" decoding=\"async\" class=\"crazy_lazy alignnone wp-image-4827\" src=\"https:\/\/liap.eu\/wp-content\/uploads\/2018\/08\/Maria-Schumacher-in-Krakau.jpg\" sizes=\"(max-width: 161px) 100vw, 161px\" srcset=\"https:\/\/liap.eu\/wp-content\/uploads\/2018\/08\/Maria-Schumacher-in-Krakau.jpg 750w, https:\/\/liap.eu\/wp-content\/uploads\/2018\/08\/Maria-Schumacher-in-Krakau-225x300.jpg 225w\" alt=\"\" width=\"161\" height=\"215\" data-src=\"https:\/\/liap.eu\/wp-content\/uploads\/2018\/08\/Maria-Schumacher-in-Krakau.jpg\" \/>\u00a0 \u00a0<\/a><a class=\"fbx-link fbx-instance\" href=\"https:\/\/liap.eu\/wp-content\/uploads\/2018\/08\/Ausstellung_Maria-Schumacher_Art-Agenda-Nova-Galerie_Juni-2018.jpg\"><img loading=\"lazy\" decoding=\"async\" class=\"crazy_lazy alignnone wp-image-4830\" src=\"https:\/\/liap.eu\/wp-content\/uploads\/2018\/08\/Ausstellung_Maria-Schumacher_Art-Agenda-Nova-Galerie_Juni-2018.jpg\" sizes=\"(max-width: 160px) 100vw, 160px\" srcset=\"https:\/\/liap.eu\/wp-content\/uploads\/2018\/08\/Ausstellung_Maria-Schumacher_Art-Agenda-Nova-Galerie_Juni-2018.jpg 1080w, https:\/\/liap.eu\/wp-content\/uploads\/2018\/08\/Ausstellung_Maria-Schumacher_Art-Agenda-Nova-Galerie_Juni-2018-224x300.jpg 224w, https:\/\/liap.eu\/wp-content\/uploads\/2018\/08\/Ausstellung_Maria-Schumacher_Art-Agenda-Nova-Galerie_Juni-2018-768x1028.jpg 768w, https:\/\/liap.eu\/wp-content\/uploads\/2018\/08\/Ausstellung_Maria-Schumacher_Art-Agenda-Nova-Galerie_Juni-2018-765x1024.jpg 765w\" alt=\"\" width=\"160\" height=\"214\" data-src=\"https:\/\/liap.eu\/wp-content\/uploads\/2018\/08\/Ausstellung_Maria-Schumacher_Art-Agenda-Nova-Galerie_Juni-2018.jpg\" \/><\/a><\/p>\n<p><img loading=\"lazy\" decoding=\"async\" class=\"crazy_lazy alignnone wp-image-4828\" src=\"https:\/\/liap.eu\/wp-content\/uploads\/2018\/08\/9.png\" sizes=\"(max-width: 160px) 100vw, 160px\" srcset=\"https:\/\/liap.eu\/wp-content\/uploads\/2018\/08\/9.png 236w, https:\/\/liap.eu\/wp-content\/uploads\/2018\/08\/9-231x300.png 231w\" alt=\"\" width=\"160\" height=\"208\" data-src=\"https:\/\/liap.eu\/wp-content\/uploads\/2018\/08\/9.png\" \/> \u00a0 \u00a0 <a class=\"fbx-link fbx-instance\" href=\"https:\/\/liap.eu\/wp-content\/uploads\/2018\/08\/Sebastian-G\u00f6gels_Ausstellung-in-Galeria-Potencja_KRAKERS_.jpg\"><img loading=\"lazy\" decoding=\"async\" class=\"crazy_lazy alignnone wp-image-4829\" src=\"https:\/\/liap.eu\/wp-content\/uploads\/2018\/08\/Sebastian-G\u00f6gels_Ausstellung-in-Galeria-Potencja_KRAKERS_.jpg\" sizes=\"(max-width: 155px) 100vw, 155px\" srcset=\"https:\/\/liap.eu\/wp-content\/uploads\/2018\/08\/Sebastian-G\u00f6gels_Ausstellung-in-Galeria-Potencja_KRAKERS_.jpg 1501w, https:\/\/liap.eu\/wp-content\/uploads\/2018\/08\/Sebastian-G\u00f6gels_Ausstellung-in-Galeria-Potencja_KRAKERS_-223x300.jpg 223w, https:\/\/liap.eu\/wp-content\/uploads\/2018\/08\/Sebastian-G\u00f6gels_Ausstellung-in-Galeria-Potencja_KRAKERS_-768x1031.jpg 768w, https:\/\/liap.eu\/wp-content\/uploads\/2018\/08\/Sebastian-G\u00f6gels_Ausstellung-in-Galeria-Potencja_KRAKERS_-763x1024.jpg 763w\" alt=\"\" width=\"155\" height=\"208\" data-src=\"https:\/\/liap.eu\/wp-content\/uploads\/2018\/08\/Sebastian-G\u00f6gels_Ausstellung-in-Galeria-Potencja_KRAKERS_.jpg\" \/>\u00a0\u00a0 <\/a><\/p>\n<p><span id=\"result_box\" class=\"\" lang=\"en\"><span class=\"\">In November 2018, the results of the mutual artist exchange between Cracow and Leipzig will be shown in a joint group exhibition of all participating artists in the exhibition space of Spinnerei archiv massiv.<\/span><\/span><\/p>\n<p><span class=\"\">This exchange is a project of the Polish curator Aleksandra Janz and Laura Bierau (LIA), supported by the City of Leipzig (Department of International Cooperation), by the City of Krakow, by the Art Agenda Nova Gallery, Cracow and the Leipzig Spinning Mill.<\/span><\/p>\n<p><a href=\"https:\/\/liap.eu\/wp-content\/uploads\/2018\/10\/Leipzig-Krakau_sposoren.jpg\"><img loading=\"lazy\" decoding=\"async\" class=\"alignnone size-full wp-image-5051\" src=\"https:\/\/liap.eu\/wp-content\/uploads\/2018\/10\/Leipzig-Krakau_sposoren.jpg\" alt=\"\" width=\"993\" height=\"700\" srcset=\"https:\/\/liap.eu\/wp-content\/uploads\/2018\/10\/Leipzig-Krakau_sposoren.jpg 993w, https:\/\/liap.eu\/wp-content\/uploads\/2018\/10\/Leipzig-Krakau_sposoren-300x211.jpg 300w, https:\/\/liap.eu\/wp-content\/uploads\/2018\/10\/Leipzig-Krakau_sposoren-768x541.jpg 768w\" sizes=\"(max-width: 993px) 100vw, 993px\" \/><\/a><\/p>\n<p><em>Many thanks to all our cooperation partners, especially Caren Marusch-Krohn (City of Leipzig), Katarzyna Mierzwi\u0144ska, Marcin Sebastian Golebiewski and Ma\u0142gosia Go\u0142\u0119biewska (Art Agenda Nova)!<\/em><\/p>\n","protected":false},"excerpt":{"rendered":"<p>\u00a0\u201cNew Perspectives &#8211; Leipzig meets Cracow\u201d Curator Aleksandra Janz, artists Karolina\u00a0Jab\u0142o\u0144ska, Tomasz Kr\u0119cicki und Cyryl Polaczek (left to right side) In August and September this year three artists from Leipzig&#8217;s partner city Cracow were guests in LIA: Karolina Jab\u0142o\u0144ska, Tomasz Kr\u0119cicki and Cyryl Polaczek &#8211; directors of the artist&#8217;s run space POTENCJA. On the occasion&hellip;<a href=\"https:\/\/liap.eu\/index.php\/2018\/08\/10\/artist-exchange-with-leipzigs-partner-city-cracow\/\" class=\"more-link\"><span>Continue reading<\/span><span class=\"screen-reader-text\">Artist exchange with Leipzig&#8217;s Partner City Cracow<\/span><\/a><\/p>\n","protected":false},"author":4,"featured_media":4825,"comment_status":"closed","ping_status":"closed","sticky":false,"template":"templates\/template-full-width.php","format":"standard","meta":{"om_disable_all_campaigns":false,"_uag_custom_page_level_css":"","footnotes":""},"categories":[490],"tags":[],"class_list":["post-4847","post","type-post","status-publish","format-standard","has-post-thumbnail","hentry","category-projects","tw-meta-no-icon"],"yoast_head":"<!-- This site is optimized with the Yoast SEO plugin v25.6 - https:\/\/yoast.com\/wordpress\/plugins\/seo\/ -->\n<title>Artist exchange with Leipzig&#039;s Partner City Cracow - LIA<\/title>\n<meta name=\"robots\" content=\"index, follow, max-snippet:-1, max-image-preview:large, max-video-preview:-1\" \/>\n<link rel=\"canonical\" href=\"https:\/\/liap.eu\/index.php\/2018\/08\/10\/artist-exchange-with-leipzigs-partner-city-cracow\/\" \/>\n<meta property=\"og:locale\" content=\"en_GB\" \/>\n<meta property=\"og:type\" content=\"article\" \/>\n<meta property=\"og:title\" content=\"Artist exchange with Leipzig&#039;s Partner City Cracow - LIA\" \/>\n<meta property=\"og:description\" content=\"\u00a0\u201cNew Perspectives &#8211; Leipzig meets Cracow\u201d Curator Aleksandra Janz, artists Karolina\u00a0Jab\u0142o\u0144ska, Tomasz Kr\u0119cicki und Cyryl Polaczek (left to right side) In August and September this year three artists from Leipzig&#8217;s partner city Cracow were guests in LIA: Karolina Jab\u0142o\u0144ska, Tomasz Kr\u0119cicki and Cyryl Polaczek &#8211; directors of the artist&#8217;s run space POTENCJA. On the occasion&hellip;Continue readingArtist exchange with Leipzig&#039;s Partner City Cracow\" \/>\n<meta property=\"og:url\" content=\"https:\/\/liap.eu\/index.php\/2018\/08\/10\/artist-exchange-with-leipzigs-partner-city-cracow\/\" \/>\n<meta property=\"og:site_name\" content=\"LIA\" \/>\n<meta property=\"article:publisher\" content=\"https:\/\/www.facebook.com\/LIAprogramme\" \/>\n<meta property=\"article:author\" content=\"https:\/\/www.facebook.com\/LIAprogramme\" \/>\n<meta property=\"article:published_time\" content=\"2018-08-10T12:25:42+00:00\" \/>\n<meta property=\"article:modified_time\" content=\"2020-07-02T11:47:39+00:00\" \/>\n<meta property=\"og:image\" content=\"https:\/\/liap.eu\/wp-content\/uploads\/2018\/08\/aleksandra-janz_potencja-1024x848.jpg\" \/>\n\t<meta property=\"og:image:width\" content=\"1024\" \/>\n\t<meta property=\"og:image:height\" content=\"848\" \/>\n\t<meta property=\"og:image:type\" content=\"image\/jpeg\" \/>\n<meta name=\"author\" content=\"LIA\" \/>\n<meta name=\"twitter:card\" content=\"summary_large_image\" \/>\n<meta name=\"twitter:label1\" content=\"Written by\" \/>\n\t<meta name=\"twitter:data1\" content=\"LIA\" \/>\n\t<meta name=\"twitter:label2\" content=\"Estimated reading time\" \/>\n\t<meta name=\"twitter:data2\" content=\"2 minutes\" \/>\n<script type=\"application\/ld+json\" class=\"yoast-schema-graph\">{\"@context\":\"https:\/\/schema.org\",\"@graph\":[{\"@type\":\"Article\",\"@id\":\"https:\/\/liap.eu\/index.php\/2018\/08\/10\/artist-exchange-with-leipzigs-partner-city-cracow\/#article\",\"isPartOf\":{\"@id\":\"https:\/\/liap.eu\/index.php\/2018\/08\/10\/artist-exchange-with-leipzigs-partner-city-cracow\/\"},\"author\":{\"name\":\"LIA\",\"@id\":\"https:\/\/liap.eu\/#\/schema\/person\/6a0bff64f73ff1a6b7e1ccb7faf58204\"},\"headline\":\"Artist exchange with Leipzig&#8217;s Partner City Cracow\",\"datePublished\":\"2018-08-10T12:25:42+00:00\",\"dateModified\":\"2020-07-02T11:47:39+00:00\",\"mainEntityOfPage\":{\"@id\":\"https:\/\/liap.eu\/index.php\/2018\/08\/10\/artist-exchange-with-leipzigs-partner-city-cracow\/\"},\"wordCount\":375,\"publisher\":{\"@id\":\"https:\/\/liap.eu\/#organization\"},\"image\":{\"@id\":\"https:\/\/liap.eu\/index.php\/2018\/08\/10\/artist-exchange-with-leipzigs-partner-city-cracow\/#primaryimage\"},\"thumbnailUrl\":\"https:\/\/liap.eu\/wp-content\/uploads\/2018\/08\/aleksandra-janz_potencja.jpg\",\"articleSection\":[\"Projects\"],\"inLanguage\":\"en-GB\"},{\"@type\":\"WebPage\",\"@id\":\"https:\/\/liap.eu\/index.php\/2018\/08\/10\/artist-exchange-with-leipzigs-partner-city-cracow\/\",\"url\":\"https:\/\/liap.eu\/index.php\/2018\/08\/10\/artist-exchange-with-leipzigs-partner-city-cracow\/\",\"name\":\"Artist exchange with Leipzig's Partner City Cracow - LIA\",\"isPartOf\":{\"@id\":\"https:\/\/liap.eu\/#website\"},\"primaryImageOfPage\":{\"@id\":\"https:\/\/liap.eu\/index.php\/2018\/08\/10\/artist-exchange-with-leipzigs-partner-city-cracow\/#primaryimage\"},\"image\":{\"@id\":\"https:\/\/liap.eu\/index.php\/2018\/08\/10\/artist-exchange-with-leipzigs-partner-city-cracow\/#primaryimage\"},\"thumbnailUrl\":\"https:\/\/liap.eu\/wp-content\/uploads\/2018\/08\/aleksandra-janz_potencja.jpg\",\"datePublished\":\"2018-08-10T12:25:42+00:00\",\"dateModified\":\"2020-07-02T11:47:39+00:00\",\"breadcrumb\":{\"@id\":\"https:\/\/liap.eu\/index.php\/2018\/08\/10\/artist-exchange-with-leipzigs-partner-city-cracow\/#breadcrumb\"},\"inLanguage\":\"en-GB\",\"potentialAction\":[{\"@type\":\"ReadAction\",\"target\":[\"https:\/\/liap.eu\/index.php\/2018\/08\/10\/artist-exchange-with-leipzigs-partner-city-cracow\/\"]}]},{\"@type\":\"ImageObject\",\"inLanguage\":\"en-GB\",\"@id\":\"https:\/\/liap.eu\/index.php\/2018\/08\/10\/artist-exchange-with-leipzigs-partner-city-cracow\/#primaryimage\",\"url\":\"https:\/\/liap.eu\/wp-content\/uploads\/2018\/08\/aleksandra-janz_potencja.jpg\",\"contentUrl\":\"https:\/\/liap.eu\/wp-content\/uploads\/2018\/08\/aleksandra-janz_potencja.jpg\",\"width\":2480,\"height\":2054},{\"@type\":\"BreadcrumbList\",\"@id\":\"https:\/\/liap.eu\/index.php\/2018\/08\/10\/artist-exchange-with-leipzigs-partner-city-cracow\/#breadcrumb\",\"itemListElement\":[{\"@type\":\"ListItem\",\"position\":1,\"name\":\"Startseite\",\"item\":\"https:\/\/liap.eu\/index.php\/de\/\"},{\"@type\":\"ListItem\",\"position\":2,\"name\":\"Artist exchange with Leipzig&#8217;s Partner City Cracow\"}]},{\"@type\":\"WebSite\",\"@id\":\"https:\/\/liap.eu\/#website\",\"url\":\"https:\/\/liap.eu\/\",\"name\":\"LIA - Leipzig International Art Programme\",\"description\":\"Leipzig International Art Programme\",\"publisher\":{\"@id\":\"https:\/\/liap.eu\/#organization\"},\"potentialAction\":[{\"@type\":\"SearchAction\",\"target\":{\"@type\":\"EntryPoint\",\"urlTemplate\":\"https:\/\/liap.eu\/?s={search_term_string}\"},\"query-input\":{\"@type\":\"PropertyValueSpecification\",\"valueRequired\":true,\"valueName\":\"search_term_string\"}}],\"inLanguage\":\"en-GB\"},{\"@type\":\"Organization\",\"@id\":\"https:\/\/liap.eu\/#organization\",\"name\":\"Leipzig International Art Programme\",\"url\":\"https:\/\/liap.eu\/\",\"logo\":{\"@type\":\"ImageObject\",\"inLanguage\":\"en-GB\",\"@id\":\"https:\/\/liap.eu\/#\/schema\/logo\/image\/\",\"url\":\"https:\/\/liap.eu\/wp-content\/uploads\/2021\/11\/LIAP.jpg\",\"contentUrl\":\"https:\/\/liap.eu\/wp-content\/uploads\/2021\/11\/LIAP.jpg\",\"width\":870,\"height\":140,\"caption\":\"Leipzig International Art Programme\"},\"image\":{\"@id\":\"https:\/\/liap.eu\/#\/schema\/logo\/image\/\"},\"sameAs\":[\"https:\/\/www.facebook.com\/LIAprogramme\",\"https:\/\/www.instagram.com\/lia_programme\/\",\"https:\/\/www.youtube.com\/channel\/UCVp_APjH6wtmApuu5kWgUqA\/videos\"]},{\"@type\":\"Person\",\"@id\":\"https:\/\/liap.eu\/#\/schema\/person\/6a0bff64f73ff1a6b7e1ccb7faf58204\",\"name\":\"LIA\",\"image\":{\"@type\":\"ImageObject\",\"inLanguage\":\"en-GB\",\"@id\":\"https:\/\/liap.eu\/#\/schema\/person\/image\/\",\"url\":\"https:\/\/secure.gravatar.com\/avatar\/528cc9c6a7aa20231d89b694711fbe94?s=96&d=mm&r=g\",\"contentUrl\":\"https:\/\/secure.gravatar.com\/avatar\/528cc9c6a7aa20231d89b694711fbe94?s=96&d=mm&r=g\",\"caption\":\"LIA\"},\"sameAs\":[\"https:\/\/www.facebook.com\/LIAprogramme\",\"https:\/\/www.instagram.com\/lia_programme\/\"]}]}<\/script>\n<!-- \/ Yoast SEO plugin. -->","yoast_head_json":{"title":"Artist exchange with Leipzig's Partner City Cracow - LIA","robots":{"index":"index","follow":"follow","max-snippet":"max-snippet:-1","max-image-preview":"max-image-preview:large","max-video-preview":"max-video-preview:-1"},"canonical":"https:\/\/liap.eu\/index.php\/2018\/08\/10\/artist-exchange-with-leipzigs-partner-city-cracow\/","og_locale":"en_GB","og_type":"article","og_title":"Artist exchange with Leipzig's Partner City Cracow - LIA","og_description":"\u00a0\u201cNew Perspectives &#8211; Leipzig meets Cracow\u201d Curator Aleksandra Janz, artists Karolina\u00a0Jab\u0142o\u0144ska, Tomasz Kr\u0119cicki und Cyryl Polaczek (left to right side) In August and September this year three artists from Leipzig&#8217;s partner city Cracow were guests in LIA: Karolina Jab\u0142o\u0144ska, Tomasz Kr\u0119cicki and Cyryl Polaczek &#8211; directors of the artist&#8217;s run space POTENCJA. On the occasion&hellip;Continue readingArtist exchange with Leipzig's Partner City Cracow","og_url":"https:\/\/liap.eu\/index.php\/2018\/08\/10\/artist-exchange-with-leipzigs-partner-city-cracow\/","og_site_name":"LIA","article_publisher":"https:\/\/www.facebook.com\/LIAprogramme","article_author":"https:\/\/www.facebook.com\/LIAprogramme","article_published_time":"2018-08-10T12:25:42+00:00","article_modified_time":"2020-07-02T11:47:39+00:00","og_image":[{"width":1024,"height":848,"url":"https:\/\/liap.eu\/wp-content\/uploads\/2018\/08\/aleksandra-janz_potencja-1024x848.jpg","type":"image\/jpeg"}],"author":"LIA","twitter_card":"summary_large_image","twitter_misc":{"Written by":"LIA","Estimated reading time":"2 minutes"},"schema":{"@context":"https:\/\/schema.org","@graph":[{"@type":"Article","@id":"https:\/\/liap.eu\/index.php\/2018\/08\/10\/artist-exchange-with-leipzigs-partner-city-cracow\/#article","isPartOf":{"@id":"https:\/\/liap.eu\/index.php\/2018\/08\/10\/artist-exchange-with-leipzigs-partner-city-cracow\/"},"author":{"name":"LIA","@id":"https:\/\/liap.eu\/#\/schema\/person\/6a0bff64f73ff1a6b7e1ccb7faf58204"},"headline":"Artist exchange with Leipzig&#8217;s Partner City Cracow","datePublished":"2018-08-10T12:25:42+00:00","dateModified":"2020-07-02T11:47:39+00:00","mainEntityOfPage":{"@id":"https:\/\/liap.eu\/index.php\/2018\/08\/10\/artist-exchange-with-leipzigs-partner-city-cracow\/"},"wordCount":375,"publisher":{"@id":"https:\/\/liap.eu\/#organization"},"image":{"@id":"https:\/\/liap.eu\/index.php\/2018\/08\/10\/artist-exchange-with-leipzigs-partner-city-cracow\/#primaryimage"},"thumbnailUrl":"https:\/\/liap.eu\/wp-content\/uploads\/2018\/08\/aleksandra-janz_potencja.jpg","articleSection":["Projects"],"inLanguage":"en-GB"},{"@type":"WebPage","@id":"https:\/\/liap.eu\/index.php\/2018\/08\/10\/artist-exchange-with-leipzigs-partner-city-cracow\/","url":"https:\/\/liap.eu\/index.php\/2018\/08\/10\/artist-exchange-with-leipzigs-partner-city-cracow\/","name":"Artist exchange with Leipzig's Partner City Cracow - LIA","isPartOf":{"@id":"https:\/\/liap.eu\/#website"},"primaryImageOfPage":{"@id":"https:\/\/liap.eu\/index.php\/2018\/08\/10\/artist-exchange-with-leipzigs-partner-city-cracow\/#primaryimage"},"image":{"@id":"https:\/\/liap.eu\/index.php\/2018\/08\/10\/artist-exchange-with-leipzigs-partner-city-cracow\/#primaryimage"},"thumbnailUrl":"https:\/\/liap.eu\/wp-content\/uploads\/2018\/08\/aleksandra-janz_potencja.jpg","datePublished":"2018-08-10T12:25:42+00:00","dateModified":"2020-07-02T11:47:39+00:00","breadcrumb":{"@id":"https:\/\/liap.eu\/index.php\/2018\/08\/10\/artist-exchange-with-leipzigs-partner-city-cracow\/#breadcrumb"},"inLanguage":"en-GB","potentialAction":[{"@type":"ReadAction","target":["https:\/\/liap.eu\/index.php\/2018\/08\/10\/artist-exchange-with-leipzigs-partner-city-cracow\/"]}]},{"@type":"ImageObject","inLanguage":"en-GB","@id":"https:\/\/liap.eu\/index.php\/2018\/08\/10\/artist-exchange-with-leipzigs-partner-city-cracow\/#primaryimage","url":"https:\/\/liap.eu\/wp-content\/uploads\/2018\/08\/aleksandra-janz_potencja.jpg","contentUrl":"https:\/\/liap.eu\/wp-content\/uploads\/2018\/08\/aleksandra-janz_potencja.jpg","width":2480,"height":2054},{"@type":"BreadcrumbList","@id":"https:\/\/liap.eu\/index.php\/2018\/08\/10\/artist-exchange-with-leipzigs-partner-city-cracow\/#breadcrumb","itemListElement":[{"@type":"ListItem","position":1,"name":"Startseite","item":"https:\/\/liap.eu\/index.php\/de\/"},{"@type":"ListItem","position":2,"name":"Artist exchange with Leipzig&#8217;s Partner City Cracow"}]},{"@type":"WebSite","@id":"https:\/\/liap.eu\/#website","url":"https:\/\/liap.eu\/","name":"LIA - Leipzig International Art Programme","description":"Leipzig International Art Programme","publisher":{"@id":"https:\/\/liap.eu\/#organization"},"potentialAction":[{"@type":"SearchAction","target":{"@type":"EntryPoint","urlTemplate":"https:\/\/liap.eu\/?s={search_term_string}"},"query-input":{"@type":"PropertyValueSpecification","valueRequired":true,"valueName":"search_term_string"}}],"inLanguage":"en-GB"},{"@type":"Organization","@id":"https:\/\/liap.eu\/#organization","name":"Leipzig International Art Programme","url":"https:\/\/liap.eu\/","logo":{"@type":"ImageObject","inLanguage":"en-GB","@id":"https:\/\/liap.eu\/#\/schema\/logo\/image\/","url":"https:\/\/liap.eu\/wp-content\/uploads\/2021\/11\/LIAP.jpg","contentUrl":"https:\/\/liap.eu\/wp-content\/uploads\/2021\/11\/LIAP.jpg","width":870,"height":140,"caption":"Leipzig International Art Programme"},"image":{"@id":"https:\/\/liap.eu\/#\/schema\/logo\/image\/"},"sameAs":["https:\/\/www.facebook.com\/LIAprogramme","https:\/\/www.instagram.com\/lia_programme\/","https:\/\/www.youtube.com\/channel\/UCVp_APjH6wtmApuu5kWgUqA\/videos"]},{"@type":"Person","@id":"https:\/\/liap.eu\/#\/schema\/person\/6a0bff64f73ff1a6b7e1ccb7faf58204","name":"LIA","image":{"@type":"ImageObject","inLanguage":"en-GB","@id":"https:\/\/liap.eu\/#\/schema\/person\/image\/","url":"https:\/\/secure.gravatar.com\/avatar\/528cc9c6a7aa20231d89b694711fbe94?s=96&d=mm&r=g","contentUrl":"https:\/\/secure.gravatar.com\/avatar\/528cc9c6a7aa20231d89b694711fbe94?s=96&d=mm&r=g","caption":"LIA"},"sameAs":["https:\/\/www.facebook.com\/LIAprogramme","https:\/\/www.instagram.com\/lia_programme\/"]}]}},"uagb_featured_image_src":{"full":["https:\/\/liap.eu\/wp-content\/uploads\/2018\/08\/aleksandra-janz_potencja.jpg",2480,2054,false],"thumbnail":["https:\/\/liap.eu\/wp-content\/uploads\/2018\/08\/aleksandra-janz_potencja-150x150.jpg",96,96,true],"medium":["https:\/\/liap.eu\/wp-content\/uploads\/2018\/08\/aleksandra-janz_potencja-300x248.jpg",300,248,true],"medium_large":["https:\/\/liap.eu\/wp-content\/uploads\/2018\/08\/aleksandra-janz_potencja-768x636.jpg",768,636,true],"large":["https:\/\/liap.eu\/wp-content\/uploads\/2018\/08\/aleksandra-janz_potencja-1024x848.jpg",1024,848,true],"1536x1536":["https:\/\/liap.eu\/wp-content\/uploads\/2018\/08\/aleksandra-janz_potencja-1536x1272.jpg",1536,1272,true],"2048x2048":["https:\/\/liap.eu\/wp-content\/uploads\/2018\/08\/aleksandra-janz_potencja-2048x1696.jpg",2048,1696,true],"post-thumbnail":["https:\/\/liap.eu\/wp-content\/uploads\/2018\/08\/aleksandra-janz_potencja-1200x994.jpg",1200,994,true],"twentytwenty-fullscreen":["https:\/\/liap.eu\/wp-content\/uploads\/2018\/08\/aleksandra-janz_potencja-1980x1640.jpg",1980,1640,true]},"uagb_author_info":{"display_name":"LIA","author_link":"https:\/\/liap.eu\/index.php\/author\/bierau\/"},"uagb_comment_info":0,"uagb_excerpt":"\u00a0\u201cNew Perspectives &#8211; Leipzig meets Cracow\u201d Curator Aleksandra Janz, artists Karolina\u00a0Jab\u0142o\u0144ska, Tomasz Kr\u0119cicki und Cyryl Polaczek (left to right side) In August and September this year three artists from Leipzig&#8217;s partner city Cracow were guests in LIA: Karolina Jab\u0142o\u0144ska, Tomasz Kr\u0119cicki and Cyryl Polaczek &#8211; directors of the artist&#8217;s run space POTENCJA. On the occasion&hellip;Continue&hellip;","_links":{"self":[{"href":"https:\/\/liap.eu\/index.php\/wp-json\/wp\/v2\/posts\/4847"}],"collection":[{"href":"https:\/\/liap.eu\/index.php\/wp-json\/wp\/v2\/posts"}],"about":[{"href":"https:\/\/liap.eu\/index.php\/wp-json\/wp\/v2\/types\/post"}],"author":[{"embeddable":true,"href":"https:\/\/liap.eu\/index.php\/wp-json\/wp\/v2\/users\/4"}],"replies":[{"embeddable":true,"href":"https:\/\/liap.eu\/index.php\/wp-json\/wp\/v2\/comments?post=4847"}],"version-history":[{"count":5,"href":"https:\/\/liap.eu\/index.php\/wp-json\/wp\/v2\/posts\/4847\/revisions"}],"predecessor-version":[{"id":6830,"href":"https:\/\/liap.eu\/index.php\/wp-json\/wp\/v2\/posts\/4847\/revisions\/6830"}],"wp:featuredmedia":[{"embeddable":true,"href":"https:\/\/liap.eu\/index.php\/wp-json\/wp\/v2\/media\/4825"}],"wp:attachment":[{"href":"https:\/\/liap.eu\/index.php\/wp-json\/wp\/v2\/media?parent=4847"}],"wp:term":[{"taxonomy":"category","embeddable":true,"href":"https:\/\/liap.eu\/index.php\/wp-json\/wp\/v2\/categories?post=4847"},{"taxonomy":"post_tag","embeddable":true,"href":"https:\/\/liap.eu\/index.php\/wp-json\/wp\/v2\/tags?post=4847"}],"curies":[{"name":"wp","href":"https:\/\/api.w.org\/{rel}","templated":true}]}}