{"id":5777,"date":"2019-12-03T22:00:50","date_gmt":"2019-12-03T21:00:50","guid":{"rendered":"https:\/\/liap.eu\/?p=5777"},"modified":"2020-02-12T12:38:48","modified_gmt":"2020-02-12T11:38:48","slug":"carol-e-masos","status":"publish","type":"post","link":"https:\/\/liap.eu\/index.php\/de\/2019\/12\/03\/carol-e-masos\/","title":{"rendered":"Carol E. Moses"},"content":{"rendered":"<p>Zeitraum: December 2019 &#8211; Februar 2022<\/p>\n<p><a href=\"https:\/\/liap.eu\/wp-content\/uploads\/2019\/12\/Carol-E-Moses-photo-2019-08-13.jpg\"><img loading=\"lazy\" decoding=\"async\" class=\"alignnone size-medium wp-image-5768\" src=\"https:\/\/liap.eu\/wp-content\/uploads\/2019\/12\/Carol-E-Moses-photo-2019-08-13-217x300.jpg\" alt=\"\" width=\"217\" height=\"300\" srcset=\"https:\/\/liap.eu\/wp-content\/uploads\/2019\/12\/Carol-E-Moses-photo-2019-08-13-217x300.jpg 217w, https:\/\/liap.eu\/wp-content\/uploads\/2019\/12\/Carol-E-Moses-photo-2019-08-13.jpg 221w\" sizes=\"(max-width: 217px) 100vw, 217px\" \/><\/a><\/p>\n<p><a href=\"http:\/\/carolmoses.com\/about\/\" target=\"_blank\" rel=\"noopener\">www.carolmoses.com<\/a><\/p>\n<p>Einfl\u00fcsse auf meine Kunstvorstellungen sind Mathematik und Naturwissenschaften und Natur, sowie der Drang zu kommunizieren, zu beschreiben und aufzuzeichnen. Ich habe die l\u00e4ngste Zeit in der ungegenst\u00e4ndlichen Welt gearbeitet.<br \/>\nDas Projekt, das ich in Leipzig durchf\u00fchren werde, ist eine Bild- und Interviewreihe mit Fotoportr\u00e4ts und Interviews von Leipzigern. Die Serie umfasst Portr\u00e4tfotografie mit einem gedruckten Text, der aus einem Interview geschnitten wurde. Mit dem Thema, mit meinen eigenen festen Fragen. Diese Arbeit reizt mich, weil ich interessiere mich sehr f\u00fcr Menschen, wie ich sie sehe, wie sie sich selbst sehen. Ich erzeuge einen reichen Eindruck von der Person zu dieser Zeit und in diesem Zusammenhang mit mir. Ich habe das Gl\u00fcck, mit vielen interessanten Menschen aus allen m\u00f6glichen Lebenssituationen in Kontakt zu kommen. Ich habe eine Reihe von 9 Portr\u00e4ts und Interviews in den USA und eine Serie von 17 Portr\u00e4ts und Interviews in Island und eine Gruppe von 29 Personen aus Shetland.<br \/>\nIn dieser Arbeit bin ich bewegt von dem Wunsch, interessante Menschen zu kennen, zu bewahren und zu pr\u00e4sentieren, mit denen ich in meiner Lebenszeit in Kontakt bin. Das Konzept f\u00fcr eine fotografische Aufzeichnung meiner Zeitgenossen wurde teilweise durch die Arbeit von Felix Nadar inspiriert. Die Interviewfragen wurden von mir erstellt.<br \/>\nIn der Malerei f\u00fchle ich mich wohl und frei in Aquarell zu arbeiten, weil es von mir verlangt, mich zu entscheiden und zu handeln, und es mir nicht erlaubt, zu planen und neu zu machen. Meine nat\u00fcrliche &#8220;logische&#8221; Denkweise geht in Richtung Komplexit\u00e4t, Denken und Umdenken; Untersuchen, Bearbeiten, st\u00e4ndige Verfeinerung. Im Aquarell ist mein Arbeitsprozess ganz anders &#8211; ich bin gezwungen, mich zu verpflichten und weiterzumachen. In diesem Medium arbeite ich freier und selbstbewusster, ohne die Vermittlung meiner Intention, Logik, Analyse, etc.<br \/>\nAu\u00dferdem habe ich einige Wortgem\u00e4lde gemacht, die geschriebenes Wort beinhalten, umgeben von reaktionsschneller Malerei. Meine Wort-Bilder sind fertig, wenn meine Gedanken \u00fcber die Arbeit auf dem Papier rauschen.<br \/>\n<em>In Worten, vor Farbe<\/em>, also nehme ich die Worte f\u00fcr diese Arbeit auf und male dann, um sie zu illustrieren oder zu unterst\u00fctzen. Sie werden manchmal als Reaktion auf Trauer, Trag\u00f6die oder Verwirrung geschaffen.<br \/>\nDie Themen in meiner Malpraxis befassen sich auf einer grundlegenden Ebene mit Verbindung, Beziehung, Isolation, Distanz. Die Farben und Formen l\u00f6sen oder inszenieren Kr\u00e4fte und passende Verbindungen. Oftmals wird dar\u00fcber nachgedacht, ein empfindliches Gleichgewicht zwischen den Teilen des Bildes zu schaffen, wie sie auf dem Papier entstehen.<br \/>\nZus\u00e4tzlich mache ich schwarz-wei\u00dfe kleine Zeichenkonstruktionen, vor allem wenn ich nicht im Studio bin.<\/p>\n<p><strong>Austellungen<\/strong><\/p>\n<div class=\"page\" title=\"Page 1\">\n<div class=\"layoutArea\">\n<div class=\"column\">\n<ul>\n<li>SoWa Boston, First Fridays in shared studio #213 \u2013 2016-present<\/li>\n<li>Gimme Shelter \u2013 Brickbottom \u2013 2018<\/li>\n<li>Image and Interview \u2013 I\u0301slendingar \u2013 SI\u0301M Gallery, Reykjavi\u0301k \u2013 2017<\/li>\n<li>Eyes On: Nature || Urban Landscape \u2013 Riverside Gallery \u2013 2016<\/li>\n<li>Melt \u2013 Brickbottom \u2013 2016<\/li>\n<li>Image &amp; Interview, in: Portraits in 6 Media \u2013 Riverside Gallery \u2013 2015<\/li>\n<li>Vernon Street Open Studios \u2013 2009-present<\/li>\n<li>Jamaica Plain Open Studios \u2013 Jamaica Plain MA \u2013 2008<\/li>\n<li>Beacon Hill Art Walk \u2013 Boston \u2013 2006, 2007<\/li>\n<li>South End Open Studios \u2013 (juried) \u2013 Boston 2005, 2006<\/li>\n<li>Brickbottom Artists Association Open Studios \u2013 Somerville MA \u2013 2002-present<\/li>\n<li>SoWa ArtWalk \u2013 Boston \u2013 2005, 2006, 2009, 2017-present<\/li>\n<li>Fountain Street Open Studios \u2013 Framingham MA \u2013 2004, 2005<\/li>\n<li>Fuller Museum of Art \u2013 juried members show \u2013 Brockton MA \u2013 2004<\/li>\n<li>Danforth Museum Store \u2013 exhibit and sale \u2013 Framingham MA \u2013 2003-2005<\/li>\n<li>Sidney-Pacific Fall Festival, MIT \u2013 Cambridge MA \u2013 2003<\/li>\n<li>Under the Influence \u2013 Brickbottom \u2013 group show \u2013 2003<\/li>\n<li>Sumter Gallery for the Arts \u2013 Artists Shop \u2013 Sumter SC \u2013 2002-2008<\/li>\n<li>Gutman Library, Harvard University \u2013 group show of own work and of collaborative work \u2013 2000 \u00a7 1369 Coffee House \u2013 group show \u2013 Cambridge MA \u2013 1999<\/li>\n<li>Cambridge Artists Open Studios \u2013 Cambridge MA \u2013 1996-present<\/li>\n<li>Stratus Computer \u2013 group show \u2013 Marlboro MA \u2013 1995<\/li>\n<li>Middle East Restaurant \u2013 solo exhibit \u2013 Cambridge MA \u2013 1994<\/li>\n<li>Harbor Gallery, University of Massachusetts \u2013 8 pieces in juried exhibit \u2013 Boston \u2013 1992<\/li>\n<\/ul>\n<\/div>\n<\/div>\n<\/div>\n<div class=\"page\" title=\"Page 1\">\n<div class=\"layoutArea\">\n<div class=\"column\"><\/div>\n<\/div>\n<\/div>\n<p><strong>Positions\/memberships\u2013 selected<\/strong><\/p>\n<ul>\n<li>Riverside Gallery \u2013 Cambridge MA (Founder, Director; 2009-present)<br \/>\nReceived 10k grant to support my work as director\u00a0\u2013\u00a0NLT Foundation (2014)<\/li>\n<li>Vernon Street Artists \u2013 Somerville MA (Manage group studio)<\/li>\n<li>Brickbottom Artists Association \u2013 Somerville MA (Non-resident member)<\/li>\n<li>Cambridge Arts Marketing Network \u2013 Cambridge MA<\/li>\n<li>Cambridge Open Studios \u2013 Cambridge MA (Hosted guest artist site)<\/li>\n<li>Cambridgeport Artists Open Studios (CAOS) \u2013 Cambridge MA (past) (Co-chair; steering committee; publicity committee)<\/li>\n<li>Fountain Street Studios \u2013 Framingham MA (past)<\/li>\n<li>APT Artists Peer Group \u2013 Boston MA (past)<\/li>\n<li>Fuller Museum Artists Circle \u2013 Brockton MA (past) (vice-pres.; treas; Introduced peer portfolio review)<\/li>\n<li>United South End Artists \u2013 Boston MA (past)<\/li>\n<\/ul>\n<div class=\"page\" title=\"Page 1\">\n<div class=\"layoutArea\">\n<div class=\"column\">\n<p><strong>Curatorial\/Gallerist\/Directorial<\/strong><\/p>\n<\/div>\n<\/div>\n<\/div>\n<div class=\"page\" title=\"Page 1\">\n<div class=\"layoutArea\">\n<div class=\"column\">\n<ul>\n<li>Curator \u2013 African American Artists \u2013 Passion for a Lifetime \u2013 Brickbottom Gallery\u2013 Jan-Feb 2021<\/li>\n<li>Founder, Director of Riverside Gallery \u2013 Cambridge MA 2009 \u2013 2016\u00a0\u00a0\u00a0\u00a0\u00a0\u00a0 Conceived, developed, and implemented exceptional innovative programming of exhibitions Worked with guest curators for group exhibitions of art associations &amp; studio collectives to produce exhibits: (selected) Turtle Studios, Artists Professional Toolbox, NEATA, Boston Comic Roundtable<\/li>\n<\/ul>\n<p><strong>K\u00fcnstlerresidenzen<\/strong><\/p>\n<ul>\n<li>Icelandic Artists Association (SI\u0301M) \u2013 Image and Interview project \u2013 May 2017, Reykjavi\u0301k<\/li>\n<li>Self-residency \u2013 Image and Interview project \u2013 August 2019, Shetland Islands<\/li>\n<li>Leipzig International Art Programs \u2013 Image and Interview project \u2013 December 2019-Feb2020, Leipzig<\/li>\n<\/ul>\n<p><strong>Memberships<\/strong><\/p>\n<div class=\"page\" title=\"Page 2\">\n<div class=\"layoutArea\">\n<div class=\"column\">\n<ul>\n<li>APT Artists Peer Group \u2013 Boston MA (past)<\/li>\n<li>Brickbottom Artists Association \u2013 Somerville MA<\/li>\n<li>Cambridge Arts Marketing Network \u2013 Cambridge MA<\/li>\n<li>Cambridge Artists Association \u2013 Cambridge MA<\/li>\n<li>Cambridge Open Studios \u2013 Cambridge MA<\/li>\n<li>Cambridgeport Artists Open Studios (CAOS) \u2013 Cambridge MA (past)<\/li>\n<li>Fountain Street Studios \u2013 Framingham MA (past)<\/li>\n<li>Fuller Museum Artists Circle \u2013 Brockton MA (past)<\/li>\n<li>Riverside Arts Group artists collective \u2013 Cambridge MA<\/li>\n<li>SI\u0301M resident artist &#8211; Samband i\u0301slenskra myndlistarmanna \u2013 Reykjavi\u0301k 2017<\/li>\n<li>Studio 213, SoWa \u2013 Boston, MA<\/li>\n<li>United South End Artists \u2013 Boston MA<\/li>\n<li>Vernon Street Artists \u2013 Somerville MA<\/li>\n<\/ul>\n<p><strong>Ausbildung<\/strong><\/p>\n<div class=\"page\" title=\"Page 2\">\n<div class=\"layoutArea\">\n<div class=\"column\">\n<p>Middlesex Community College Certificate, System Software Technical Writing Bedford, MA 1994<\/p>\n<p>University of Massachusetts, Boston BA, English BA, Anthropology (language and culture track) Concentrations: East Asian Studies, Linguistics, 1992<\/p>\n<div class=\"page\" title=\"Page 2\">\n<div class=\"layoutArea\">\n<div class=\"column\">\n<p>Honors and Awards<br \/>\nGraduated Summa Cum Laude; East Asian Studies Student of the Year; Sally M. Goss Prize in Anthropology<\/p>\n<\/div>\n<\/div>\n<\/div>\n<\/div>\n<\/div>\n<\/div>\n<\/div>\n<\/div>\n<\/div>\n<p>&nbsp;<\/p>\n<\/div>\n<\/div>\n<\/div>\n","protected":false},"excerpt":{"rendered":"<p>Zeitraum: December 2019 &#8211; Februar 2022 www.carolmoses.com Einfl\u00fcsse auf meine Kunstvorstellungen sind Mathematik und Naturwissenschaften und Natur, sowie der Drang zu kommunizieren, zu beschreiben und aufzuzeichnen. Ich habe die l\u00e4ngste Zeit in der ungegenst\u00e4ndlichen Welt gearbeitet. Das Projekt, das ich in Leipzig durchf\u00fchren werde, ist eine Bild- und Interviewreihe mit Fotoportr\u00e4ts und Interviews von Leipzigern.&hellip;<a href=\"https:\/\/liap.eu\/index.php\/de\/2019\/12\/03\/carol-e-masos\/\" class=\"more-link\"><span>Continue reading<\/span><span class=\"screen-reader-text\">Carol E. Moses<\/span><\/a><\/p>\n","protected":false},"author":4,"featured_media":5768,"comment_status":"closed","ping_status":"closed","sticky":false,"template":"templates\/template-full-width.php","format":"standard","meta":{"om_disable_all_campaigns":false,"_uag_custom_page_level_css":"","footnotes":""},"categories":[420,474],"tags":[],"class_list":["post-5777","post","type-post","status-publish","format-standard","has-post-thumbnail","hentry","category-kuenstler-2019","category-kuenstler-2020","tw-meta-no-icon"],"yoast_head":"<!-- This site is optimized with the Yoast SEO plugin v25.6 - https:\/\/yoast.com\/wordpress\/plugins\/seo\/ -->\n<title>Carol E. Moses - LIA<\/title>\n<meta name=\"robots\" content=\"index, follow, max-snippet:-1, max-image-preview:large, max-video-preview:-1\" \/>\n<link rel=\"canonical\" href=\"https:\/\/liap.eu\/index.php\/de\/2019\/12\/03\/carol-e-masos\/\" \/>\n<meta property=\"og:locale\" content=\"en_GB\" \/>\n<meta property=\"og:type\" content=\"article\" \/>\n<meta property=\"og:title\" content=\"Carol E. Moses - LIA\" \/>\n<meta property=\"og:description\" content=\"Zeitraum: December 2019 &#8211; Februar 2022 www.carolmoses.com Einfl\u00fcsse auf meine Kunstvorstellungen sind Mathematik und Naturwissenschaften und Natur, sowie der Drang zu kommunizieren, zu beschreiben und aufzuzeichnen. Ich habe die l\u00e4ngste Zeit in der ungegenst\u00e4ndlichen Welt gearbeitet. Das Projekt, das ich in Leipzig durchf\u00fchren werde, ist eine Bild- und Interviewreihe mit Fotoportr\u00e4ts und Interviews von Leipzigern.&hellip;Continue readingCarol E. Moses\" \/>\n<meta property=\"og:url\" content=\"https:\/\/liap.eu\/index.php\/de\/2019\/12\/03\/carol-e-masos\/\" \/>\n<meta property=\"og:site_name\" content=\"LIA\" \/>\n<meta property=\"article:publisher\" content=\"https:\/\/www.facebook.com\/LIAprogramme\" \/>\n<meta property=\"article:author\" content=\"https:\/\/www.facebook.com\/LIAprogramme\" \/>\n<meta property=\"article:published_time\" content=\"2019-12-03T21:00:50+00:00\" \/>\n<meta property=\"article:modified_time\" content=\"2020-02-12T11:38:48+00:00\" \/>\n<meta property=\"og:image\" content=\"https:\/\/liap.eu\/wp-content\/uploads\/2019\/12\/Carol-E-Moses-photo-2019-08-13.jpg\" \/>\n\t<meta property=\"og:image:width\" content=\"221\" \/>\n\t<meta property=\"og:image:height\" content=\"306\" \/>\n\t<meta property=\"og:image:type\" content=\"image\/jpeg\" \/>\n<meta name=\"author\" content=\"LIA\" \/>\n<meta name=\"twitter:card\" content=\"summary_large_image\" \/>\n<meta name=\"twitter:label1\" content=\"Written by\" \/>\n\t<meta name=\"twitter:data1\" content=\"LIA\" \/>\n\t<meta name=\"twitter:label2\" content=\"Estimated reading time\" \/>\n\t<meta name=\"twitter:data2\" content=\"5 minutes\" \/>\n<script type=\"application\/ld+json\" class=\"yoast-schema-graph\">{\"@context\":\"https:\/\/schema.org\",\"@graph\":[{\"@type\":\"Article\",\"@id\":\"https:\/\/liap.eu\/index.php\/de\/2019\/12\/03\/carol-e-masos\/#article\",\"isPartOf\":{\"@id\":\"https:\/\/liap.eu\/index.php\/de\/2019\/12\/03\/carol-e-masos\/\"},\"author\":{\"name\":\"LIA\",\"@id\":\"https:\/\/liap.eu\/#\/schema\/person\/6a0bff64f73ff1a6b7e1ccb7faf58204\"},\"headline\":\"Carol E. Moses\",\"datePublished\":\"2019-12-03T21:00:50+00:00\",\"dateModified\":\"2020-02-12T11:38:48+00:00\",\"mainEntityOfPage\":{\"@id\":\"https:\/\/liap.eu\/index.php\/de\/2019\/12\/03\/carol-e-masos\/\"},\"wordCount\":930,\"publisher\":{\"@id\":\"https:\/\/liap.eu\/#organization\"},\"image\":{\"@id\":\"https:\/\/liap.eu\/index.php\/de\/2019\/12\/03\/carol-e-masos\/#primaryimage\"},\"thumbnailUrl\":\"https:\/\/liap.eu\/wp-content\/uploads\/2019\/12\/Carol-E-Moses-photo-2019-08-13.jpg\",\"articleSection\":[\"K\u00fcnstler 2019\",\"K\u00fcnstler 2020\"],\"inLanguage\":\"en-GB\"},{\"@type\":\"WebPage\",\"@id\":\"https:\/\/liap.eu\/index.php\/de\/2019\/12\/03\/carol-e-masos\/\",\"url\":\"https:\/\/liap.eu\/index.php\/de\/2019\/12\/03\/carol-e-masos\/\",\"name\":\"Carol E. Moses - LIA\",\"isPartOf\":{\"@id\":\"https:\/\/liap.eu\/#website\"},\"primaryImageOfPage\":{\"@id\":\"https:\/\/liap.eu\/index.php\/de\/2019\/12\/03\/carol-e-masos\/#primaryimage\"},\"image\":{\"@id\":\"https:\/\/liap.eu\/index.php\/de\/2019\/12\/03\/carol-e-masos\/#primaryimage\"},\"thumbnailUrl\":\"https:\/\/liap.eu\/wp-content\/uploads\/2019\/12\/Carol-E-Moses-photo-2019-08-13.jpg\",\"datePublished\":\"2019-12-03T21:00:50+00:00\",\"dateModified\":\"2020-02-12T11:38:48+00:00\",\"breadcrumb\":{\"@id\":\"https:\/\/liap.eu\/index.php\/de\/2019\/12\/03\/carol-e-masos\/#breadcrumb\"},\"inLanguage\":\"en-GB\",\"potentialAction\":[{\"@type\":\"ReadAction\",\"target\":[\"https:\/\/liap.eu\/index.php\/de\/2019\/12\/03\/carol-e-masos\/\"]}]},{\"@type\":\"ImageObject\",\"inLanguage\":\"en-GB\",\"@id\":\"https:\/\/liap.eu\/index.php\/de\/2019\/12\/03\/carol-e-masos\/#primaryimage\",\"url\":\"https:\/\/liap.eu\/wp-content\/uploads\/2019\/12\/Carol-E-Moses-photo-2019-08-13.jpg\",\"contentUrl\":\"https:\/\/liap.eu\/wp-content\/uploads\/2019\/12\/Carol-E-Moses-photo-2019-08-13.jpg\",\"width\":221,\"height\":306},{\"@type\":\"BreadcrumbList\",\"@id\":\"https:\/\/liap.eu\/index.php\/de\/2019\/12\/03\/carol-e-masos\/#breadcrumb\",\"itemListElement\":[{\"@type\":\"ListItem\",\"position\":1,\"name\":\"Startseite\",\"item\":\"https:\/\/liap.eu\/index.php\/de\/\"},{\"@type\":\"ListItem\",\"position\":2,\"name\":\"Carol E. Moses\"}]},{\"@type\":\"WebSite\",\"@id\":\"https:\/\/liap.eu\/#website\",\"url\":\"https:\/\/liap.eu\/\",\"name\":\"LIA - Leipzig International Art Programme\",\"description\":\"Leipzig International Art Programme\",\"publisher\":{\"@id\":\"https:\/\/liap.eu\/#organization\"},\"potentialAction\":[{\"@type\":\"SearchAction\",\"target\":{\"@type\":\"EntryPoint\",\"urlTemplate\":\"https:\/\/liap.eu\/?s={search_term_string}\"},\"query-input\":{\"@type\":\"PropertyValueSpecification\",\"valueRequired\":true,\"valueName\":\"search_term_string\"}}],\"inLanguage\":\"en-GB\"},{\"@type\":\"Organization\",\"@id\":\"https:\/\/liap.eu\/#organization\",\"name\":\"Leipzig International Art Programme\",\"url\":\"https:\/\/liap.eu\/\",\"logo\":{\"@type\":\"ImageObject\",\"inLanguage\":\"en-GB\",\"@id\":\"https:\/\/liap.eu\/#\/schema\/logo\/image\/\",\"url\":\"https:\/\/liap.eu\/wp-content\/uploads\/2021\/11\/LIAP.jpg\",\"contentUrl\":\"https:\/\/liap.eu\/wp-content\/uploads\/2021\/11\/LIAP.jpg\",\"width\":870,\"height\":140,\"caption\":\"Leipzig International Art Programme\"},\"image\":{\"@id\":\"https:\/\/liap.eu\/#\/schema\/logo\/image\/\"},\"sameAs\":[\"https:\/\/www.facebook.com\/LIAprogramme\",\"https:\/\/www.instagram.com\/lia_programme\/\",\"https:\/\/www.youtube.com\/channel\/UCVp_APjH6wtmApuu5kWgUqA\/videos\"]},{\"@type\":\"Person\",\"@id\":\"https:\/\/liap.eu\/#\/schema\/person\/6a0bff64f73ff1a6b7e1ccb7faf58204\",\"name\":\"LIA\",\"image\":{\"@type\":\"ImageObject\",\"inLanguage\":\"en-GB\",\"@id\":\"https:\/\/liap.eu\/#\/schema\/person\/image\/\",\"url\":\"https:\/\/secure.gravatar.com\/avatar\/528cc9c6a7aa20231d89b694711fbe94?s=96&d=mm&r=g\",\"contentUrl\":\"https:\/\/secure.gravatar.com\/avatar\/528cc9c6a7aa20231d89b694711fbe94?s=96&d=mm&r=g\",\"caption\":\"LIA\"},\"sameAs\":[\"https:\/\/www.facebook.com\/LIAprogramme\",\"https:\/\/www.instagram.com\/lia_programme\/\"]}]}<\/script>\n<!-- \/ Yoast SEO plugin. -->","yoast_head_json":{"title":"Carol E. Moses - LIA","robots":{"index":"index","follow":"follow","max-snippet":"max-snippet:-1","max-image-preview":"max-image-preview:large","max-video-preview":"max-video-preview:-1"},"canonical":"https:\/\/liap.eu\/index.php\/de\/2019\/12\/03\/carol-e-masos\/","og_locale":"en_GB","og_type":"article","og_title":"Carol E. Moses - LIA","og_description":"Zeitraum: December 2019 &#8211; Februar 2022 www.carolmoses.com Einfl\u00fcsse auf meine Kunstvorstellungen sind Mathematik und Naturwissenschaften und Natur, sowie der Drang zu kommunizieren, zu beschreiben und aufzuzeichnen. Ich habe die l\u00e4ngste Zeit in der ungegenst\u00e4ndlichen Welt gearbeitet. Das Projekt, das ich in Leipzig durchf\u00fchren werde, ist eine Bild- und Interviewreihe mit Fotoportr\u00e4ts und Interviews von Leipzigern.&hellip;Continue readingCarol E. Moses","og_url":"https:\/\/liap.eu\/index.php\/de\/2019\/12\/03\/carol-e-masos\/","og_site_name":"LIA","article_publisher":"https:\/\/www.facebook.com\/LIAprogramme","article_author":"https:\/\/www.facebook.com\/LIAprogramme","article_published_time":"2019-12-03T21:00:50+00:00","article_modified_time":"2020-02-12T11:38:48+00:00","og_image":[{"width":221,"height":306,"url":"https:\/\/liap.eu\/wp-content\/uploads\/2019\/12\/Carol-E-Moses-photo-2019-08-13.jpg","type":"image\/jpeg"}],"author":"LIA","twitter_card":"summary_large_image","twitter_misc":{"Written by":"LIA","Estimated reading time":"5 minutes"},"schema":{"@context":"https:\/\/schema.org","@graph":[{"@type":"Article","@id":"https:\/\/liap.eu\/index.php\/de\/2019\/12\/03\/carol-e-masos\/#article","isPartOf":{"@id":"https:\/\/liap.eu\/index.php\/de\/2019\/12\/03\/carol-e-masos\/"},"author":{"name":"LIA","@id":"https:\/\/liap.eu\/#\/schema\/person\/6a0bff64f73ff1a6b7e1ccb7faf58204"},"headline":"Carol E. Moses","datePublished":"2019-12-03T21:00:50+00:00","dateModified":"2020-02-12T11:38:48+00:00","mainEntityOfPage":{"@id":"https:\/\/liap.eu\/index.php\/de\/2019\/12\/03\/carol-e-masos\/"},"wordCount":930,"publisher":{"@id":"https:\/\/liap.eu\/#organization"},"image":{"@id":"https:\/\/liap.eu\/index.php\/de\/2019\/12\/03\/carol-e-masos\/#primaryimage"},"thumbnailUrl":"https:\/\/liap.eu\/wp-content\/uploads\/2019\/12\/Carol-E-Moses-photo-2019-08-13.jpg","articleSection":["K\u00fcnstler 2019","K\u00fcnstler 2020"],"inLanguage":"en-GB"},{"@type":"WebPage","@id":"https:\/\/liap.eu\/index.php\/de\/2019\/12\/03\/carol-e-masos\/","url":"https:\/\/liap.eu\/index.php\/de\/2019\/12\/03\/carol-e-masos\/","name":"Carol E. Moses - LIA","isPartOf":{"@id":"https:\/\/liap.eu\/#website"},"primaryImageOfPage":{"@id":"https:\/\/liap.eu\/index.php\/de\/2019\/12\/03\/carol-e-masos\/#primaryimage"},"image":{"@id":"https:\/\/liap.eu\/index.php\/de\/2019\/12\/03\/carol-e-masos\/#primaryimage"},"thumbnailUrl":"https:\/\/liap.eu\/wp-content\/uploads\/2019\/12\/Carol-E-Moses-photo-2019-08-13.jpg","datePublished":"2019-12-03T21:00:50+00:00","dateModified":"2020-02-12T11:38:48+00:00","breadcrumb":{"@id":"https:\/\/liap.eu\/index.php\/de\/2019\/12\/03\/carol-e-masos\/#breadcrumb"},"inLanguage":"en-GB","potentialAction":[{"@type":"ReadAction","target":["https:\/\/liap.eu\/index.php\/de\/2019\/12\/03\/carol-e-masos\/"]}]},{"@type":"ImageObject","inLanguage":"en-GB","@id":"https:\/\/liap.eu\/index.php\/de\/2019\/12\/03\/carol-e-masos\/#primaryimage","url":"https:\/\/liap.eu\/wp-content\/uploads\/2019\/12\/Carol-E-Moses-photo-2019-08-13.jpg","contentUrl":"https:\/\/liap.eu\/wp-content\/uploads\/2019\/12\/Carol-E-Moses-photo-2019-08-13.jpg","width":221,"height":306},{"@type":"BreadcrumbList","@id":"https:\/\/liap.eu\/index.php\/de\/2019\/12\/03\/carol-e-masos\/#breadcrumb","itemListElement":[{"@type":"ListItem","position":1,"name":"Startseite","item":"https:\/\/liap.eu\/index.php\/de\/"},{"@type":"ListItem","position":2,"name":"Carol E. Moses"}]},{"@type":"WebSite","@id":"https:\/\/liap.eu\/#website","url":"https:\/\/liap.eu\/","name":"LIA - Leipzig International Art Programme","description":"Leipzig International Art Programme","publisher":{"@id":"https:\/\/liap.eu\/#organization"},"potentialAction":[{"@type":"SearchAction","target":{"@type":"EntryPoint","urlTemplate":"https:\/\/liap.eu\/?s={search_term_string}"},"query-input":{"@type":"PropertyValueSpecification","valueRequired":true,"valueName":"search_term_string"}}],"inLanguage":"en-GB"},{"@type":"Organization","@id":"https:\/\/liap.eu\/#organization","name":"Leipzig International Art Programme","url":"https:\/\/liap.eu\/","logo":{"@type":"ImageObject","inLanguage":"en-GB","@id":"https:\/\/liap.eu\/#\/schema\/logo\/image\/","url":"https:\/\/liap.eu\/wp-content\/uploads\/2021\/11\/LIAP.jpg","contentUrl":"https:\/\/liap.eu\/wp-content\/uploads\/2021\/11\/LIAP.jpg","width":870,"height":140,"caption":"Leipzig International Art Programme"},"image":{"@id":"https:\/\/liap.eu\/#\/schema\/logo\/image\/"},"sameAs":["https:\/\/www.facebook.com\/LIAprogramme","https:\/\/www.instagram.com\/lia_programme\/","https:\/\/www.youtube.com\/channel\/UCVp_APjH6wtmApuu5kWgUqA\/videos"]},{"@type":"Person","@id":"https:\/\/liap.eu\/#\/schema\/person\/6a0bff64f73ff1a6b7e1ccb7faf58204","name":"LIA","image":{"@type":"ImageObject","inLanguage":"en-GB","@id":"https:\/\/liap.eu\/#\/schema\/person\/image\/","url":"https:\/\/secure.gravatar.com\/avatar\/528cc9c6a7aa20231d89b694711fbe94?s=96&d=mm&r=g","contentUrl":"https:\/\/secure.gravatar.com\/avatar\/528cc9c6a7aa20231d89b694711fbe94?s=96&d=mm&r=g","caption":"LIA"},"sameAs":["https:\/\/www.facebook.com\/LIAprogramme","https:\/\/www.instagram.com\/lia_programme\/"]}]}},"uagb_featured_image_src":{"full":["https:\/\/liap.eu\/wp-content\/uploads\/2019\/12\/Carol-E-Moses-photo-2019-08-13.jpg",221,306,false],"thumbnail":["https:\/\/liap.eu\/wp-content\/uploads\/2019\/12\/Carol-E-Moses-photo-2019-08-13-150x150.jpg",96,96,true],"medium":["https:\/\/liap.eu\/wp-content\/uploads\/2019\/12\/Carol-E-Moses-photo-2019-08-13-217x300.jpg",217,300,true],"medium_large":["https:\/\/liap.eu\/wp-content\/uploads\/2019\/12\/Carol-E-Moses-photo-2019-08-13.jpg",221,306,false],"large":["https:\/\/liap.eu\/wp-content\/uploads\/2019\/12\/Carol-E-Moses-photo-2019-08-13.jpg",221,306,false],"1536x1536":["https:\/\/liap.eu\/wp-content\/uploads\/2019\/12\/Carol-E-Moses-photo-2019-08-13.jpg",221,306,false],"2048x2048":["https:\/\/liap.eu\/wp-content\/uploads\/2019\/12\/Carol-E-Moses-photo-2019-08-13.jpg",221,306,false],"post-thumbnail":["https:\/\/liap.eu\/wp-content\/uploads\/2019\/12\/Carol-E-Moses-photo-2019-08-13.jpg",221,306,false],"twentytwenty-fullscreen":["https:\/\/liap.eu\/wp-content\/uploads\/2019\/12\/Carol-E-Moses-photo-2019-08-13.jpg",221,306,false]},"uagb_author_info":{"display_name":"LIA","author_link":"https:\/\/liap.eu\/index.php\/author\/bierau\/"},"uagb_comment_info":0,"uagb_excerpt":"Zeitraum: December 2019 &#8211; Februar 2022 www.carolmoses.com Einfl\u00fcsse auf meine Kunstvorstellungen sind Mathematik und Naturwissenschaften und Natur, sowie der Drang zu kommunizieren, zu beschreiben und aufzuzeichnen. Ich habe die l\u00e4ngste Zeit in der ungegenst\u00e4ndlichen Welt gearbeitet. Das Projekt, das ich in Leipzig durchf\u00fchren werde, ist eine Bild- und Interviewreihe mit Fotoportr\u00e4ts und Interviews von Leipzigern.&hellip;Continue&hellip;","_links":{"self":[{"href":"https:\/\/liap.eu\/index.php\/wp-json\/wp\/v2\/posts\/5777"}],"collection":[{"href":"https:\/\/liap.eu\/index.php\/wp-json\/wp\/v2\/posts"}],"about":[{"href":"https:\/\/liap.eu\/index.php\/wp-json\/wp\/v2\/types\/post"}],"author":[{"embeddable":true,"href":"https:\/\/liap.eu\/index.php\/wp-json\/wp\/v2\/users\/4"}],"replies":[{"embeddable":true,"href":"https:\/\/liap.eu\/index.php\/wp-json\/wp\/v2\/comments?post=5777"}],"version-history":[{"count":8,"href":"https:\/\/liap.eu\/index.php\/wp-json\/wp\/v2\/posts\/5777\/revisions"}],"predecessor-version":[{"id":6169,"href":"https:\/\/liap.eu\/index.php\/wp-json\/wp\/v2\/posts\/5777\/revisions\/6169"}],"wp:featuredmedia":[{"embeddable":true,"href":"https:\/\/liap.eu\/index.php\/wp-json\/wp\/v2\/media\/5768"}],"wp:attachment":[{"href":"https:\/\/liap.eu\/index.php\/wp-json\/wp\/v2\/media?parent=5777"}],"wp:term":[{"taxonomy":"category","embeddable":true,"href":"https:\/\/liap.eu\/index.php\/wp-json\/wp\/v2\/categories?post=5777"},{"taxonomy":"post_tag","embeddable":true,"href":"https:\/\/liap.eu\/index.php\/wp-json\/wp\/v2\/tags?post=5777"}],"curies":[{"name":"wp","href":"https:\/\/api.w.org\/{rel}","templated":true}]}}