{"id":6129,"date":"2020-02-03T14:42:37","date_gmt":"2020-02-03T13:42:37","guid":{"rendered":"https:\/\/liap.eu\/?p=6129"},"modified":"2020-02-03T15:12:39","modified_gmt":"2020-02-03T14:12:39","slug":"daniela-schwabe-2","status":"publish","type":"post","link":"https:\/\/liap.eu\/index.php\/de\/2020\/02\/03\/daniela-schwabe-2\/","title":{"rendered":"Daniela Schwabe"},"content":{"rendered":"<p><a href=\"https:\/\/liap.eu\/wp-content\/uploads\/2020\/01\/CAKED_oilpaint-on-canvas_40-x-60-cm_Daniela-Schwabe_2019.jpg\"><img loading=\"lazy\" decoding=\"async\" class=\"alignnone size-medium wp-image-6066\" src=\"https:\/\/liap.eu\/wp-content\/uploads\/2020\/01\/CAKED_oilpaint-on-canvas_40-x-60-cm_Daniela-Schwabe_2019-300x221.jpg\" alt=\"\" width=\"300\" height=\"221\" srcset=\"https:\/\/liap.eu\/wp-content\/uploads\/2020\/01\/CAKED_oilpaint-on-canvas_40-x-60-cm_Daniela-Schwabe_2019-300x221.jpg 300w, https:\/\/liap.eu\/wp-content\/uploads\/2020\/01\/CAKED_oilpaint-on-canvas_40-x-60-cm_Daniela-Schwabe_2019-768x565.jpg 768w, https:\/\/liap.eu\/wp-content\/uploads\/2020\/01\/CAKED_oilpaint-on-canvas_40-x-60-cm_Daniela-Schwabe_2019-1024x754.jpg 1024w\" sizes=\"(max-width: 300px) 100vw, 300px\" \/><\/a><\/p>\n<p>Zeitraum: Februar 2020 &#8211; Juni 2020<\/p>\n<p><a href=\"https:\/\/danielaschwabe.nl\/\" target=\"_blank\" rel=\"noopener\">www.danielaschwabe.nl<\/a><\/p>\n<p>&#8220;In meiner Malpraxis untersuche ich die Auswirkungen von Geschichte und Erinnerung auf kollektiver Ebene. Ich benutze das Medium der Malerei, um eine neue Struktur f\u00fcr die Reflexion von Erinnerung und die Wirkung von Bildern auf die Art und Weise, wie Erinnerung konzipiert wird, aufzubauen. In meinen Gem\u00e4lden werden menschliche Figuren brutal aus ihrer Umgebung herausgeschnitten, Portr\u00e4ts werden aus gesammelten Bildern gebildet, und die Oberfl\u00e4che eines Gem\u00e4ldes wird zur Fassade. Durch die Arbeit mit diesen verschiedenen Schichten stelle ich die Komplexit\u00e4t des Realen im Zeitalter der hergestellten Kopien in Frage. Bestimmte Bilder bleiben uns durch die Zeit erhalten und werden zu Ikonen im kollektiven Ged\u00e4chtnis. Ich ziehe Parallelen und stelle Gegen\u00fcberstellungen her, zwischen historischen Tatsachen \u00fcber den Krieg und der Vorstellung meiner Familiengeschichte, historischen Traumata und zeitgen\u00f6ssischen Problemen der Vertrauensw\u00fcrdigkeit und des Wertes von Bildern.<\/p>\n<p>Zurzeit arbeite ich an einer Serie mit dem Titel &#8216;DEEP FAMILY&#8217;, in der ich mit dem Designer Casper Schipper und k\u00fcnstlicher Intelligenz zusammenarbeite, um die Art und Weise, wie wir Familie und Erinnerung im Licht der neuen Technologie wahrnehmen, zu visualisieren.&#8221;<\/p>\n<h4><strong>LEBENSLAUF<\/strong><\/h4>\n<p>Winterswijk, 1984 (NL)<\/p>\n<p><strong>Bildung<br \/>\n<\/strong>2005-2009\u00a0\/ Bachelor Fine Art, ArtEZ University of the Arts, Arnhem (Cum Laude)<\/p>\n<p><strong>Ausstellungen<br \/>\n<\/strong>2020\u00a0 Deep Family, Dudok de Groot, Amsterdam <strong>NL<\/strong> (solo) (upcoming)<br \/>\n2020\u00a0 Nooit Weer Nie Wieder, Museum Kloster Bentlage, Rheine, <strong>DE<\/strong> (group) (upcoming)<br \/>\n2019\u00a0 Open Studio\u2019s GlogauAIR, Berlin, <strong>DE<\/strong> (group)<br \/>\n2019\u00a0 From Church to Gym to Gallery, Galerie O-68, Velp <strong>NL<\/strong> (group)<br \/>\n2019\u00a0 Acquired Works, De Nederlandsche Bank, Amsterdam <strong>NL<\/strong> (group)<br \/>\n2018\u00a0 Future Memory, Galerie O-68, Velp <strong>NL<\/strong> (solo)<br \/>\n2018\u00a0 Golden Series by O-68, Art The Hague, The Hague <strong>NL<\/strong> (group)<br \/>\n2018\u00a0 Souvenir, Galerie Dudok De Groot, Amsterdam <strong>NL<\/strong> (solo)<br \/>\n2018\u00a0 Mini Solo, Stedelijk Museum, Amsterdam <strong>NL<\/strong> (solo)<br \/>\n2017\u00a0 Painting Performance, ADE, Amsterdam <strong>NL<\/strong> (duo)<br \/>\n2017\u00a0 Patty Morgan, Art Rotterdam, Rotterdam <strong>NL<\/strong> (group)<br \/>\n2016\u00a0 Acquired Works, De Nederlandsche Bank, Amsterdam <strong>NL<\/strong> (group)<br \/>\n2016\u00a0 After the death of James Lee Byars, De Nederlandsche Bank, Amsterdam <strong>NL<\/strong> (group)<br \/>\n2016\u00a0 Daniela Schwabe &amp; Rens Krikhaar, Galerie Bart, Amsterdam <strong>NL<\/strong> (duo)<br \/>\n2015\u00a0 This Art Fair, Beurs van Berlage, Amsterdam <strong>NL<\/strong> (solo)<br \/>\n2015\u00a0 Anonyme Zeichner, Berlin, Braunschweig, R\u00fcsselsheim <strong>DE<\/strong>, Rome IT (group)<br \/>\n2014\u00a0 Art in Redlight, Beurs van Berlage, Amsterdam <strong>NL<\/strong> (solo)<br \/>\n2014\u00a0 Bi\u00ebnnale Gelderland,\u00a0Valkhof Museum, Nijmegen <strong>NL<\/strong> (group)<br \/>\n2014\u00a0 The Eye of The Storm within, Circa.. Dit, Arnhem <strong>NL<\/strong> (solo)<br \/>\n2011\u00a0 Annelien Kers, Open Art Fair, Utrecht <strong>NL<\/strong> (group)<br \/>\n2011\u00a0 Art of Bath, Villeroy &amp; Boch, Brussel <strong>BE<\/strong> (group)<br \/>\n2011\u00a0 Reshape, Retort Artspace, Amsterdam <strong>NL<\/strong> (group)<br \/>\n2010\u00a0 Ongekend, Art Rotterdam, Rotterdam <strong>NL<\/strong> (group)<br \/>\n2009\u00a0 Young Masters @ Auction, Ongekend, Amsterdam <strong>NL<\/strong> (group)<br \/>\n2009\u00a0 Oostenwind, Delta Lloyd Group, Amsterdam <strong>NL<\/strong> (group)<br \/>\n2008\u00a0 Wetpaint 8, Arnhem-D\u00fcsseldorf, Arnhem <strong>NL<\/strong> (group)<br \/>\n2007\u00a0 Wanderwort, CODA Museum, Apeldoorn <strong>NL<\/strong> (group)<\/p>\n<p><strong>\u00a0Auszeichnungen \/ Residenzen<br \/>\n<\/strong>2020\u00a0 Six month residency at LIA, Leipzig, <strong>DE<\/strong> (upcoming)<br \/>\n2019\u00a0 Project Grand by Gerbrandy Fonds for FUTURE MEMORY, Amsterdam, <strong>NL<br \/>\n<\/strong>2019\u00a0 Project Grand by Mondriaanfonds for FUTURE MEMORY, Amsterdam, <strong>NL<br \/>\n<\/strong>2019\u00a0 Six month residency at GlogauAIR, Berlin, <strong>DE<br \/>\n<\/strong>2018\u00a0 \u2018E\u2019 acquired for collection De Nederlandsche Bank, Amsterdam <strong>NL<br \/>\n<\/strong>2016\u00a0 \u2018NUBE\u2019 acquired for collection De Nederlandsche Bank, Amsterdam <strong>NL<br \/>\n<\/strong>2015\u00a0 Artist in Residence Popps Packing, Detroit <strong>US<br \/>\n<\/strong>2011\u00a0 Curated visit for Plaats Delict, made possible by Mondriaan Fonds, New York <strong>US<br \/>\n<\/strong>2011\u00a0 Artist in Residence at Villeroy &amp; Boch, Mettlach <strong>DE<br \/>\n<\/strong>2010\u00a0 Presentation Artist in Residence, Lusthof, Utrecht <strong>NL<br \/>\n<\/strong>2010\u00a0 Mentoringproject Jan van der Ploeg, Mondriaanfonds <strong>NL<br \/>\n<\/strong>2009\u00a0 Rabobank award, Oostenwind, Delta Lloyd Group, Amsterdam <strong>NL<\/strong><\/p>\n<p><strong>Publikationen<br \/>\n<\/strong>2019\u00a0 Podcast about Rainbowseries, Uncoated, Berlin <strong>DE<br \/>\n<\/strong>2019\u00a0 Aquired works, Catalogus, DELA <strong>NL<br \/>\n<\/strong>2019\u00a0 Interview, Magazine for art and literature, Pandora <strong>NL<br \/>\n<\/strong>2019\u00a0 Acquired works, Catalogus, De Nederlandsche Bank <strong>NL<br \/>\n<\/strong>2018\u00a0 Article on exhibition at O-68, Het Museumtijdschrift <strong>NL<br \/>\n<\/strong>2018\u00a0 Article \u2018een beetje anarchisme kan geen kwaad\u2019 Arnon Grungberg in het Stedelijk , NRC <strong>NL<br \/>\n<\/strong>2018\u00a0 Spread on exhibition at O-68, Kunstkrant <strong>NL<br \/>\n<\/strong>2017\u00a0 Zinvolle Partnership met Dropbox, online interview, Emerce <strong>NL<br \/>\n<\/strong>2017\u00a0 Creativity Commercial, filmed interview, Dropbox <strong>NL<br \/>\n<\/strong>2016\u00a0 \u2018The Death of James Lee Byars, catalogue, De Nederlandsche Bank <strong>NL<br \/>\n<\/strong>2016\u00a0 Online interview by Maarten Busser, Enny Espace <strong>NL<br \/>\n<\/strong>2014\u00a0 Article on work at Valkhofmuseum, Metropolis M <strong>NL<\/strong><\/p>\n<p><strong>Berufliche Erfahrung<br \/>\n<\/strong> 2017\u00a0 Guest tutor, ArtEZ University of the Arts, Arnhem <strong>NL<br \/>\n<\/strong>2014 \u2013 2017 Assistant, Berend Strik <strong>NL<br \/>\n<\/strong>2012\u00a0 Guest tutor, ArtEZ University of the Arts, Arnhem <strong>NL<br \/>\n<\/strong>2011 \u2013 2012\u00a0 Curator \u2018Plaats Delict\u2019 with Niek Audenaerd, Paraplufabriek, Nijmegen <strong>NL<\/strong><\/p>\n","protected":false},"excerpt":{"rendered":"<p>Zeitraum: Februar 2020 &#8211; Juni 2020 www.danielaschwabe.nl &#8220;In meiner Malpraxis untersuche ich die Auswirkungen von Geschichte und Erinnerung auf kollektiver Ebene. Ich benutze das Medium der Malerei, um eine neue Struktur f\u00fcr die Reflexion von Erinnerung und die Wirkung von Bildern auf die Art und Weise, wie Erinnerung konzipiert wird, aufzubauen. In meinen Gem\u00e4lden werden&hellip;<a href=\"https:\/\/liap.eu\/index.php\/de\/2020\/02\/03\/daniela-schwabe-2\/\" class=\"more-link\"><span>Continue reading<\/span><span class=\"screen-reader-text\">Daniela Schwabe<\/span><\/a><\/p>\n","protected":false},"author":4,"featured_media":6064,"comment_status":"closed","ping_status":"closed","sticky":false,"template":"templates\/template-full-width.php","format":"standard","meta":{"om_disable_all_campaigns":false,"_uag_custom_page_level_css":"","footnotes":""},"categories":[474],"tags":[],"class_list":["post-6129","post","type-post","status-publish","format-standard","has-post-thumbnail","hentry","category-kuenstler-2020","tw-meta-no-icon"],"yoast_head":"<!-- This site is optimized with the Yoast SEO plugin v25.6 - https:\/\/yoast.com\/wordpress\/plugins\/seo\/ -->\n<title>Daniela Schwabe - LIA<\/title>\n<meta name=\"robots\" content=\"index, follow, max-snippet:-1, max-image-preview:large, max-video-preview:-1\" \/>\n<link rel=\"canonical\" href=\"https:\/\/liap.eu\/index.php\/de\/2020\/02\/03\/daniela-schwabe-2\/\" \/>\n<meta property=\"og:locale\" content=\"en_GB\" \/>\n<meta property=\"og:type\" content=\"article\" \/>\n<meta property=\"og:title\" content=\"Daniela Schwabe - LIA\" \/>\n<meta property=\"og:description\" content=\"Zeitraum: Februar 2020 &#8211; Juni 2020 www.danielaschwabe.nl &#8220;In meiner Malpraxis untersuche ich die Auswirkungen von Geschichte und Erinnerung auf kollektiver Ebene. Ich benutze das Medium der Malerei, um eine neue Struktur f\u00fcr die Reflexion von Erinnerung und die Wirkung von Bildern auf die Art und Weise, wie Erinnerung konzipiert wird, aufzubauen. In meinen Gem\u00e4lden werden&hellip;Continue readingDaniela Schwabe\" \/>\n<meta property=\"og:url\" content=\"https:\/\/liap.eu\/index.php\/de\/2020\/02\/03\/daniela-schwabe-2\/\" \/>\n<meta property=\"og:site_name\" content=\"LIA\" \/>\n<meta property=\"article:publisher\" content=\"https:\/\/www.facebook.com\/LIAprogramme\" \/>\n<meta property=\"article:author\" content=\"https:\/\/www.facebook.com\/LIAprogramme\" \/>\n<meta property=\"article:published_time\" content=\"2020-02-03T13:42:37+00:00\" \/>\n<meta property=\"article:modified_time\" content=\"2020-02-03T14:12:39+00:00\" \/>\n<meta property=\"og:image\" content=\"https:\/\/liap.eu\/wp-content\/uploads\/2020\/01\/Portret_DanielaSchwabe3_Volkskrant_2019-984x1024.jpg\" \/>\n\t<meta property=\"og:image:width\" content=\"984\" \/>\n\t<meta property=\"og:image:height\" content=\"1024\" \/>\n\t<meta property=\"og:image:type\" content=\"image\/jpeg\" \/>\n<meta name=\"author\" content=\"LIA\" \/>\n<meta name=\"twitter:card\" content=\"summary_large_image\" \/>\n<meta name=\"twitter:label1\" content=\"Written by\" \/>\n\t<meta name=\"twitter:data1\" content=\"LIA\" \/>\n\t<meta name=\"twitter:label2\" content=\"Estimated reading time\" \/>\n\t<meta name=\"twitter:data2\" content=\"3 minutes\" \/>\n<script type=\"application\/ld+json\" class=\"yoast-schema-graph\">{\"@context\":\"https:\/\/schema.org\",\"@graph\":[{\"@type\":\"Article\",\"@id\":\"https:\/\/liap.eu\/index.php\/de\/2020\/02\/03\/daniela-schwabe-2\/#article\",\"isPartOf\":{\"@id\":\"https:\/\/liap.eu\/index.php\/de\/2020\/02\/03\/daniela-schwabe-2\/\"},\"author\":{\"name\":\"LIA\",\"@id\":\"https:\/\/liap.eu\/#\/schema\/person\/6a0bff64f73ff1a6b7e1ccb7faf58204\"},\"headline\":\"Daniela Schwabe\",\"datePublished\":\"2020-02-03T13:42:37+00:00\",\"dateModified\":\"2020-02-03T14:12:39+00:00\",\"mainEntityOfPage\":{\"@id\":\"https:\/\/liap.eu\/index.php\/de\/2020\/02\/03\/daniela-schwabe-2\/\"},\"wordCount\":672,\"publisher\":{\"@id\":\"https:\/\/liap.eu\/#organization\"},\"image\":{\"@id\":\"https:\/\/liap.eu\/index.php\/de\/2020\/02\/03\/daniela-schwabe-2\/#primaryimage\"},\"thumbnailUrl\":\"https:\/\/liap.eu\/wp-content\/uploads\/2020\/01\/Portret_DanielaSchwabe3_Volkskrant_2019-scaled.jpg\",\"articleSection\":[\"K\u00fcnstler 2020\"],\"inLanguage\":\"en-GB\"},{\"@type\":\"WebPage\",\"@id\":\"https:\/\/liap.eu\/index.php\/de\/2020\/02\/03\/daniela-schwabe-2\/\",\"url\":\"https:\/\/liap.eu\/index.php\/de\/2020\/02\/03\/daniela-schwabe-2\/\",\"name\":\"Daniela Schwabe - LIA\",\"isPartOf\":{\"@id\":\"https:\/\/liap.eu\/#website\"},\"primaryImageOfPage\":{\"@id\":\"https:\/\/liap.eu\/index.php\/de\/2020\/02\/03\/daniela-schwabe-2\/#primaryimage\"},\"image\":{\"@id\":\"https:\/\/liap.eu\/index.php\/de\/2020\/02\/03\/daniela-schwabe-2\/#primaryimage\"},\"thumbnailUrl\":\"https:\/\/liap.eu\/wp-content\/uploads\/2020\/01\/Portret_DanielaSchwabe3_Volkskrant_2019-scaled.jpg\",\"datePublished\":\"2020-02-03T13:42:37+00:00\",\"dateModified\":\"2020-02-03T14:12:39+00:00\",\"breadcrumb\":{\"@id\":\"https:\/\/liap.eu\/index.php\/de\/2020\/02\/03\/daniela-schwabe-2\/#breadcrumb\"},\"inLanguage\":\"en-GB\",\"potentialAction\":[{\"@type\":\"ReadAction\",\"target\":[\"https:\/\/liap.eu\/index.php\/de\/2020\/02\/03\/daniela-schwabe-2\/\"]}]},{\"@type\":\"ImageObject\",\"inLanguage\":\"en-GB\",\"@id\":\"https:\/\/liap.eu\/index.php\/de\/2020\/02\/03\/daniela-schwabe-2\/#primaryimage\",\"url\":\"https:\/\/liap.eu\/wp-content\/uploads\/2020\/01\/Portret_DanielaSchwabe3_Volkskrant_2019-scaled.jpg\",\"contentUrl\":\"https:\/\/liap.eu\/wp-content\/uploads\/2020\/01\/Portret_DanielaSchwabe3_Volkskrant_2019-scaled.jpg\",\"width\":2460,\"height\":2560},{\"@type\":\"BreadcrumbList\",\"@id\":\"https:\/\/liap.eu\/index.php\/de\/2020\/02\/03\/daniela-schwabe-2\/#breadcrumb\",\"itemListElement\":[{\"@type\":\"ListItem\",\"position\":1,\"name\":\"Startseite\",\"item\":\"https:\/\/liap.eu\/index.php\/de\/\"},{\"@type\":\"ListItem\",\"position\":2,\"name\":\"Daniela Schwabe\"}]},{\"@type\":\"WebSite\",\"@id\":\"https:\/\/liap.eu\/#website\",\"url\":\"https:\/\/liap.eu\/\",\"name\":\"LIA - Leipzig International Art Programme\",\"description\":\"Leipzig International Art Programme\",\"publisher\":{\"@id\":\"https:\/\/liap.eu\/#organization\"},\"potentialAction\":[{\"@type\":\"SearchAction\",\"target\":{\"@type\":\"EntryPoint\",\"urlTemplate\":\"https:\/\/liap.eu\/?s={search_term_string}\"},\"query-input\":{\"@type\":\"PropertyValueSpecification\",\"valueRequired\":true,\"valueName\":\"search_term_string\"}}],\"inLanguage\":\"en-GB\"},{\"@type\":\"Organization\",\"@id\":\"https:\/\/liap.eu\/#organization\",\"name\":\"Leipzig International Art Programme\",\"url\":\"https:\/\/liap.eu\/\",\"logo\":{\"@type\":\"ImageObject\",\"inLanguage\":\"en-GB\",\"@id\":\"https:\/\/liap.eu\/#\/schema\/logo\/image\/\",\"url\":\"https:\/\/liap.eu\/wp-content\/uploads\/2021\/11\/LIAP.jpg\",\"contentUrl\":\"https:\/\/liap.eu\/wp-content\/uploads\/2021\/11\/LIAP.jpg\",\"width\":870,\"height\":140,\"caption\":\"Leipzig International Art Programme\"},\"image\":{\"@id\":\"https:\/\/liap.eu\/#\/schema\/logo\/image\/\"},\"sameAs\":[\"https:\/\/www.facebook.com\/LIAprogramme\",\"https:\/\/www.instagram.com\/lia_programme\/\",\"https:\/\/www.youtube.com\/channel\/UCVp_APjH6wtmApuu5kWgUqA\/videos\"]},{\"@type\":\"Person\",\"@id\":\"https:\/\/liap.eu\/#\/schema\/person\/6a0bff64f73ff1a6b7e1ccb7faf58204\",\"name\":\"LIA\",\"image\":{\"@type\":\"ImageObject\",\"inLanguage\":\"en-GB\",\"@id\":\"https:\/\/liap.eu\/#\/schema\/person\/image\/\",\"url\":\"https:\/\/secure.gravatar.com\/avatar\/528cc9c6a7aa20231d89b694711fbe94?s=96&d=mm&r=g\",\"contentUrl\":\"https:\/\/secure.gravatar.com\/avatar\/528cc9c6a7aa20231d89b694711fbe94?s=96&d=mm&r=g\",\"caption\":\"LIA\"},\"sameAs\":[\"https:\/\/www.facebook.com\/LIAprogramme\",\"https:\/\/www.instagram.com\/lia_programme\/\"]}]}<\/script>\n<!-- \/ Yoast SEO plugin. -->","yoast_head_json":{"title":"Daniela Schwabe - LIA","robots":{"index":"index","follow":"follow","max-snippet":"max-snippet:-1","max-image-preview":"max-image-preview:large","max-video-preview":"max-video-preview:-1"},"canonical":"https:\/\/liap.eu\/index.php\/de\/2020\/02\/03\/daniela-schwabe-2\/","og_locale":"en_GB","og_type":"article","og_title":"Daniela Schwabe - LIA","og_description":"Zeitraum: Februar 2020 &#8211; Juni 2020 www.danielaschwabe.nl &#8220;In meiner Malpraxis untersuche ich die Auswirkungen von Geschichte und Erinnerung auf kollektiver Ebene. Ich benutze das Medium der Malerei, um eine neue Struktur f\u00fcr die Reflexion von Erinnerung und die Wirkung von Bildern auf die Art und Weise, wie Erinnerung konzipiert wird, aufzubauen. In meinen Gem\u00e4lden werden&hellip;Continue readingDaniela Schwabe","og_url":"https:\/\/liap.eu\/index.php\/de\/2020\/02\/03\/daniela-schwabe-2\/","og_site_name":"LIA","article_publisher":"https:\/\/www.facebook.com\/LIAprogramme","article_author":"https:\/\/www.facebook.com\/LIAprogramme","article_published_time":"2020-02-03T13:42:37+00:00","article_modified_time":"2020-02-03T14:12:39+00:00","og_image":[{"width":984,"height":1024,"url":"https:\/\/liap.eu\/wp-content\/uploads\/2020\/01\/Portret_DanielaSchwabe3_Volkskrant_2019-984x1024.jpg","type":"image\/jpeg"}],"author":"LIA","twitter_card":"summary_large_image","twitter_misc":{"Written by":"LIA","Estimated reading time":"3 minutes"},"schema":{"@context":"https:\/\/schema.org","@graph":[{"@type":"Article","@id":"https:\/\/liap.eu\/index.php\/de\/2020\/02\/03\/daniela-schwabe-2\/#article","isPartOf":{"@id":"https:\/\/liap.eu\/index.php\/de\/2020\/02\/03\/daniela-schwabe-2\/"},"author":{"name":"LIA","@id":"https:\/\/liap.eu\/#\/schema\/person\/6a0bff64f73ff1a6b7e1ccb7faf58204"},"headline":"Daniela Schwabe","datePublished":"2020-02-03T13:42:37+00:00","dateModified":"2020-02-03T14:12:39+00:00","mainEntityOfPage":{"@id":"https:\/\/liap.eu\/index.php\/de\/2020\/02\/03\/daniela-schwabe-2\/"},"wordCount":672,"publisher":{"@id":"https:\/\/liap.eu\/#organization"},"image":{"@id":"https:\/\/liap.eu\/index.php\/de\/2020\/02\/03\/daniela-schwabe-2\/#primaryimage"},"thumbnailUrl":"https:\/\/liap.eu\/wp-content\/uploads\/2020\/01\/Portret_DanielaSchwabe3_Volkskrant_2019-scaled.jpg","articleSection":["K\u00fcnstler 2020"],"inLanguage":"en-GB"},{"@type":"WebPage","@id":"https:\/\/liap.eu\/index.php\/de\/2020\/02\/03\/daniela-schwabe-2\/","url":"https:\/\/liap.eu\/index.php\/de\/2020\/02\/03\/daniela-schwabe-2\/","name":"Daniela Schwabe - LIA","isPartOf":{"@id":"https:\/\/liap.eu\/#website"},"primaryImageOfPage":{"@id":"https:\/\/liap.eu\/index.php\/de\/2020\/02\/03\/daniela-schwabe-2\/#primaryimage"},"image":{"@id":"https:\/\/liap.eu\/index.php\/de\/2020\/02\/03\/daniela-schwabe-2\/#primaryimage"},"thumbnailUrl":"https:\/\/liap.eu\/wp-content\/uploads\/2020\/01\/Portret_DanielaSchwabe3_Volkskrant_2019-scaled.jpg","datePublished":"2020-02-03T13:42:37+00:00","dateModified":"2020-02-03T14:12:39+00:00","breadcrumb":{"@id":"https:\/\/liap.eu\/index.php\/de\/2020\/02\/03\/daniela-schwabe-2\/#breadcrumb"},"inLanguage":"en-GB","potentialAction":[{"@type":"ReadAction","target":["https:\/\/liap.eu\/index.php\/de\/2020\/02\/03\/daniela-schwabe-2\/"]}]},{"@type":"ImageObject","inLanguage":"en-GB","@id":"https:\/\/liap.eu\/index.php\/de\/2020\/02\/03\/daniela-schwabe-2\/#primaryimage","url":"https:\/\/liap.eu\/wp-content\/uploads\/2020\/01\/Portret_DanielaSchwabe3_Volkskrant_2019-scaled.jpg","contentUrl":"https:\/\/liap.eu\/wp-content\/uploads\/2020\/01\/Portret_DanielaSchwabe3_Volkskrant_2019-scaled.jpg","width":2460,"height":2560},{"@type":"BreadcrumbList","@id":"https:\/\/liap.eu\/index.php\/de\/2020\/02\/03\/daniela-schwabe-2\/#breadcrumb","itemListElement":[{"@type":"ListItem","position":1,"name":"Startseite","item":"https:\/\/liap.eu\/index.php\/de\/"},{"@type":"ListItem","position":2,"name":"Daniela Schwabe"}]},{"@type":"WebSite","@id":"https:\/\/liap.eu\/#website","url":"https:\/\/liap.eu\/","name":"LIA - Leipzig International Art Programme","description":"Leipzig International Art Programme","publisher":{"@id":"https:\/\/liap.eu\/#organization"},"potentialAction":[{"@type":"SearchAction","target":{"@type":"EntryPoint","urlTemplate":"https:\/\/liap.eu\/?s={search_term_string}"},"query-input":{"@type":"PropertyValueSpecification","valueRequired":true,"valueName":"search_term_string"}}],"inLanguage":"en-GB"},{"@type":"Organization","@id":"https:\/\/liap.eu\/#organization","name":"Leipzig International Art Programme","url":"https:\/\/liap.eu\/","logo":{"@type":"ImageObject","inLanguage":"en-GB","@id":"https:\/\/liap.eu\/#\/schema\/logo\/image\/","url":"https:\/\/liap.eu\/wp-content\/uploads\/2021\/11\/LIAP.jpg","contentUrl":"https:\/\/liap.eu\/wp-content\/uploads\/2021\/11\/LIAP.jpg","width":870,"height":140,"caption":"Leipzig International Art Programme"},"image":{"@id":"https:\/\/liap.eu\/#\/schema\/logo\/image\/"},"sameAs":["https:\/\/www.facebook.com\/LIAprogramme","https:\/\/www.instagram.com\/lia_programme\/","https:\/\/www.youtube.com\/channel\/UCVp_APjH6wtmApuu5kWgUqA\/videos"]},{"@type":"Person","@id":"https:\/\/liap.eu\/#\/schema\/person\/6a0bff64f73ff1a6b7e1ccb7faf58204","name":"LIA","image":{"@type":"ImageObject","inLanguage":"en-GB","@id":"https:\/\/liap.eu\/#\/schema\/person\/image\/","url":"https:\/\/secure.gravatar.com\/avatar\/528cc9c6a7aa20231d89b694711fbe94?s=96&d=mm&r=g","contentUrl":"https:\/\/secure.gravatar.com\/avatar\/528cc9c6a7aa20231d89b694711fbe94?s=96&d=mm&r=g","caption":"LIA"},"sameAs":["https:\/\/www.facebook.com\/LIAprogramme","https:\/\/www.instagram.com\/lia_programme\/"]}]}},"uagb_featured_image_src":{"full":["https:\/\/liap.eu\/wp-content\/uploads\/2020\/01\/Portret_DanielaSchwabe3_Volkskrant_2019-scaled.jpg",2460,2560,false],"thumbnail":["https:\/\/liap.eu\/wp-content\/uploads\/2020\/01\/Portret_DanielaSchwabe3_Volkskrant_2019-150x150.jpg",96,96,true],"medium":["https:\/\/liap.eu\/wp-content\/uploads\/2020\/01\/Portret_DanielaSchwabe3_Volkskrant_2019-288x300.jpg",288,300,true],"medium_large":["https:\/\/liap.eu\/wp-content\/uploads\/2020\/01\/Portret_DanielaSchwabe3_Volkskrant_2019-768x799.jpg",768,799,true],"large":["https:\/\/liap.eu\/wp-content\/uploads\/2020\/01\/Portret_DanielaSchwabe3_Volkskrant_2019-984x1024.jpg",984,1024,true],"1536x1536":["https:\/\/liap.eu\/wp-content\/uploads\/2020\/01\/Portret_DanielaSchwabe3_Volkskrant_2019-1476x1536.jpg",1476,1536,true],"2048x2048":["https:\/\/liap.eu\/wp-content\/uploads\/2020\/01\/Portret_DanielaSchwabe3_Volkskrant_2019-1968x2048.jpg",1968,2048,true],"post-thumbnail":["https:\/\/liap.eu\/wp-content\/uploads\/2020\/01\/Portret_DanielaSchwabe3_Volkskrant_2019-1200x1249.jpg",1200,1249,true],"twentytwenty-fullscreen":["https:\/\/liap.eu\/wp-content\/uploads\/2020\/01\/Portret_DanielaSchwabe3_Volkskrant_2019-1980x2060.jpg",1980,2060,true]},"uagb_author_info":{"display_name":"LIA","author_link":"https:\/\/liap.eu\/index.php\/author\/bierau\/"},"uagb_comment_info":0,"uagb_excerpt":"Zeitraum: Februar 2020 &#8211; Juni 2020 www.danielaschwabe.nl &#8220;In meiner Malpraxis untersuche ich die Auswirkungen von Geschichte und Erinnerung auf kollektiver Ebene. Ich benutze das Medium der Malerei, um eine neue Struktur f\u00fcr die Reflexion von Erinnerung und die Wirkung von Bildern auf die Art und Weise, wie Erinnerung konzipiert wird, aufzubauen. In meinen Gem\u00e4lden werden&hellip;Continue&hellip;","_links":{"self":[{"href":"https:\/\/liap.eu\/index.php\/wp-json\/wp\/v2\/posts\/6129"}],"collection":[{"href":"https:\/\/liap.eu\/index.php\/wp-json\/wp\/v2\/posts"}],"about":[{"href":"https:\/\/liap.eu\/index.php\/wp-json\/wp\/v2\/types\/post"}],"author":[{"embeddable":true,"href":"https:\/\/liap.eu\/index.php\/wp-json\/wp\/v2\/users\/4"}],"replies":[{"embeddable":true,"href":"https:\/\/liap.eu\/index.php\/wp-json\/wp\/v2\/comments?post=6129"}],"version-history":[{"count":3,"href":"https:\/\/liap.eu\/index.php\/wp-json\/wp\/v2\/posts\/6129\/revisions"}],"predecessor-version":[{"id":6164,"href":"https:\/\/liap.eu\/index.php\/wp-json\/wp\/v2\/posts\/6129\/revisions\/6164"}],"wp:featuredmedia":[{"embeddable":true,"href":"https:\/\/liap.eu\/index.php\/wp-json\/wp\/v2\/media\/6064"}],"wp:attachment":[{"href":"https:\/\/liap.eu\/index.php\/wp-json\/wp\/v2\/media?parent=6129"}],"wp:term":[{"taxonomy":"category","embeddable":true,"href":"https:\/\/liap.eu\/index.php\/wp-json\/wp\/v2\/categories?post=6129"},{"taxonomy":"post_tag","embeddable":true,"href":"https:\/\/liap.eu\/index.php\/wp-json\/wp\/v2\/tags?post=6129"}],"curies":[{"name":"wp","href":"https:\/\/api.w.org\/{rel}","templated":true}]}}