{"id":6189,"date":"2020-02-04T12:23:48","date_gmt":"2020-02-04T11:23:48","guid":{"rendered":"https:\/\/liap.eu\/?p=6189"},"modified":"2020-03-25T12:35:08","modified_gmt":"2020-03-25T11:35:08","slug":"kuenstler-des-nordic-leipzig-austauschs-zu-gast-im-finnland-institut","status":"publish","type":"post","link":"https:\/\/liap.eu\/index.php\/de\/2020\/02\/04\/kuenstler-des-nordic-leipzig-austauschs-zu-gast-im-finnland-institut\/","title":{"rendered":"K\u00fcnstler des Nordic-Leipzig Austauschs zu Gast im Finnland-Institut"},"content":{"rendered":"<div class=\"entry-header-wrapper\"><\/div>\n<div class=\"entry-content\">\n<h4><strong>Das Finnland-Institut in Berlin lud zu einem Podiumsgespr\u00e4ch \u00fcber K\u00fcnstlerresidenzen, den Austausch des Goethe-Instituts \u201cNordic-Leipzig\u201d und dessen sichtbare und unsichtbare Ergebnisse<\/strong><\/h4>\n<p>Termin: 27.02.2020 um 19:00<br \/>\nOrt: Finnland-Institut, Friedrichstr. 153 a (3. OG), 10117 Berlin<\/p>\n<h4><strong>TeilnehmerInnen: <\/strong><\/h4>\n<p>Bettina Senff, Gr\u00fcnderin des Austauschprogramms Nordic-Leipzig,<br \/>\nTanja Koljonen, K\u00fcnstlerin,<br \/>\nTuukka Haapakorpi, K\u00fcnstler,<br \/>\nMaria Ondrej, Atelier f\u00fcr Radierung Leipzig,<br \/>\nModeration: Anna-Louise Rolland, Leiterin des LIA \u2013 Leipzig International Art Programme<\/p>\n<h4><strong>Information:<\/strong><\/h4>\n<p>K\u00fcnstlerresidenzen spielen eine wichtige Rolle in der globalen Kunstwelt. Residenzen k\u00f6nnen f\u00fcr K\u00fcnstler_innen eine Quelle der Inspiration sein. Sie k\u00f6nnen auch dazu dienen, die internationalen Netzwerke eines K\u00fcnstlers zu erweitern, wenn nicht gar den Kulturaustausch der Ideen \u00fcber Grenzen hinweg zu f\u00f6rdern.<\/p>\n<p>In dieser Diskussion erfuhren wir durch die Organisatoren und K\u00fcnstler_innen des Austauschprogramms Nordic-Leipzig mehr zum Thema. Warum wurde das Austauschprogramm, Teil des LIA \u2013 Leipzig International Art Programme, gegr\u00fcndet? Warum bewerben sich K\u00fcnstler_innen f\u00fcr diese Residenz? Worin bestehen die \u00e4sthetischen Ergebnisse des Austauschprogramms? Gibt es auch \u201eunsichtbare\u201d Ergebnisse, die erst langfristig zu sehen sind? Wie sieht die Zukunft von K\u00fcnstlerresidenzen im Hinblick darauf, dass das Fliegen \u00f6kologisch betrachtet problematisch f\u00fcr die Zukunft unseres Planeten ist, aus?<\/p>\n<p>Die Veranstaltung fand in englischer Sprache statt.<\/p>\n<figure id=\"attachment_6176\" class=\"wp-caption fbx-instance alignleft\"><a class=\"fbx-link\" href=\"https:\/\/liap.eu\/wp-content\/uploads\/2020\/02\/Besuch-Laura-Hirvi_Finnisches-Institut_Anna_Tanja_Tuukka_April2019.jpeg\"><img loading=\"lazy\" decoding=\"async\" class=\"crazy_lazy alignleft wp-image-6176 \" src=\"https:\/\/liap.eu\/wp-content\/uploads\/2020\/02\/Besuch-Laura-Hirvi_Finnisches-Institut_Anna_Tanja_Tuukka_April2019-1024x768.jpeg\" sizes=\"(max-width: 448px) 100vw, 448px\" srcset=\"https:\/\/liap.eu\/wp-content\/uploads\/2020\/02\/Besuch-Laura-Hirvi_Finnisches-Institut_Anna_Tanja_Tuukka_April2019.jpeg 4032w, https:\/\/liap.eu\/wp-content\/uploads\/2020\/02\/Besuch-Laura-Hirvi_Finnisches-Institut_Anna_Tanja_Tuukka_April2019-300x225.jpeg 300w, https:\/\/liap.eu\/wp-content\/uploads\/2020\/02\/Besuch-Laura-Hirvi_Finnisches-Institut_Anna_Tanja_Tuukka_April2019-768x576.jpeg 768w, https:\/\/liap.eu\/wp-content\/uploads\/2020\/02\/Besuch-Laura-Hirvi_Finnisches-Institut_Anna_Tanja_Tuukka_April2019-1024x768.jpeg 1024w\" alt=\"\" width=\"368\" height=\"276\" data-src=\"https:\/\/liap.eu\/wp-content\/uploads\/2020\/02\/Besuch-Laura-Hirvi_Finnisches-Institut_Anna_Tanja_Tuukka_April2019.jpeg\" \/><\/a><figcaption class=\"wp-caption-text\">Anna-Louise Rolland, Tanja Koljonen, Tuukka Haapakorpi, Laura Hirvi<\/figcaption><\/figure>\n<\/div>\n<p>&nbsp;<\/p>\n<p>&nbsp;<\/p>\n<p>&nbsp;<\/p>\n<p>&nbsp;<\/p>\n<p>&nbsp;<\/p>\n<p>&nbsp;<\/p>\n<p>In Kooperation mit:<\/p>\n<p><a href=\"https:\/\/liap.eu\/wp-content\/uploads\/2020\/02\/finnland-institut_logo.jpg\"><img loading=\"lazy\" decoding=\"async\" class=\"alignnone wp-image-6182\" src=\"https:\/\/liap.eu\/wp-content\/uploads\/2020\/02\/finnland-institut_logo-300x212.jpg\" alt=\"\" width=\"209\" height=\"147\" srcset=\"https:\/\/liap.eu\/wp-content\/uploads\/2020\/02\/finnland-institut_logo-300x212.jpg 300w, https:\/\/liap.eu\/wp-content\/uploads\/2020\/02\/finnland-institut_logo.jpg 311w\" sizes=\"(max-width: 209px) 100vw, 209px\" \/>\u00a0\u00a0\u00a0\u00a0\u00a0\u00a0\u00a0 <\/a><\/p>\n<p><a href=\"https:\/\/liap.eu\/wp-content\/uploads\/2018\/11\/1200px-Logo_GoetheInstitut_2011_Hintergrund.jpg\"><img loading=\"lazy\" decoding=\"async\" class=\"alignnone wp-image-5068\" src=\"https:\/\/liap.eu\/wp-content\/uploads\/2018\/11\/1200px-Logo_GoetheInstitut_2011_Hintergrund-300x158.jpg\" alt=\"\" width=\"195\" height=\"103\" srcset=\"https:\/\/liap.eu\/wp-content\/uploads\/2018\/11\/1200px-Logo_GoetheInstitut_2011_Hintergrund-300x158.jpg 300w, https:\/\/liap.eu\/wp-content\/uploads\/2018\/11\/1200px-Logo_GoetheInstitut_2011_Hintergrund-768x405.jpg 768w, https:\/\/liap.eu\/wp-content\/uploads\/2018\/11\/1200px-Logo_GoetheInstitut_2011_Hintergrund-1024x540.jpg 1024w, https:\/\/liap.eu\/wp-content\/uploads\/2018\/11\/1200px-Logo_GoetheInstitut_2011_Hintergrund.jpg 1200w\" sizes=\"(max-width: 195px) 100vw, 195px\" \/><\/a><\/p>\n<p><a href=\"https:\/\/liap.eu\/wp-content\/uploads\/2020\/01\/Atelier-fuer-Radierung-Leipzig_logo.png\"><img loading=\"lazy\" decoding=\"async\" class=\"alignnone wp-image-6002\" src=\"https:\/\/liap.eu\/wp-content\/uploads\/2020\/01\/Atelier-fuer-Radierung-Leipzig_logo-300x42.png\" alt=\"\" width=\"263\" height=\"37\" srcset=\"https:\/\/liap.eu\/wp-content\/uploads\/2020\/01\/Atelier-fuer-Radierung-Leipzig_logo-300x42.png 300w, https:\/\/liap.eu\/wp-content\/uploads\/2020\/01\/Atelier-fuer-Radierung-Leipzig_logo.png 495w\" sizes=\"(max-width: 263px) 100vw, 263px\" \/><\/a><\/p>\n","protected":false},"excerpt":{"rendered":"<p>Das Finnland-Institut in Berlin lud zu einem Podiumsgespr\u00e4ch \u00fcber K\u00fcnstlerresidenzen, den Austausch des Goethe-Instituts \u201cNordic-Leipzig\u201d und dessen sichtbare und unsichtbare Ergebnisse Termin: 27.02.2020 um 19:00 Ort: Finnland-Institut, Friedrichstr. 153 a (3. OG), 10117 Berlin TeilnehmerInnen: Bettina Senff, Gr\u00fcnderin des Austauschprogramms Nordic-Leipzig, Tanja Koljonen, K\u00fcnstlerin, Tuukka Haapakorpi, K\u00fcnstler, Maria Ondrej, Atelier f\u00fcr Radierung Leipzig, Moderation: Anna-Louise&hellip;<a href=\"https:\/\/liap.eu\/index.php\/de\/2020\/02\/04\/kuenstler-des-nordic-leipzig-austauschs-zu-gast-im-finnland-institut\/\" class=\"more-link\"><span>Continue reading<\/span><span class=\"screen-reader-text\">K\u00fcnstler des Nordic-Leipzig Austauschs zu Gast im Finnland-Institut<\/span><\/a><\/p>\n","protected":false},"author":4,"featured_media":6176,"comment_status":"closed","ping_status":"closed","sticky":false,"template":"templates\/template-full-width.php","format":"standard","meta":{"om_disable_all_campaigns":false,"_uag_custom_page_level_css":"","footnotes":""},"categories":[78],"tags":[],"class_list":["post-6189","post","type-post","status-publish","format-standard","has-post-thumbnail","hentry","category-veranstaltungen","tw-meta-no-icon"],"yoast_head":"<!-- This site is optimized with the Yoast SEO plugin v25.6 - https:\/\/yoast.com\/wordpress\/plugins\/seo\/ -->\n<title>K\u00fcnstler des Nordic-Leipzig Austauschs zu Gast im Finnland-Institut - LIA<\/title>\n<meta name=\"robots\" content=\"index, follow, max-snippet:-1, max-image-preview:large, max-video-preview:-1\" \/>\n<link rel=\"canonical\" href=\"https:\/\/liap.eu\/index.php\/de\/2020\/02\/04\/kuenstler-des-nordic-leipzig-austauschs-zu-gast-im-finnland-institut\/\" \/>\n<meta property=\"og:locale\" content=\"en_GB\" \/>\n<meta property=\"og:type\" content=\"article\" \/>\n<meta property=\"og:title\" content=\"K\u00fcnstler des Nordic-Leipzig Austauschs zu Gast im Finnland-Institut - LIA\" \/>\n<meta property=\"og:description\" content=\"Das Finnland-Institut in Berlin lud zu einem Podiumsgespr\u00e4ch \u00fcber K\u00fcnstlerresidenzen, den Austausch des Goethe-Instituts \u201cNordic-Leipzig\u201d und dessen sichtbare und unsichtbare Ergebnisse Termin: 27.02.2020 um 19:00 Ort: Finnland-Institut, Friedrichstr. 153 a (3. OG), 10117 Berlin TeilnehmerInnen: Bettina Senff, Gr\u00fcnderin des Austauschprogramms Nordic-Leipzig, Tanja Koljonen, K\u00fcnstlerin, Tuukka Haapakorpi, K\u00fcnstler, Maria Ondrej, Atelier f\u00fcr Radierung Leipzig, Moderation: Anna-Louise&hellip;Continue readingK\u00fcnstler des Nordic-Leipzig Austauschs zu Gast im Finnland-Institut\" \/>\n<meta property=\"og:url\" content=\"https:\/\/liap.eu\/index.php\/de\/2020\/02\/04\/kuenstler-des-nordic-leipzig-austauschs-zu-gast-im-finnland-institut\/\" \/>\n<meta property=\"og:site_name\" content=\"LIA\" \/>\n<meta property=\"article:publisher\" content=\"https:\/\/www.facebook.com\/LIAprogramme\" \/>\n<meta property=\"article:author\" content=\"https:\/\/www.facebook.com\/LIAprogramme\" \/>\n<meta property=\"article:published_time\" content=\"2020-02-04T11:23:48+00:00\" \/>\n<meta property=\"article:modified_time\" content=\"2020-03-25T11:35:08+00:00\" \/>\n<meta property=\"og:image\" content=\"https:\/\/liap.eu\/wp-content\/uploads\/2020\/02\/Besuch-Laura-Hirvi_Finnisches-Institut_Anna_Tanja_Tuukka_April2019-1024x768.jpeg\" \/>\n\t<meta property=\"og:image:width\" content=\"1024\" \/>\n\t<meta property=\"og:image:height\" content=\"768\" \/>\n\t<meta property=\"og:image:type\" content=\"image\/jpeg\" \/>\n<meta name=\"author\" content=\"LIA\" \/>\n<meta name=\"twitter:card\" content=\"summary_large_image\" \/>\n<meta name=\"twitter:label1\" content=\"Written by\" \/>\n\t<meta name=\"twitter:data1\" content=\"LIA\" \/>\n\t<meta name=\"twitter:label2\" content=\"Estimated reading time\" \/>\n\t<meta name=\"twitter:data2\" content=\"1 minute\" \/>\n<script type=\"application\/ld+json\" class=\"yoast-schema-graph\">{\"@context\":\"https:\/\/schema.org\",\"@graph\":[{\"@type\":\"Article\",\"@id\":\"https:\/\/liap.eu\/index.php\/de\/2020\/02\/04\/kuenstler-des-nordic-leipzig-austauschs-zu-gast-im-finnland-institut\/#article\",\"isPartOf\":{\"@id\":\"https:\/\/liap.eu\/index.php\/de\/2020\/02\/04\/kuenstler-des-nordic-leipzig-austauschs-zu-gast-im-finnland-institut\/\"},\"author\":{\"name\":\"LIA\",\"@id\":\"https:\/\/liap.eu\/#\/schema\/person\/6a0bff64f73ff1a6b7e1ccb7faf58204\"},\"headline\":\"K\u00fcnstler des Nordic-Leipzig Austauschs zu Gast im Finnland-Institut\",\"datePublished\":\"2020-02-04T11:23:48+00:00\",\"dateModified\":\"2020-03-25T11:35:08+00:00\",\"mainEntityOfPage\":{\"@id\":\"https:\/\/liap.eu\/index.php\/de\/2020\/02\/04\/kuenstler-des-nordic-leipzig-austauschs-zu-gast-im-finnland-institut\/\"},\"wordCount\":231,\"publisher\":{\"@id\":\"https:\/\/liap.eu\/#organization\"},\"image\":{\"@id\":\"https:\/\/liap.eu\/index.php\/de\/2020\/02\/04\/kuenstler-des-nordic-leipzig-austauschs-zu-gast-im-finnland-institut\/#primaryimage\"},\"thumbnailUrl\":\"https:\/\/liap.eu\/wp-content\/uploads\/2020\/02\/Besuch-Laura-Hirvi_Finnisches-Institut_Anna_Tanja_Tuukka_April2019-scaled.jpeg\",\"articleSection\":[\"Veranstaltungen\"],\"inLanguage\":\"en-GB\"},{\"@type\":\"WebPage\",\"@id\":\"https:\/\/liap.eu\/index.php\/de\/2020\/02\/04\/kuenstler-des-nordic-leipzig-austauschs-zu-gast-im-finnland-institut\/\",\"url\":\"https:\/\/liap.eu\/index.php\/de\/2020\/02\/04\/kuenstler-des-nordic-leipzig-austauschs-zu-gast-im-finnland-institut\/\",\"name\":\"K\u00fcnstler des Nordic-Leipzig Austauschs zu Gast im Finnland-Institut - LIA\",\"isPartOf\":{\"@id\":\"https:\/\/liap.eu\/#website\"},\"primaryImageOfPage\":{\"@id\":\"https:\/\/liap.eu\/index.php\/de\/2020\/02\/04\/kuenstler-des-nordic-leipzig-austauschs-zu-gast-im-finnland-institut\/#primaryimage\"},\"image\":{\"@id\":\"https:\/\/liap.eu\/index.php\/de\/2020\/02\/04\/kuenstler-des-nordic-leipzig-austauschs-zu-gast-im-finnland-institut\/#primaryimage\"},\"thumbnailUrl\":\"https:\/\/liap.eu\/wp-content\/uploads\/2020\/02\/Besuch-Laura-Hirvi_Finnisches-Institut_Anna_Tanja_Tuukka_April2019-scaled.jpeg\",\"datePublished\":\"2020-02-04T11:23:48+00:00\",\"dateModified\":\"2020-03-25T11:35:08+00:00\",\"breadcrumb\":{\"@id\":\"https:\/\/liap.eu\/index.php\/de\/2020\/02\/04\/kuenstler-des-nordic-leipzig-austauschs-zu-gast-im-finnland-institut\/#breadcrumb\"},\"inLanguage\":\"en-GB\",\"potentialAction\":[{\"@type\":\"ReadAction\",\"target\":[\"https:\/\/liap.eu\/index.php\/de\/2020\/02\/04\/kuenstler-des-nordic-leipzig-austauschs-zu-gast-im-finnland-institut\/\"]}]},{\"@type\":\"ImageObject\",\"inLanguage\":\"en-GB\",\"@id\":\"https:\/\/liap.eu\/index.php\/de\/2020\/02\/04\/kuenstler-des-nordic-leipzig-austauschs-zu-gast-im-finnland-institut\/#primaryimage\",\"url\":\"https:\/\/liap.eu\/wp-content\/uploads\/2020\/02\/Besuch-Laura-Hirvi_Finnisches-Institut_Anna_Tanja_Tuukka_April2019-scaled.jpeg\",\"contentUrl\":\"https:\/\/liap.eu\/wp-content\/uploads\/2020\/02\/Besuch-Laura-Hirvi_Finnisches-Institut_Anna_Tanja_Tuukka_April2019-scaled.jpeg\",\"width\":2560,\"height\":1920},{\"@type\":\"BreadcrumbList\",\"@id\":\"https:\/\/liap.eu\/index.php\/de\/2020\/02\/04\/kuenstler-des-nordic-leipzig-austauschs-zu-gast-im-finnland-institut\/#breadcrumb\",\"itemListElement\":[{\"@type\":\"ListItem\",\"position\":1,\"name\":\"Startseite\",\"item\":\"https:\/\/liap.eu\/index.php\/de\/\"},{\"@type\":\"ListItem\",\"position\":2,\"name\":\"K\u00fcnstler des Nordic-Leipzig Austauschs zu Gast im Finnland-Institut\"}]},{\"@type\":\"WebSite\",\"@id\":\"https:\/\/liap.eu\/#website\",\"url\":\"https:\/\/liap.eu\/\",\"name\":\"LIA - Leipzig International Art Programme\",\"description\":\"Leipzig International Art Programme\",\"publisher\":{\"@id\":\"https:\/\/liap.eu\/#organization\"},\"potentialAction\":[{\"@type\":\"SearchAction\",\"target\":{\"@type\":\"EntryPoint\",\"urlTemplate\":\"https:\/\/liap.eu\/?s={search_term_string}\"},\"query-input\":{\"@type\":\"PropertyValueSpecification\",\"valueRequired\":true,\"valueName\":\"search_term_string\"}}],\"inLanguage\":\"en-GB\"},{\"@type\":\"Organization\",\"@id\":\"https:\/\/liap.eu\/#organization\",\"name\":\"Leipzig International Art Programme\",\"url\":\"https:\/\/liap.eu\/\",\"logo\":{\"@type\":\"ImageObject\",\"inLanguage\":\"en-GB\",\"@id\":\"https:\/\/liap.eu\/#\/schema\/logo\/image\/\",\"url\":\"https:\/\/liap.eu\/wp-content\/uploads\/2021\/11\/LIAP.jpg\",\"contentUrl\":\"https:\/\/liap.eu\/wp-content\/uploads\/2021\/11\/LIAP.jpg\",\"width\":870,\"height\":140,\"caption\":\"Leipzig International Art Programme\"},\"image\":{\"@id\":\"https:\/\/liap.eu\/#\/schema\/logo\/image\/\"},\"sameAs\":[\"https:\/\/www.facebook.com\/LIAprogramme\",\"https:\/\/www.instagram.com\/lia_programme\/\",\"https:\/\/www.youtube.com\/channel\/UCVp_APjH6wtmApuu5kWgUqA\/videos\"]},{\"@type\":\"Person\",\"@id\":\"https:\/\/liap.eu\/#\/schema\/person\/6a0bff64f73ff1a6b7e1ccb7faf58204\",\"name\":\"LIA\",\"image\":{\"@type\":\"ImageObject\",\"inLanguage\":\"en-GB\",\"@id\":\"https:\/\/liap.eu\/#\/schema\/person\/image\/\",\"url\":\"https:\/\/secure.gravatar.com\/avatar\/528cc9c6a7aa20231d89b694711fbe94?s=96&d=mm&r=g\",\"contentUrl\":\"https:\/\/secure.gravatar.com\/avatar\/528cc9c6a7aa20231d89b694711fbe94?s=96&d=mm&r=g\",\"caption\":\"LIA\"},\"sameAs\":[\"https:\/\/www.facebook.com\/LIAprogramme\",\"https:\/\/www.instagram.com\/lia_programme\/\"]}]}<\/script>\n<!-- \/ Yoast SEO plugin. -->","yoast_head_json":{"title":"K\u00fcnstler des Nordic-Leipzig Austauschs zu Gast im Finnland-Institut - LIA","robots":{"index":"index","follow":"follow","max-snippet":"max-snippet:-1","max-image-preview":"max-image-preview:large","max-video-preview":"max-video-preview:-1"},"canonical":"https:\/\/liap.eu\/index.php\/de\/2020\/02\/04\/kuenstler-des-nordic-leipzig-austauschs-zu-gast-im-finnland-institut\/","og_locale":"en_GB","og_type":"article","og_title":"K\u00fcnstler des Nordic-Leipzig Austauschs zu Gast im Finnland-Institut - LIA","og_description":"Das Finnland-Institut in Berlin lud zu einem Podiumsgespr\u00e4ch \u00fcber K\u00fcnstlerresidenzen, den Austausch des Goethe-Instituts \u201cNordic-Leipzig\u201d und dessen sichtbare und unsichtbare Ergebnisse Termin: 27.02.2020 um 19:00 Ort: Finnland-Institut, Friedrichstr. 153 a (3. OG), 10117 Berlin TeilnehmerInnen: Bettina Senff, Gr\u00fcnderin des Austauschprogramms Nordic-Leipzig, Tanja Koljonen, K\u00fcnstlerin, Tuukka Haapakorpi, K\u00fcnstler, Maria Ondrej, Atelier f\u00fcr Radierung Leipzig, Moderation: Anna-Louise&hellip;Continue readingK\u00fcnstler des Nordic-Leipzig Austauschs zu Gast im Finnland-Institut","og_url":"https:\/\/liap.eu\/index.php\/de\/2020\/02\/04\/kuenstler-des-nordic-leipzig-austauschs-zu-gast-im-finnland-institut\/","og_site_name":"LIA","article_publisher":"https:\/\/www.facebook.com\/LIAprogramme","article_author":"https:\/\/www.facebook.com\/LIAprogramme","article_published_time":"2020-02-04T11:23:48+00:00","article_modified_time":"2020-03-25T11:35:08+00:00","og_image":[{"width":1024,"height":768,"url":"https:\/\/liap.eu\/wp-content\/uploads\/2020\/02\/Besuch-Laura-Hirvi_Finnisches-Institut_Anna_Tanja_Tuukka_April2019-1024x768.jpeg","type":"image\/jpeg"}],"author":"LIA","twitter_card":"summary_large_image","twitter_misc":{"Written by":"LIA","Estimated reading time":"1 minute"},"schema":{"@context":"https:\/\/schema.org","@graph":[{"@type":"Article","@id":"https:\/\/liap.eu\/index.php\/de\/2020\/02\/04\/kuenstler-des-nordic-leipzig-austauschs-zu-gast-im-finnland-institut\/#article","isPartOf":{"@id":"https:\/\/liap.eu\/index.php\/de\/2020\/02\/04\/kuenstler-des-nordic-leipzig-austauschs-zu-gast-im-finnland-institut\/"},"author":{"name":"LIA","@id":"https:\/\/liap.eu\/#\/schema\/person\/6a0bff64f73ff1a6b7e1ccb7faf58204"},"headline":"K\u00fcnstler des Nordic-Leipzig Austauschs zu Gast im Finnland-Institut","datePublished":"2020-02-04T11:23:48+00:00","dateModified":"2020-03-25T11:35:08+00:00","mainEntityOfPage":{"@id":"https:\/\/liap.eu\/index.php\/de\/2020\/02\/04\/kuenstler-des-nordic-leipzig-austauschs-zu-gast-im-finnland-institut\/"},"wordCount":231,"publisher":{"@id":"https:\/\/liap.eu\/#organization"},"image":{"@id":"https:\/\/liap.eu\/index.php\/de\/2020\/02\/04\/kuenstler-des-nordic-leipzig-austauschs-zu-gast-im-finnland-institut\/#primaryimage"},"thumbnailUrl":"https:\/\/liap.eu\/wp-content\/uploads\/2020\/02\/Besuch-Laura-Hirvi_Finnisches-Institut_Anna_Tanja_Tuukka_April2019-scaled.jpeg","articleSection":["Veranstaltungen"],"inLanguage":"en-GB"},{"@type":"WebPage","@id":"https:\/\/liap.eu\/index.php\/de\/2020\/02\/04\/kuenstler-des-nordic-leipzig-austauschs-zu-gast-im-finnland-institut\/","url":"https:\/\/liap.eu\/index.php\/de\/2020\/02\/04\/kuenstler-des-nordic-leipzig-austauschs-zu-gast-im-finnland-institut\/","name":"K\u00fcnstler des Nordic-Leipzig Austauschs zu Gast im Finnland-Institut - LIA","isPartOf":{"@id":"https:\/\/liap.eu\/#website"},"primaryImageOfPage":{"@id":"https:\/\/liap.eu\/index.php\/de\/2020\/02\/04\/kuenstler-des-nordic-leipzig-austauschs-zu-gast-im-finnland-institut\/#primaryimage"},"image":{"@id":"https:\/\/liap.eu\/index.php\/de\/2020\/02\/04\/kuenstler-des-nordic-leipzig-austauschs-zu-gast-im-finnland-institut\/#primaryimage"},"thumbnailUrl":"https:\/\/liap.eu\/wp-content\/uploads\/2020\/02\/Besuch-Laura-Hirvi_Finnisches-Institut_Anna_Tanja_Tuukka_April2019-scaled.jpeg","datePublished":"2020-02-04T11:23:48+00:00","dateModified":"2020-03-25T11:35:08+00:00","breadcrumb":{"@id":"https:\/\/liap.eu\/index.php\/de\/2020\/02\/04\/kuenstler-des-nordic-leipzig-austauschs-zu-gast-im-finnland-institut\/#breadcrumb"},"inLanguage":"en-GB","potentialAction":[{"@type":"ReadAction","target":["https:\/\/liap.eu\/index.php\/de\/2020\/02\/04\/kuenstler-des-nordic-leipzig-austauschs-zu-gast-im-finnland-institut\/"]}]},{"@type":"ImageObject","inLanguage":"en-GB","@id":"https:\/\/liap.eu\/index.php\/de\/2020\/02\/04\/kuenstler-des-nordic-leipzig-austauschs-zu-gast-im-finnland-institut\/#primaryimage","url":"https:\/\/liap.eu\/wp-content\/uploads\/2020\/02\/Besuch-Laura-Hirvi_Finnisches-Institut_Anna_Tanja_Tuukka_April2019-scaled.jpeg","contentUrl":"https:\/\/liap.eu\/wp-content\/uploads\/2020\/02\/Besuch-Laura-Hirvi_Finnisches-Institut_Anna_Tanja_Tuukka_April2019-scaled.jpeg","width":2560,"height":1920},{"@type":"BreadcrumbList","@id":"https:\/\/liap.eu\/index.php\/de\/2020\/02\/04\/kuenstler-des-nordic-leipzig-austauschs-zu-gast-im-finnland-institut\/#breadcrumb","itemListElement":[{"@type":"ListItem","position":1,"name":"Startseite","item":"https:\/\/liap.eu\/index.php\/de\/"},{"@type":"ListItem","position":2,"name":"K\u00fcnstler des Nordic-Leipzig Austauschs zu Gast im Finnland-Institut"}]},{"@type":"WebSite","@id":"https:\/\/liap.eu\/#website","url":"https:\/\/liap.eu\/","name":"LIA - Leipzig International Art Programme","description":"Leipzig International Art Programme","publisher":{"@id":"https:\/\/liap.eu\/#organization"},"potentialAction":[{"@type":"SearchAction","target":{"@type":"EntryPoint","urlTemplate":"https:\/\/liap.eu\/?s={search_term_string}"},"query-input":{"@type":"PropertyValueSpecification","valueRequired":true,"valueName":"search_term_string"}}],"inLanguage":"en-GB"},{"@type":"Organization","@id":"https:\/\/liap.eu\/#organization","name":"Leipzig International Art Programme","url":"https:\/\/liap.eu\/","logo":{"@type":"ImageObject","inLanguage":"en-GB","@id":"https:\/\/liap.eu\/#\/schema\/logo\/image\/","url":"https:\/\/liap.eu\/wp-content\/uploads\/2021\/11\/LIAP.jpg","contentUrl":"https:\/\/liap.eu\/wp-content\/uploads\/2021\/11\/LIAP.jpg","width":870,"height":140,"caption":"Leipzig International Art Programme"},"image":{"@id":"https:\/\/liap.eu\/#\/schema\/logo\/image\/"},"sameAs":["https:\/\/www.facebook.com\/LIAprogramme","https:\/\/www.instagram.com\/lia_programme\/","https:\/\/www.youtube.com\/channel\/UCVp_APjH6wtmApuu5kWgUqA\/videos"]},{"@type":"Person","@id":"https:\/\/liap.eu\/#\/schema\/person\/6a0bff64f73ff1a6b7e1ccb7faf58204","name":"LIA","image":{"@type":"ImageObject","inLanguage":"en-GB","@id":"https:\/\/liap.eu\/#\/schema\/person\/image\/","url":"https:\/\/secure.gravatar.com\/avatar\/528cc9c6a7aa20231d89b694711fbe94?s=96&d=mm&r=g","contentUrl":"https:\/\/secure.gravatar.com\/avatar\/528cc9c6a7aa20231d89b694711fbe94?s=96&d=mm&r=g","caption":"LIA"},"sameAs":["https:\/\/www.facebook.com\/LIAprogramme","https:\/\/www.instagram.com\/lia_programme\/"]}]}},"uagb_featured_image_src":{"full":["https:\/\/liap.eu\/wp-content\/uploads\/2020\/02\/Besuch-Laura-Hirvi_Finnisches-Institut_Anna_Tanja_Tuukka_April2019-scaled.jpeg",2560,1920,false],"thumbnail":["https:\/\/liap.eu\/wp-content\/uploads\/2020\/02\/Besuch-Laura-Hirvi_Finnisches-Institut_Anna_Tanja_Tuukka_April2019-150x150.jpeg",96,96,true],"medium":["https:\/\/liap.eu\/wp-content\/uploads\/2020\/02\/Besuch-Laura-Hirvi_Finnisches-Institut_Anna_Tanja_Tuukka_April2019-300x225.jpeg",300,225,true],"medium_large":["https:\/\/liap.eu\/wp-content\/uploads\/2020\/02\/Besuch-Laura-Hirvi_Finnisches-Institut_Anna_Tanja_Tuukka_April2019-768x576.jpeg",768,576,true],"large":["https:\/\/liap.eu\/wp-content\/uploads\/2020\/02\/Besuch-Laura-Hirvi_Finnisches-Institut_Anna_Tanja_Tuukka_April2019-1024x768.jpeg",1024,768,true],"1536x1536":["https:\/\/liap.eu\/wp-content\/uploads\/2020\/02\/Besuch-Laura-Hirvi_Finnisches-Institut_Anna_Tanja_Tuukka_April2019-1536x1152.jpeg",1536,1152,true],"2048x2048":["https:\/\/liap.eu\/wp-content\/uploads\/2020\/02\/Besuch-Laura-Hirvi_Finnisches-Institut_Anna_Tanja_Tuukka_April2019-2048x1536.jpeg",2048,1536,true],"post-thumbnail":["https:\/\/liap.eu\/wp-content\/uploads\/2020\/02\/Besuch-Laura-Hirvi_Finnisches-Institut_Anna_Tanja_Tuukka_April2019-1200x900.jpeg",1200,900,true],"twentytwenty-fullscreen":["https:\/\/liap.eu\/wp-content\/uploads\/2020\/02\/Besuch-Laura-Hirvi_Finnisches-Institut_Anna_Tanja_Tuukka_April2019-1980x1485.jpeg",1980,1485,true]},"uagb_author_info":{"display_name":"LIA","author_link":"https:\/\/liap.eu\/index.php\/author\/bierau\/"},"uagb_comment_info":0,"uagb_excerpt":"Das Finnland-Institut in Berlin lud zu einem Podiumsgespr\u00e4ch \u00fcber K\u00fcnstlerresidenzen, den Austausch des Goethe-Instituts \u201cNordic-Leipzig\u201d und dessen sichtbare und unsichtbare Ergebnisse Termin: 27.02.2020 um 19:00 Ort: Finnland-Institut, Friedrichstr. 153 a (3. OG), 10117 Berlin TeilnehmerInnen: Bettina Senff, Gr\u00fcnderin des Austauschprogramms Nordic-Leipzig, Tanja Koljonen, K\u00fcnstlerin, Tuukka Haapakorpi, K\u00fcnstler, Maria Ondrej, Atelier f\u00fcr Radierung Leipzig, Moderation: Anna-Louise&hellip;Continue&hellip;","_links":{"self":[{"href":"https:\/\/liap.eu\/index.php\/wp-json\/wp\/v2\/posts\/6189"}],"collection":[{"href":"https:\/\/liap.eu\/index.php\/wp-json\/wp\/v2\/posts"}],"about":[{"href":"https:\/\/liap.eu\/index.php\/wp-json\/wp\/v2\/types\/post"}],"author":[{"embeddable":true,"href":"https:\/\/liap.eu\/index.php\/wp-json\/wp\/v2\/users\/4"}],"replies":[{"embeddable":true,"href":"https:\/\/liap.eu\/index.php\/wp-json\/wp\/v2\/comments?post=6189"}],"version-history":[{"count":3,"href":"https:\/\/liap.eu\/index.php\/wp-json\/wp\/v2\/posts\/6189\/revisions"}],"predecessor-version":[{"id":6282,"href":"https:\/\/liap.eu\/index.php\/wp-json\/wp\/v2\/posts\/6189\/revisions\/6282"}],"wp:featuredmedia":[{"embeddable":true,"href":"https:\/\/liap.eu\/index.php\/wp-json\/wp\/v2\/media\/6176"}],"wp:attachment":[{"href":"https:\/\/liap.eu\/index.php\/wp-json\/wp\/v2\/media?parent=6189"}],"wp:term":[{"taxonomy":"category","embeddable":true,"href":"https:\/\/liap.eu\/index.php\/wp-json\/wp\/v2\/categories?post=6189"},{"taxonomy":"post_tag","embeddable":true,"href":"https:\/\/liap.eu\/index.php\/wp-json\/wp\/v2\/tags?post=6189"}],"curies":[{"name":"wp","href":"https:\/\/api.w.org\/{rel}","templated":true}]}}