{"id":6615,"date":"2020-06-16T13:03:04","date_gmt":"2020-06-16T11:03:04","guid":{"rendered":"https:\/\/liap.eu\/?p=6615"},"modified":"2020-07-31T14:16:26","modified_gmt":"2020-07-31T12:16:26","slug":"lia-summer-group-show-im-archiv-massiv","status":"publish","type":"post","link":"https:\/\/liap.eu\/index.php\/de\/2020\/06\/16\/lia-summer-group-show-im-archiv-massiv\/","title":{"rendered":"LIA Summer Show im archiv massiv"},"content":{"rendered":"<h4><strong>LIA Summer Show &#8220;ALPHA&amp;OMEGA&#8221; im Spinnerei archiv massiv<\/strong><\/h4>\n<h4><a href=\"https:\/\/liap.eu\/wp-content\/uploads\/2020\/06\/alpha-omega_VI.jpg\"><img loading=\"lazy\" decoding=\"async\" class=\"alignleft wp-image-6833 size-full\" src=\"https:\/\/liap.eu\/wp-content\/uploads\/2020\/06\/alpha-omega_VI.jpg\" alt=\"\" width=\"600\" height=\"600\" srcset=\"https:\/\/liap.eu\/wp-content\/uploads\/2020\/06\/alpha-omega_VI.jpg 600w, https:\/\/liap.eu\/wp-content\/uploads\/2020\/06\/alpha-omega_VI-150x150.jpg 150w, https:\/\/liap.eu\/wp-content\/uploads\/2020\/06\/alpha-omega_VI-300x300.jpg 300w\" sizes=\"(max-width: 600px) 100vw, 600px\" \/><\/a><br \/>\n<strong> Alpha &amp; Omega<\/strong><br \/>\n<strong> 17. &#8211; 25. Juli 2020<\/strong><\/h4>\n<p><strong>K\u00fcnstlerInnen:<\/strong><br \/>\n<a href=\"https:\/\/liap.eu\/index.php\/2020\/02\/03\/maria-mira-perceval-graells\/\">Perceval Graells<br \/>\n<\/a><a href=\"https:\/\/liap.eu\/index.php\/2020\/02\/03\/dylan-princ\/\">Dylan Prince<\/a><br \/>\n<a href=\"https:\/\/liap.eu\/index.php\/2020\/02\/03\/daniela-schwabe-2\/\">Daniela Schwabe<\/a><\/p>\n<p><strong>Gast:<\/strong><br \/>\n<a href=\"https:\/\/liap.eu\/index.php\/2020\/02\/03\/andrew-read-2\/\">Andrew Read<\/a><\/p>\n<h4><strong>Ort:<\/strong><\/h4>\n<p>Spinnerei archiv massiv (INFO),<br \/>\nHalle 20, Spinnereistr. 7, 04179 Leipzig<\/p>\n<h4><strong>\u00d6ffnungszeiten:<\/strong><\/h4>\n<p>Freitag, 17. Juli 2020, von 17:00 bis 22:00<br \/>\nSamstag, 18. Juli 2020, von 12:00 bis 17:00<br \/>\nMittwoch, 22. Juli 2020, von 12:00 bis 17:00<br \/>\nDonnerstag, 23. Juli 2020, von 12:00 bis 17:00<br \/>\nFreitag, 24. Juli 2020, von 12:00 bis 17:00<br \/>\nSamstag, 25. Juli 2020, von 12:00 bis 22:00<\/p>\n<h4><\/h4>\n<h4><strong>\u00dcber die K\u00fcnstlerInnen:<\/strong><\/h4>\n<h4><strong>Perceval Graells<\/strong><\/h4>\n<p><a href=\"https:\/\/liap.eu\/wp-content\/uploads\/2020\/06\/02.Cosint-ferides-II.jpg\"><img loading=\"lazy\" decoding=\"async\" class=\"alignnone wp-image-6780\" src=\"https:\/\/liap.eu\/wp-content\/uploads\/2020\/06\/02.Cosint-ferides-II-300x300.jpg\" alt=\"\" width=\"241\" height=\"241\" srcset=\"https:\/\/liap.eu\/wp-content\/uploads\/2020\/06\/02.Cosint-ferides-II-300x300.jpg 300w, https:\/\/liap.eu\/wp-content\/uploads\/2020\/06\/02.Cosint-ferides-II-150x150.jpg 150w, https:\/\/liap.eu\/wp-content\/uploads\/2020\/06\/02.Cosint-ferides-II-768x771.jpg 768w, https:\/\/liap.eu\/wp-content\/uploads\/2020\/06\/02.Cosint-ferides-II-1020x1024.jpg 1020w\" sizes=\"(max-width: 241px) 100vw, 241px\" \/><\/a> <a href=\"https:\/\/liap.eu\/wp-content\/uploads\/2020\/06\/Perceval-Graells.jpg\">\u00a0\u00a0 <img loading=\"lazy\" decoding=\"async\" class=\"alignnone wp-image-6781\" src=\"https:\/\/liap.eu\/wp-content\/uploads\/2020\/06\/Perceval-Graells-300x300.jpg\" alt=\"\" width=\"241\" height=\"241\" srcset=\"https:\/\/liap.eu\/wp-content\/uploads\/2020\/06\/Perceval-Graells-300x300.jpg 300w, https:\/\/liap.eu\/wp-content\/uploads\/2020\/06\/Perceval-Graells-150x150.jpg 150w, https:\/\/liap.eu\/wp-content\/uploads\/2020\/06\/Perceval-Graells-768x768.jpg 768w, https:\/\/liap.eu\/wp-content\/uploads\/2020\/06\/Perceval-Graells-1024x1024.jpg 1024w\" sizes=\"(max-width: 241px) 100vw, 241px\" \/>\u00a0<\/a><\/p>\n<p>Die spanische Malerin Perceval Graells verwendet in ihren Werken eine nicht beschreibende Sprache, inspiriert von Emotionen und Gef\u00fchlen. Ihre Kunst bringt ihr inneres Leben und ihre pers\u00f6nliche Vision der Welt zum Ausdruck. Die Grundlage dieses Ansatzes beruht auf dem pers\u00f6nlichen Bed\u00fcrfnis, Schmerz und Leiden durch die traditionell von Frauen ausgef\u00fchrten Gesten und Handwerksk\u00fcnsten, wie N\u00e4hen oder Stricken, in einen Zustand des Friedens und der Ruhe zu verwandeln. Sie inkorperiert dabei nicht nur das Gestische des Handwerks, sondern arbeitet es auch sichtbar in ihre Kunstwerke ein. Dadurch entsteht ein Dialog zwischen Malerei und Installation sowie zwischen K\u00fcnstler und Zuschauer. Ziel dieses Projektes ist es, beim Betrachter eine pers\u00f6nliche und psychologische Reflexion zu provozieren. Perceval Graells studierte und praktizierte Bildende Kunst in Barcelona, Mailand, Valencia, Paris und Berlin und lebt und arbeitet heute haupts\u00e4chlich in Alicante, Spanien.<\/p>\n<p><a href=\"http:\/\/www.percevalgraells.com\"><strong>Weitere Informationen \u00fcber Perceval Graells &gt;&gt;&gt;<\/strong><\/a><\/p>\n<h4><strong>Dylan Prince<\/strong><\/h4>\n<p><a href=\"https:\/\/liap.eu\/wp-content\/uploads\/2020\/06\/Dylan-Prince_studio.jpg\"><img loading=\"lazy\" decoding=\"async\" class=\"alignnone size-medium wp-image-6798\" src=\"https:\/\/liap.eu\/wp-content\/uploads\/2020\/06\/Dylan-Prince_studio-225x300.jpg\" alt=\"\" width=\"225\" height=\"300\" srcset=\"https:\/\/liap.eu\/wp-content\/uploads\/2020\/06\/Dylan-Prince_studio-225x300.jpg 225w, https:\/\/liap.eu\/wp-content\/uploads\/2020\/06\/Dylan-Prince_studio.jpg 768w\" sizes=\"(max-width: 225px) 100vw, 225px\" \/><\/a><a href=\"https:\/\/liap.eu\/wp-content\/uploads\/2020\/06\/Dylan-Prince_easel-selfie_.jpg\">\u00a0\u00a0\u00a0 <img loading=\"lazy\" decoding=\"async\" class=\"alignnone size-medium wp-image-6797\" src=\"https:\/\/liap.eu\/wp-content\/uploads\/2020\/06\/Dylan-Prince_easel-selfie_-192x300.jpg\" alt=\"\" width=\"192\" height=\"300\" srcset=\"https:\/\/liap.eu\/wp-content\/uploads\/2020\/06\/Dylan-Prince_easel-selfie_-192x300.jpg 192w, https:\/\/liap.eu\/wp-content\/uploads\/2020\/06\/Dylan-Prince_easel-selfie_.jpg 768w, https:\/\/liap.eu\/wp-content\/uploads\/2020\/06\/Dylan-Prince_easel-selfie_-655x1024.jpg 655w\" sizes=\"(max-width: 192px) 100vw, 192px\" \/>\u00a0<\/a><\/p>\n<p>Dylan Prince studierte Malerei und freies Schreiben an der School of Visual Arts in New York City, im Bereich Visual &amp; Critical Studies. Seit Februar verbringt er einen siebenmonatigen Aufenthalt im LIA, wof\u00fcr er nach seinem Abschluss ein Stipendium seiner Hochschule erhielt. In Leipzig arbeitet Dylan an mehreren Projekten, die gleichzeitig unterschiedliche Praktiken und Medien einbeziehen: Malerei, Zeichnung, Schreiben, Tontechnik und Assemblage.\u00a0 Seine Gem\u00e4lde konstruiert er stets als sich wiederholende, konzentrische Formen, die, mit dem Auge eines bessesenen Forschers, eine tiefere Wahrheit zu fassen versuchen. Der K\u00fcnstler begreift seine Kreisformen als Vehikel, als Beh\u00e4ltnisse; sie erinnern an Scans von Magnetresonanztomographien, an Petrischalen oder an naturwissenschaftliche Modelle, wie die Darstellung der Frequenzbereiche der Elektroakustik, mit welchen er auch praktisch experimentiert. Dabei beziehen sich Dylans Gem\u00e4lde zum einen direkt auf die organische Physiologie (das Selbst als \u05a6Super-Kardioide\u201d) und zum anderen auf die Makrokonsolidierung der Welt \u2013 also die Konsolidierung von Energie, Macht, Kapital und Information, als das singul\u00e4re Absolute. Seine Formensprache handelt dementsprechend vom nat\u00fcrlichen Universum und ebenso vom konstruierten Universum der Industrie und der Geopolitik.<\/p>\n<p><strong><a href=\"http:\/\/www.dylanprince.com\">Weitere Informationen \u00fcber Dylan Prince &gt;&gt;&gt;<\/a><\/strong><\/p>\n<h4><strong>Daniela Schwabe<\/strong><\/h4>\n<p><a href=\"https:\/\/liap.eu\/wp-content\/uploads\/2020\/06\/Robin_oilpaint-on-canvas_30-x-40-cm_Deep-Family-series_Daniela-Schwabe_2020.jpg\"><img loading=\"lazy\" decoding=\"async\" class=\"alignnone size-medium wp-image-6785\" src=\"https:\/\/liap.eu\/wp-content\/uploads\/2020\/06\/Robin_oilpaint-on-canvas_30-x-40-cm_Deep-Family-series_Daniela-Schwabe_2020-224x300.jpg\" alt=\"\" width=\"224\" height=\"300\" srcset=\"https:\/\/liap.eu\/wp-content\/uploads\/2020\/06\/Robin_oilpaint-on-canvas_30-x-40-cm_Deep-Family-series_Daniela-Schwabe_2020-224x300.jpg 224w, https:\/\/liap.eu\/wp-content\/uploads\/2020\/06\/Robin_oilpaint-on-canvas_30-x-40-cm_Deep-Family-series_Daniela-Schwabe_2020-768x1030.jpg 768w, https:\/\/liap.eu\/wp-content\/uploads\/2020\/06\/Robin_oilpaint-on-canvas_30-x-40-cm_Deep-Family-series_Daniela-Schwabe_2020-764x1024.jpg 764w\" sizes=\"(max-width: 224px) 100vw, 224px\" \/><\/a> \u00a0\u00a0 <a href=\"https:\/\/liap.eu\/wp-content\/uploads\/2020\/06\/Karola_oilpaint-on-canvas_30-x-40-cm_Deep-Family-series_Daniela-Schwabe_2020.jpg\"><img loading=\"lazy\" decoding=\"async\" class=\"alignnone size-medium wp-image-6782\" src=\"https:\/\/liap.eu\/wp-content\/uploads\/2020\/06\/Karola_oilpaint-on-canvas_30-x-40-cm_Deep-Family-series_Daniela-Schwabe_2020-223x300.jpg\" alt=\"\" width=\"223\" height=\"300\" srcset=\"https:\/\/liap.eu\/wp-content\/uploads\/2020\/06\/Karola_oilpaint-on-canvas_30-x-40-cm_Deep-Family-series_Daniela-Schwabe_2020-223x300.jpg 223w, https:\/\/liap.eu\/wp-content\/uploads\/2020\/06\/Karola_oilpaint-on-canvas_30-x-40-cm_Deep-Family-series_Daniela-Schwabe_2020-768x1033.jpg 768w, https:\/\/liap.eu\/wp-content\/uploads\/2020\/06\/Karola_oilpaint-on-canvas_30-x-40-cm_Deep-Family-series_Daniela-Schwabe_2020-761x1024.jpg 761w\" sizes=\"(max-width: 223px) 100vw, 223px\" \/><\/a><\/p>\n<div class=\"text-wrap tlid-copy-target\">\n<p class=\"result-shield-container tlid-copy-target\" tabindex=\"0\"><span lang=\"de\">Daniela Schwabe stellt ihre neue Gem\u00e4ldeserie DEEP FAMILY vor, die die Erforschung und Verwendung k\u00fcnstlicher Intelligenz (KI) mit Familienportr\u00e4ts ihrer Verwandten aus Deutschland und den Niederlanden kombiniert. Zusammen mit dem Designer Casper Schipper entwickelte Daniela ein KI-System, welches mit Portr\u00e4ts ihrer Familienmitglieder gespeist wird, um auf deren Basis tiefe Lernprozesse zu generieren. Nach diesem Training erstellt das KI-System Portr\u00e4ts neuer Familienmitglieder, die dann in Gem\u00e4lde umgewandelt werden. In Danielas Arbeit wird die KI als kreatives Werkzeug f\u00fcr ein neues Werk verwendet, als Dialogepartner f\u00fcr die \u00c4sthetik und Wahrnehmung dessen, was ein Portr\u00e4t ist und wie der Mensch gesehen und gemalt werden kann. Durch diesen konzeptionellen Ansatz betont Daniela Schwabe das Potenzial und die Herausforderungen neuer technologischer Entwicklungen wie der KI, die das K\u00fcnstliche und das Menschliche n\u00e4her als je zuvor zusammengebracht haben und neuronale Netze schaffen, die kreativ, intuitiv und unvorhersehbar sein k\u00f6nnen.<\/span><\/p>\n<p tabindex=\"0\"><strong><a href=\"https:\/\/danielaschwabe.nl\">Weitere Informationen \u00fcber Daniel Schwabe &gt;&gt;&gt;<\/a><\/strong><\/p>\n<p tabindex=\"0\">\n<\/div>\n<h4><strong>Andrew Read<\/strong><\/h4>\n<p><a href=\"https:\/\/liap.eu\/wp-content\/uploads\/2020\/06\/IMG_20200305_121836_499.jpg\"><img loading=\"lazy\" decoding=\"async\" class=\"alignnone size-medium wp-image-6787\" src=\"https:\/\/liap.eu\/wp-content\/uploads\/2020\/06\/IMG_20200305_121836_499-225x300.jpg\" alt=\"\" width=\"225\" height=\"300\" srcset=\"https:\/\/liap.eu\/wp-content\/uploads\/2020\/06\/IMG_20200305_121836_499-225x300.jpg 225w, https:\/\/liap.eu\/wp-content\/uploads\/2020\/06\/IMG_20200305_121836_499.jpg 750w\" sizes=\"(max-width: 225px) 100vw, 225px\" \/>\u00a0\u00a0\u00a0<\/a> <a href=\"https:\/\/liap.eu\/wp-content\/uploads\/2020\/06\/IMG_20200305_121828_244.jpg\"><img loading=\"lazy\" decoding=\"async\" class=\"alignnone size-medium wp-image-6786\" src=\"https:\/\/liap.eu\/wp-content\/uploads\/2020\/06\/IMG_20200305_121828_244-225x300.jpg\" alt=\"\" width=\"225\" height=\"300\" srcset=\"https:\/\/liap.eu\/wp-content\/uploads\/2020\/06\/IMG_20200305_121828_244-225x300.jpg 225w, https:\/\/liap.eu\/wp-content\/uploads\/2020\/06\/IMG_20200305_121828_244.jpg 750w\" sizes=\"(max-width: 225px) 100vw, 225px\" \/><\/a><\/p>\n<p>Im Februar 2020 verbrachte Andrew Read aus Melbourne, Australien, einen Monat im LIA, um einen dauerhaften Aufenthalt in Europa vorzubereiten. Die Corona-Krise kreuzte seine Pl\u00e4ne und zwang ihn, bis auf Weiteres wieder nach Australien zur\u00fcckzukehren. Wir laden ihn nun ein, an der LIA Summer Group Show teilzunehmen, um seine Serie kleiner Monoprint-Arbeiten auf Leinwand zu zeigen, die er w\u00e4hrend seiner Aufenthaltszeit im LIA hergestellt hat. Diese Serie kann als vision\u00e4re Arbeit angesehen werden, da Andrew Toilettenpapier und Papierhandt\u00fccher als gefundene Objekte verwendete, deren triviale oder lustige Grafiken und Designs ihn interessierten. Einerseits spiegeln diese Arbeiten westliche hygienische Obsessionen wider, die im Hinblick auf Hamsterk\u00e4ufe von Toilettenpapier und anderen hygienischen Produkten w\u00e4hrend der Corona-Krise um so relevanter erscheinen. Auf einer anderen Ebene zeigen diese &#8220;Toilettenpapierbilder&#8221; Andrews st\u00e4ndiges Interesse an der Fixierung von Sprache und Alltagsbildern als zeitgen\u00f6ssische visuelle Codes. Durch die Umwandlung gew\u00f6hnlicher Gegenst\u00e4nde in Kunstobjekte sowie durch Wiederholung und spielerische Dekonstruktion der Kontexte hinterfragt Andrew Read auf ironische Weise den Gebrauch und das Verst\u00e4ndnis der geschriebenen und visuellen Sprache der kapitalistischen Massenkultur &#8211; und gleichzeitig des Mediums der Malerei selbst.<\/p>\n<p><strong><a href=\"https:\/\/andrewread.org\/\">Weitere Informationen \u00fcber Andrew Read &gt;&gt;&gt;<\/a><\/strong><\/p>\n<p>&nbsp;<\/p>\n<p><em>Mit freundlicher Unterst\u00fctzung durch:<\/em><\/p>\n<p><a href=\"https:\/\/liap.eu\/wp-content\/uploads\/2018\/08\/Spinn_Logotype_col.jpg\"><img loading=\"lazy\" decoding=\"async\" class=\"alignnone wp-image-4834\" src=\"https:\/\/liap.eu\/wp-content\/uploads\/2018\/08\/Spinn_Logotype_col-300x99.jpg\" alt=\"\" width=\"267\" height=\"88\" srcset=\"https:\/\/liap.eu\/wp-content\/uploads\/2018\/08\/Spinn_Logotype_col-300x99.jpg 300w, https:\/\/liap.eu\/wp-content\/uploads\/2018\/08\/Spinn_Logotype_col-768x254.jpg 768w, https:\/\/liap.eu\/wp-content\/uploads\/2018\/08\/Spinn_Logotype_col-1024x339.jpg 1024w\" sizes=\"(max-width: 267px) 100vw, 267px\" \/><\/a><\/p>\n","protected":false},"excerpt":{"rendered":"<p>LIA Summer Show &#8220;ALPHA&amp;OMEGA&#8221; im Spinnerei archiv massiv Alpha &amp; Omega 17. &#8211; 25. Juli 2020 K\u00fcnstlerInnen: Perceval Graells Dylan Prince Daniela Schwabe Gast: Andrew Read Ort: Spinnerei archiv massiv (INFO), Halle 20, Spinnereistr. 7, 04179 Leipzig \u00d6ffnungszeiten: Freitag, 17. Juli 2020, von 17:00 bis 22:00 Samstag, 18. Juli 2020, von 12:00 bis 17:00 Mittwoch,&hellip;<a href=\"https:\/\/liap.eu\/index.php\/de\/2020\/06\/16\/lia-summer-group-show-im-archiv-massiv\/\" class=\"more-link\"><span>Continue reading<\/span><span class=\"screen-reader-text\">LIA Summer Show im archiv massiv<\/span><\/a><\/p>\n","protected":false},"author":4,"featured_media":6833,"comment_status":"closed","ping_status":"closed","sticky":false,"template":"templates\/template-full-width.php","format":"standard","meta":{"om_disable_all_campaigns":false,"_uag_custom_page_level_css":"","footnotes":""},"categories":[78],"tags":[],"class_list":["post-6615","post","type-post","status-publish","format-standard","has-post-thumbnail","hentry","category-veranstaltungen","tw-meta-no-icon"],"yoast_head":"<!-- This site is optimized with the Yoast SEO plugin v25.6 - https:\/\/yoast.com\/wordpress\/plugins\/seo\/ -->\n<title>LIA Summer Show im archiv massiv - LIA<\/title>\n<meta name=\"robots\" content=\"index, follow, max-snippet:-1, max-image-preview:large, max-video-preview:-1\" \/>\n<link rel=\"canonical\" href=\"https:\/\/liap.eu\/index.php\/de\/2020\/06\/16\/lia-summer-group-show-im-archiv-massiv\/\" \/>\n<meta property=\"og:locale\" content=\"en_GB\" \/>\n<meta property=\"og:type\" content=\"article\" \/>\n<meta property=\"og:title\" content=\"LIA Summer Show im archiv massiv - LIA\" \/>\n<meta property=\"og:description\" content=\"LIA Summer Show &#8220;ALPHA&amp;OMEGA&#8221; im Spinnerei archiv massiv Alpha &amp; Omega 17. &#8211; 25. Juli 2020 K\u00fcnstlerInnen: Perceval Graells Dylan Prince Daniela Schwabe Gast: Andrew Read Ort: Spinnerei archiv massiv (INFO), Halle 20, Spinnereistr. 7, 04179 Leipzig \u00d6ffnungszeiten: Freitag, 17. Juli 2020, von 17:00 bis 22:00 Samstag, 18. Juli 2020, von 12:00 bis 17:00 Mittwoch,&hellip;Continue readingLIA Summer Show im archiv massiv\" \/>\n<meta property=\"og:url\" content=\"https:\/\/liap.eu\/index.php\/de\/2020\/06\/16\/lia-summer-group-show-im-archiv-massiv\/\" \/>\n<meta property=\"og:site_name\" content=\"LIA\" \/>\n<meta property=\"article:publisher\" content=\"https:\/\/www.facebook.com\/LIAprogramme\" \/>\n<meta property=\"article:author\" content=\"https:\/\/www.facebook.com\/LIAprogramme\" \/>\n<meta property=\"article:published_time\" content=\"2020-06-16T11:03:04+00:00\" \/>\n<meta property=\"article:modified_time\" content=\"2020-07-31T12:16:26+00:00\" \/>\n<meta property=\"og:image\" content=\"https:\/\/liap.eu\/wp-content\/uploads\/2020\/06\/alpha-omega_VI.jpg\" \/>\n\t<meta property=\"og:image:width\" content=\"600\" \/>\n\t<meta property=\"og:image:height\" content=\"600\" \/>\n\t<meta property=\"og:image:type\" content=\"image\/jpeg\" \/>\n<meta name=\"author\" content=\"LIA\" \/>\n<meta name=\"twitter:card\" content=\"summary_large_image\" \/>\n<meta name=\"twitter:label1\" content=\"Written by\" \/>\n\t<meta name=\"twitter:data1\" content=\"LIA\" \/>\n\t<meta name=\"twitter:label2\" content=\"Estimated reading time\" \/>\n\t<meta name=\"twitter:data2\" content=\"4 minutes\" \/>\n<script type=\"application\/ld+json\" class=\"yoast-schema-graph\">{\"@context\":\"https:\/\/schema.org\",\"@graph\":[{\"@type\":\"Article\",\"@id\":\"https:\/\/liap.eu\/index.php\/de\/2020\/06\/16\/lia-summer-group-show-im-archiv-massiv\/#article\",\"isPartOf\":{\"@id\":\"https:\/\/liap.eu\/index.php\/de\/2020\/06\/16\/lia-summer-group-show-im-archiv-massiv\/\"},\"author\":{\"name\":\"LIA\",\"@id\":\"https:\/\/liap.eu\/#\/schema\/person\/6a0bff64f73ff1a6b7e1ccb7faf58204\"},\"headline\":\"LIA Summer Show im archiv massiv\",\"datePublished\":\"2020-06-16T11:03:04+00:00\",\"dateModified\":\"2020-07-31T12:16:26+00:00\",\"mainEntityOfPage\":{\"@id\":\"https:\/\/liap.eu\/index.php\/de\/2020\/06\/16\/lia-summer-group-show-im-archiv-massiv\/\"},\"wordCount\":786,\"publisher\":{\"@id\":\"https:\/\/liap.eu\/#organization\"},\"image\":{\"@id\":\"https:\/\/liap.eu\/index.php\/de\/2020\/06\/16\/lia-summer-group-show-im-archiv-massiv\/#primaryimage\"},\"thumbnailUrl\":\"https:\/\/liap.eu\/wp-content\/uploads\/2020\/06\/alpha-omega_VI.jpg\",\"articleSection\":[\"Veranstaltungen\"],\"inLanguage\":\"en-GB\"},{\"@type\":\"WebPage\",\"@id\":\"https:\/\/liap.eu\/index.php\/de\/2020\/06\/16\/lia-summer-group-show-im-archiv-massiv\/\",\"url\":\"https:\/\/liap.eu\/index.php\/de\/2020\/06\/16\/lia-summer-group-show-im-archiv-massiv\/\",\"name\":\"LIA Summer Show im archiv massiv - LIA\",\"isPartOf\":{\"@id\":\"https:\/\/liap.eu\/#website\"},\"primaryImageOfPage\":{\"@id\":\"https:\/\/liap.eu\/index.php\/de\/2020\/06\/16\/lia-summer-group-show-im-archiv-massiv\/#primaryimage\"},\"image\":{\"@id\":\"https:\/\/liap.eu\/index.php\/de\/2020\/06\/16\/lia-summer-group-show-im-archiv-massiv\/#primaryimage\"},\"thumbnailUrl\":\"https:\/\/liap.eu\/wp-content\/uploads\/2020\/06\/alpha-omega_VI.jpg\",\"datePublished\":\"2020-06-16T11:03:04+00:00\",\"dateModified\":\"2020-07-31T12:16:26+00:00\",\"breadcrumb\":{\"@id\":\"https:\/\/liap.eu\/index.php\/de\/2020\/06\/16\/lia-summer-group-show-im-archiv-massiv\/#breadcrumb\"},\"inLanguage\":\"en-GB\",\"potentialAction\":[{\"@type\":\"ReadAction\",\"target\":[\"https:\/\/liap.eu\/index.php\/de\/2020\/06\/16\/lia-summer-group-show-im-archiv-massiv\/\"]}]},{\"@type\":\"ImageObject\",\"inLanguage\":\"en-GB\",\"@id\":\"https:\/\/liap.eu\/index.php\/de\/2020\/06\/16\/lia-summer-group-show-im-archiv-massiv\/#primaryimage\",\"url\":\"https:\/\/liap.eu\/wp-content\/uploads\/2020\/06\/alpha-omega_VI.jpg\",\"contentUrl\":\"https:\/\/liap.eu\/wp-content\/uploads\/2020\/06\/alpha-omega_VI.jpg\",\"width\":600,\"height\":600},{\"@type\":\"BreadcrumbList\",\"@id\":\"https:\/\/liap.eu\/index.php\/de\/2020\/06\/16\/lia-summer-group-show-im-archiv-massiv\/#breadcrumb\",\"itemListElement\":[{\"@type\":\"ListItem\",\"position\":1,\"name\":\"Startseite\",\"item\":\"https:\/\/liap.eu\/index.php\/de\/\"},{\"@type\":\"ListItem\",\"position\":2,\"name\":\"LIA Summer Show im archiv massiv\"}]},{\"@type\":\"WebSite\",\"@id\":\"https:\/\/liap.eu\/#website\",\"url\":\"https:\/\/liap.eu\/\",\"name\":\"LIA - Leipzig International Art Programme\",\"description\":\"Leipzig International Art Programme\",\"publisher\":{\"@id\":\"https:\/\/liap.eu\/#organization\"},\"potentialAction\":[{\"@type\":\"SearchAction\",\"target\":{\"@type\":\"EntryPoint\",\"urlTemplate\":\"https:\/\/liap.eu\/?s={search_term_string}\"},\"query-input\":{\"@type\":\"PropertyValueSpecification\",\"valueRequired\":true,\"valueName\":\"search_term_string\"}}],\"inLanguage\":\"en-GB\"},{\"@type\":\"Organization\",\"@id\":\"https:\/\/liap.eu\/#organization\",\"name\":\"Leipzig International Art Programme\",\"url\":\"https:\/\/liap.eu\/\",\"logo\":{\"@type\":\"ImageObject\",\"inLanguage\":\"en-GB\",\"@id\":\"https:\/\/liap.eu\/#\/schema\/logo\/image\/\",\"url\":\"https:\/\/liap.eu\/wp-content\/uploads\/2021\/11\/LIAP.jpg\",\"contentUrl\":\"https:\/\/liap.eu\/wp-content\/uploads\/2021\/11\/LIAP.jpg\",\"width\":870,\"height\":140,\"caption\":\"Leipzig International Art Programme\"},\"image\":{\"@id\":\"https:\/\/liap.eu\/#\/schema\/logo\/image\/\"},\"sameAs\":[\"https:\/\/www.facebook.com\/LIAprogramme\",\"https:\/\/www.instagram.com\/lia_programme\/\",\"https:\/\/www.youtube.com\/channel\/UCVp_APjH6wtmApuu5kWgUqA\/videos\"]},{\"@type\":\"Person\",\"@id\":\"https:\/\/liap.eu\/#\/schema\/person\/6a0bff64f73ff1a6b7e1ccb7faf58204\",\"name\":\"LIA\",\"image\":{\"@type\":\"ImageObject\",\"inLanguage\":\"en-GB\",\"@id\":\"https:\/\/liap.eu\/#\/schema\/person\/image\/\",\"url\":\"https:\/\/secure.gravatar.com\/avatar\/528cc9c6a7aa20231d89b694711fbe94?s=96&d=mm&r=g\",\"contentUrl\":\"https:\/\/secure.gravatar.com\/avatar\/528cc9c6a7aa20231d89b694711fbe94?s=96&d=mm&r=g\",\"caption\":\"LIA\"},\"sameAs\":[\"https:\/\/www.facebook.com\/LIAprogramme\",\"https:\/\/www.instagram.com\/lia_programme\/\"]}]}<\/script>\n<!-- \/ Yoast SEO plugin. -->","yoast_head_json":{"title":"LIA Summer Show im archiv massiv - LIA","robots":{"index":"index","follow":"follow","max-snippet":"max-snippet:-1","max-image-preview":"max-image-preview:large","max-video-preview":"max-video-preview:-1"},"canonical":"https:\/\/liap.eu\/index.php\/de\/2020\/06\/16\/lia-summer-group-show-im-archiv-massiv\/","og_locale":"en_GB","og_type":"article","og_title":"LIA Summer Show im archiv massiv - LIA","og_description":"LIA Summer Show &#8220;ALPHA&amp;OMEGA&#8221; im Spinnerei archiv massiv Alpha &amp; Omega 17. &#8211; 25. Juli 2020 K\u00fcnstlerInnen: Perceval Graells Dylan Prince Daniela Schwabe Gast: Andrew Read Ort: Spinnerei archiv massiv (INFO), Halle 20, Spinnereistr. 7, 04179 Leipzig \u00d6ffnungszeiten: Freitag, 17. Juli 2020, von 17:00 bis 22:00 Samstag, 18. Juli 2020, von 12:00 bis 17:00 Mittwoch,&hellip;Continue readingLIA Summer Show im archiv massiv","og_url":"https:\/\/liap.eu\/index.php\/de\/2020\/06\/16\/lia-summer-group-show-im-archiv-massiv\/","og_site_name":"LIA","article_publisher":"https:\/\/www.facebook.com\/LIAprogramme","article_author":"https:\/\/www.facebook.com\/LIAprogramme","article_published_time":"2020-06-16T11:03:04+00:00","article_modified_time":"2020-07-31T12:16:26+00:00","og_image":[{"width":600,"height":600,"url":"https:\/\/liap.eu\/wp-content\/uploads\/2020\/06\/alpha-omega_VI.jpg","type":"image\/jpeg"}],"author":"LIA","twitter_card":"summary_large_image","twitter_misc":{"Written by":"LIA","Estimated reading time":"4 minutes"},"schema":{"@context":"https:\/\/schema.org","@graph":[{"@type":"Article","@id":"https:\/\/liap.eu\/index.php\/de\/2020\/06\/16\/lia-summer-group-show-im-archiv-massiv\/#article","isPartOf":{"@id":"https:\/\/liap.eu\/index.php\/de\/2020\/06\/16\/lia-summer-group-show-im-archiv-massiv\/"},"author":{"name":"LIA","@id":"https:\/\/liap.eu\/#\/schema\/person\/6a0bff64f73ff1a6b7e1ccb7faf58204"},"headline":"LIA Summer Show im archiv massiv","datePublished":"2020-06-16T11:03:04+00:00","dateModified":"2020-07-31T12:16:26+00:00","mainEntityOfPage":{"@id":"https:\/\/liap.eu\/index.php\/de\/2020\/06\/16\/lia-summer-group-show-im-archiv-massiv\/"},"wordCount":786,"publisher":{"@id":"https:\/\/liap.eu\/#organization"},"image":{"@id":"https:\/\/liap.eu\/index.php\/de\/2020\/06\/16\/lia-summer-group-show-im-archiv-massiv\/#primaryimage"},"thumbnailUrl":"https:\/\/liap.eu\/wp-content\/uploads\/2020\/06\/alpha-omega_VI.jpg","articleSection":["Veranstaltungen"],"inLanguage":"en-GB"},{"@type":"WebPage","@id":"https:\/\/liap.eu\/index.php\/de\/2020\/06\/16\/lia-summer-group-show-im-archiv-massiv\/","url":"https:\/\/liap.eu\/index.php\/de\/2020\/06\/16\/lia-summer-group-show-im-archiv-massiv\/","name":"LIA Summer Show im archiv massiv - LIA","isPartOf":{"@id":"https:\/\/liap.eu\/#website"},"primaryImageOfPage":{"@id":"https:\/\/liap.eu\/index.php\/de\/2020\/06\/16\/lia-summer-group-show-im-archiv-massiv\/#primaryimage"},"image":{"@id":"https:\/\/liap.eu\/index.php\/de\/2020\/06\/16\/lia-summer-group-show-im-archiv-massiv\/#primaryimage"},"thumbnailUrl":"https:\/\/liap.eu\/wp-content\/uploads\/2020\/06\/alpha-omega_VI.jpg","datePublished":"2020-06-16T11:03:04+00:00","dateModified":"2020-07-31T12:16:26+00:00","breadcrumb":{"@id":"https:\/\/liap.eu\/index.php\/de\/2020\/06\/16\/lia-summer-group-show-im-archiv-massiv\/#breadcrumb"},"inLanguage":"en-GB","potentialAction":[{"@type":"ReadAction","target":["https:\/\/liap.eu\/index.php\/de\/2020\/06\/16\/lia-summer-group-show-im-archiv-massiv\/"]}]},{"@type":"ImageObject","inLanguage":"en-GB","@id":"https:\/\/liap.eu\/index.php\/de\/2020\/06\/16\/lia-summer-group-show-im-archiv-massiv\/#primaryimage","url":"https:\/\/liap.eu\/wp-content\/uploads\/2020\/06\/alpha-omega_VI.jpg","contentUrl":"https:\/\/liap.eu\/wp-content\/uploads\/2020\/06\/alpha-omega_VI.jpg","width":600,"height":600},{"@type":"BreadcrumbList","@id":"https:\/\/liap.eu\/index.php\/de\/2020\/06\/16\/lia-summer-group-show-im-archiv-massiv\/#breadcrumb","itemListElement":[{"@type":"ListItem","position":1,"name":"Startseite","item":"https:\/\/liap.eu\/index.php\/de\/"},{"@type":"ListItem","position":2,"name":"LIA Summer Show im archiv massiv"}]},{"@type":"WebSite","@id":"https:\/\/liap.eu\/#website","url":"https:\/\/liap.eu\/","name":"LIA - Leipzig International Art Programme","description":"Leipzig International Art Programme","publisher":{"@id":"https:\/\/liap.eu\/#organization"},"potentialAction":[{"@type":"SearchAction","target":{"@type":"EntryPoint","urlTemplate":"https:\/\/liap.eu\/?s={search_term_string}"},"query-input":{"@type":"PropertyValueSpecification","valueRequired":true,"valueName":"search_term_string"}}],"inLanguage":"en-GB"},{"@type":"Organization","@id":"https:\/\/liap.eu\/#organization","name":"Leipzig International Art Programme","url":"https:\/\/liap.eu\/","logo":{"@type":"ImageObject","inLanguage":"en-GB","@id":"https:\/\/liap.eu\/#\/schema\/logo\/image\/","url":"https:\/\/liap.eu\/wp-content\/uploads\/2021\/11\/LIAP.jpg","contentUrl":"https:\/\/liap.eu\/wp-content\/uploads\/2021\/11\/LIAP.jpg","width":870,"height":140,"caption":"Leipzig International Art Programme"},"image":{"@id":"https:\/\/liap.eu\/#\/schema\/logo\/image\/"},"sameAs":["https:\/\/www.facebook.com\/LIAprogramme","https:\/\/www.instagram.com\/lia_programme\/","https:\/\/www.youtube.com\/channel\/UCVp_APjH6wtmApuu5kWgUqA\/videos"]},{"@type":"Person","@id":"https:\/\/liap.eu\/#\/schema\/person\/6a0bff64f73ff1a6b7e1ccb7faf58204","name":"LIA","image":{"@type":"ImageObject","inLanguage":"en-GB","@id":"https:\/\/liap.eu\/#\/schema\/person\/image\/","url":"https:\/\/secure.gravatar.com\/avatar\/528cc9c6a7aa20231d89b694711fbe94?s=96&d=mm&r=g","contentUrl":"https:\/\/secure.gravatar.com\/avatar\/528cc9c6a7aa20231d89b694711fbe94?s=96&d=mm&r=g","caption":"LIA"},"sameAs":["https:\/\/www.facebook.com\/LIAprogramme","https:\/\/www.instagram.com\/lia_programme\/"]}]}},"uagb_featured_image_src":{"full":["https:\/\/liap.eu\/wp-content\/uploads\/2020\/06\/alpha-omega_VI.jpg",600,600,false],"thumbnail":["https:\/\/liap.eu\/wp-content\/uploads\/2020\/06\/alpha-omega_VI-150x150.jpg",96,96,true],"medium":["https:\/\/liap.eu\/wp-content\/uploads\/2020\/06\/alpha-omega_VI-300x300.jpg",300,300,true],"medium_large":["https:\/\/liap.eu\/wp-content\/uploads\/2020\/06\/alpha-omega_VI.jpg",600,600,false],"large":["https:\/\/liap.eu\/wp-content\/uploads\/2020\/06\/alpha-omega_VI.jpg",600,600,false],"1536x1536":["https:\/\/liap.eu\/wp-content\/uploads\/2020\/06\/alpha-omega_VI.jpg",600,600,false],"2048x2048":["https:\/\/liap.eu\/wp-content\/uploads\/2020\/06\/alpha-omega_VI.jpg",600,600,false],"post-thumbnail":["https:\/\/liap.eu\/wp-content\/uploads\/2020\/06\/alpha-omega_VI.jpg",600,600,false],"twentytwenty-fullscreen":["https:\/\/liap.eu\/wp-content\/uploads\/2020\/06\/alpha-omega_VI.jpg",600,600,false]},"uagb_author_info":{"display_name":"LIA","author_link":"https:\/\/liap.eu\/index.php\/author\/bierau\/"},"uagb_comment_info":0,"uagb_excerpt":"LIA Summer Show &#8220;ALPHA&amp;OMEGA&#8221; im Spinnerei archiv massiv Alpha &amp; Omega 17. &#8211; 25. Juli 2020 K\u00fcnstlerInnen: Perceval Graells Dylan Prince Daniela Schwabe Gast: Andrew Read Ort: Spinnerei archiv massiv (INFO), Halle 20, Spinnereistr. 7, 04179 Leipzig \u00d6ffnungszeiten: Freitag, 17. Juli 2020, von 17:00 bis 22:00 Samstag, 18. Juli 2020, von 12:00 bis 17:00 Mittwoch,&hellip;Continue&hellip;","_links":{"self":[{"href":"https:\/\/liap.eu\/index.php\/wp-json\/wp\/v2\/posts\/6615"}],"collection":[{"href":"https:\/\/liap.eu\/index.php\/wp-json\/wp\/v2\/posts"}],"about":[{"href":"https:\/\/liap.eu\/index.php\/wp-json\/wp\/v2\/types\/post"}],"author":[{"embeddable":true,"href":"https:\/\/liap.eu\/index.php\/wp-json\/wp\/v2\/users\/4"}],"replies":[{"embeddable":true,"href":"https:\/\/liap.eu\/index.php\/wp-json\/wp\/v2\/comments?post=6615"}],"version-history":[{"count":19,"href":"https:\/\/liap.eu\/index.php\/wp-json\/wp\/v2\/posts\/6615\/revisions"}],"predecessor-version":[{"id":6816,"href":"https:\/\/liap.eu\/index.php\/wp-json\/wp\/v2\/posts\/6615\/revisions\/6816"}],"wp:featuredmedia":[{"embeddable":true,"href":"https:\/\/liap.eu\/index.php\/wp-json\/wp\/v2\/media\/6833"}],"wp:attachment":[{"href":"https:\/\/liap.eu\/index.php\/wp-json\/wp\/v2\/media?parent=6615"}],"wp:term":[{"taxonomy":"category","embeddable":true,"href":"https:\/\/liap.eu\/index.php\/wp-json\/wp\/v2\/categories?post=6615"},{"taxonomy":"post_tag","embeddable":true,"href":"https:\/\/liap.eu\/index.php\/wp-json\/wp\/v2\/tags?post=6615"}],"curies":[{"name":"wp","href":"https:\/\/api.w.org\/{rel}","templated":true}]}}