{"id":6892,"date":"2020-08-04T18:55:31","date_gmt":"2020-08-04T16:55:31","guid":{"rendered":"https:\/\/liap.eu\/?p=6892"},"modified":"2020-08-07T14:13:30","modified_gmt":"2020-08-07T12:13:30","slug":"abdallah-karkout-2","status":"publish","type":"post","link":"https:\/\/liap.eu\/index.php\/de\/2020\/08\/04\/abdallah-karkout-2\/","title":{"rendered":"Abdallah Karkout"},"content":{"rendered":"<p><em>Zeitraum: August 2020<\/em><\/p>\n<p><a href=\"https:\/\/liap.eu\/wp-content\/uploads\/2020\/08\/Untitled-Mixed-media-on-panel-160x180cm.jpg\"><img loading=\"lazy\" decoding=\"async\" class=\"alignnone wp-image-6890\" src=\"https:\/\/liap.eu\/wp-content\/uploads\/2020\/08\/Untitled-Mixed-media-on-panel-160x180cm-300x199.jpg\" alt=\"\" width=\"370\" height=\"245\" srcset=\"https:\/\/liap.eu\/wp-content\/uploads\/2020\/08\/Untitled-Mixed-media-on-panel-160x180cm-300x199.jpg 300w, https:\/\/liap.eu\/wp-content\/uploads\/2020\/08\/Untitled-Mixed-media-on-panel-160x180cm-768x508.jpg 768w, https:\/\/liap.eu\/wp-content\/uploads\/2020\/08\/Untitled-Mixed-media-on-panel-160x180cm-1024x678.jpg 1024w\" sizes=\"(max-width: 370px) 100vw, 370px\" \/><\/a><\/p>\n<p><a href=\"https:\/\/abdallahkarkout.wixsite.com\/portfolio\" target=\"_blank\" rel=\"noopener\"><strong>www.abdallahkarkout.wixsite.com<\/strong><\/a><\/p>\n<p>Abdallah Karkout ist ein erfahrener experimenteller K\u00fcnstler, der seit vielen Jahren Atelier-Workshops und Universit\u00e4tskurse praktiziert und leitet und Vortr\u00e4ge h\u00e4lt. Von der Theorie bis hin zu Materialien und Techniken deckt Abdallahs Praxis und Lehre ein breites Spektrum von Genres ab: Zeichnen, Malerei, Druckgrafik, Skulptur und Musik. Als Teil eines wachsenden kollektiven Kulturprojekts erweitert er sein Atelierprojekt &#8220;Marsam&#8221;, das seit (2004) im Nahen Osten etabliert ist. Es wendet eine speziell entwickelte Methode an, die f\u00fcr Kunststudenten auf allen Erfahrungsebenen bestimmt ist, und strebt die Schaffung eines alternativen Kulturraums au\u00dferhalb der konventionellen Sph\u00e4re und unabh\u00e4ngig vom Ort des &#8220;Kunstmarktes&#8221; und den lokalen institutionellen Beh\u00f6rden an. Ziel ist es, Wissen und Freude an der Forschung mit Lehrlingen und Kollegen zu teilen. &#8220;Die Idee des &#8216;K\u00fcnstlers&#8217; in seinem modernen Sinn im Nahen Osten ist eine &#8216;verwestlichte&#8217; Idee, die mit der Kolonialisierung der Kultur einherging und von einer Klasse der supremacistischen Bourgeoisie \u00fcbernommen wurde. Das hat zur Entfremdung der Kunst von ihrer nat\u00fcrlichen &#8220;organischen&#8221; Umgebung beigetragen. Er stammt aus der Akultur, die Visionen und Bilder in der Sprache des Alltagslebens beinhaltet. Die arabische Sprache hat von Natur aus eine poetische Qualit\u00e4t. Historisch gesehen spielte die Poesie in der arabischen Kultur eine wichtige Rolle, und ein Dichter zu sein, galt als eine sehr wichtige F\u00e4higkeit, die ein Mensch besitzen muss. Deshalb wurde diese Kunst in den Slip der Menschen eingewoben und mit Bildern und Darstellungen bereichert. Daraus entstand eine asensorische Sprache, und ein unmittelbares Wechselspiel zwischen dieser Sprache und der Vorstellungskraft w\u00fcrde entstehen, wenn eine Person (oder ein Dichter) aktuelle Erfahrungen reflektieren muss. Trotz der m\u00f6glichen analogen Beziehung zwischen den erz\u00e4hlerischen Elementen und den visuellen Elementen einer gegebenen Erfahrung ist eine visuelle Erfahrung immer noch autonom und v\u00f6llig unabh\u00e4ngig, wobei dem ges\u00e4ten visuellen Element die Priorit\u00e4t einger\u00e4umt wird. Eine visuelle Erfahrung interessiert sich zwar wie f\u00fcr die Oberfl\u00e4che des beobachteten Objekts (des Erlebten), aber noch mehr f\u00fcr die innere Konstanz des Objekts. Es ist eine Erfahrung, die jenseits des Sehens liegt. Es ist die nat\u00fcrliche Folge der Interaktion der an der Erfahrung beteiligten menschlichen Sinne. Sie besch\u00e4ftigt sich mit dem Subjektiven als einer Reflexion des Objektiven, aber ausgehend vom Subjektiven. Es sucht das Objektive (die Quelle), kommt als neue Reflexion wieder, gelangt auf eine neue subjektive Ebene, wo das Subjektive beginnt, mit dem Objektiven durch eine unendliche Reihe von Spiegelprozessen zwischen den beiden zu verschmelzen.<\/p>\n<p>Ein Dichter sagte einmal: &#8220;Die Poesie ist die Eliminierung des Gesprochenen&#8221;. Dementsprechend ist der Akt der Herstellung oder des Schaffens des Bildes eine Aktivit\u00e4t, durch die der Sch\u00f6pfer den Zuh\u00f6rer oder den Betrachter einl\u00e4dt, sich zu etablieren.<\/p>\n<p>&#8220;Denn ich war schon immer fasziniert vom &#8221;Unerz\u00e4hlten&#8221;. F\u00fcr mich ist das Besondere an einer Sprache nicht das, was man sagt, wenn man diese Sprache benutzt, sondern das, was man nicht sagt, was ihr ihre einzigartige Qualit\u00e4t verleiht&#8221;.<\/p>\n<p><strong>LEBENSLAUF<\/strong><\/p>\n<p><strong>LEHRERFAHRUNG<\/strong><br \/>\nTeaching at The Faculty of Fine Arts, Damascus University<br \/>\n(2013) Contributed in establishing the practical curriculums forthe Faculty of Fine Arts in Swaida,<br \/>\nDamascus University<br \/>\n(since 2004) Teaching music, drawing, painting, printmaking and sculpture at \u201cMarsam\u201d studio project in Syria, Dubai and other places<br \/>\n(since 2015) Directing \u201cMarsam\u201d online art educational platform<br \/>\n(2015\u20132016)\u00a0 Freelancer artist,art teacher and lecturer in U.A.E<br \/>\n(since 2015) Art educator, instructor and lecturer in Sweden and Germany<br \/>\n(2017) Residency and Exhibition at KKV, <em>Bohusl\u00e4n A member in Konstn\u00e4rernas Kollektivverkstad Bohusl\u00e4n<\/em><br \/>\n(2018) Head teacher, The Art School in N\u00e5s, Dalarna, Sweden<br \/>\n(2019) Academy of Fine Arts HGB, Leipzig. \u201cAuthenticity, Authority, Artist\u201d<\/p>\n<p><strong>AUSSTELLUNGEN<\/strong><br \/>\n(2004) French Cultural Centre in Damascus, exhibition of the workshop with the French artist Pierre Palas\u00a0 on Mural Painting<br \/>\n(2005,2007,2011) Arab Cultural Centre, three collective exhibitions ,Swaida<br \/>\n(2006) French Cultural Week in Swaida, joint exhibition<br \/>\n(2007) Faculty of Fine Arts, Damascus,<br \/>\n(2008) The First Exhibition for Graduates French Cultural Centrein Damascus, collective exhibition<br \/>\n(2008) Goethe Institute in Damascus, exhibition of the workshop on Constructing and Assembling done with the German artist Ernest Hesse<br \/>\n(2009)\u00a0Arabic Cultural Centrein Mazza, Damascus, exhibitionfortheUNDP<br \/>\n(2012) Marsam Studio, Swaida, solo exhibition<br \/>\n(2017) Stensalen KKV Bohusl\u00e4n, Sweden<br \/>\n(2017) Glasgalleriet, Ludvica, Sweden<br \/>\n(2018) Mora Kulturhus, Sweden, Solo exhibition<\/p>\n<p>&nbsp;<\/p>\n<p>&nbsp;<\/p>\n","protected":false},"excerpt":{"rendered":"<p>Zeitraum: August 2020 www.abdallahkarkout.wixsite.com Abdallah Karkout ist ein erfahrener experimenteller K\u00fcnstler, der seit vielen Jahren Atelier-Workshops und Universit\u00e4tskurse praktiziert und leitet und Vortr\u00e4ge h\u00e4lt. Von der Theorie bis hin zu Materialien und Techniken deckt Abdallahs Praxis und Lehre ein breites Spektrum von Genres ab: Zeichnen, Malerei, Druckgrafik, Skulptur und Musik. Als Teil eines wachsenden kollektiven&hellip;<a href=\"https:\/\/liap.eu\/index.php\/de\/2020\/08\/04\/abdallah-karkout-2\/\" class=\"more-link\"><span>Continue reading<\/span><span class=\"screen-reader-text\">Abdallah Karkout<\/span><\/a><\/p>\n","protected":false},"author":4,"featured_media":6889,"comment_status":"closed","ping_status":"closed","sticky":false,"template":"templates\/template-full-width.php","format":"standard","meta":{"om_disable_all_campaigns":false,"_uag_custom_page_level_css":"","footnotes":""},"categories":[21,474],"tags":[],"class_list":["post-6892","post","type-post","status-publish","format-standard","has-post-thumbnail","hentry","category-kuenstler","category-kuenstler-2020","tw-meta-no-icon"],"yoast_head":"<!-- This site is optimized with the Yoast SEO plugin v25.6 - https:\/\/yoast.com\/wordpress\/plugins\/seo\/ -->\n<title>Abdallah Karkout - LIA<\/title>\n<meta name=\"robots\" content=\"index, follow, max-snippet:-1, max-image-preview:large, max-video-preview:-1\" \/>\n<link rel=\"canonical\" href=\"https:\/\/liap.eu\/index.php\/de\/2020\/08\/04\/abdallah-karkout-2\/\" \/>\n<meta property=\"og:locale\" content=\"en_GB\" \/>\n<meta property=\"og:type\" content=\"article\" \/>\n<meta property=\"og:title\" content=\"Abdallah Karkout - LIA\" \/>\n<meta property=\"og:description\" content=\"Zeitraum: August 2020 www.abdallahkarkout.wixsite.com Abdallah Karkout ist ein erfahrener experimenteller K\u00fcnstler, der seit vielen Jahren Atelier-Workshops und Universit\u00e4tskurse praktiziert und leitet und Vortr\u00e4ge h\u00e4lt. Von der Theorie bis hin zu Materialien und Techniken deckt Abdallahs Praxis und Lehre ein breites Spektrum von Genres ab: Zeichnen, Malerei, Druckgrafik, Skulptur und Musik. Als Teil eines wachsenden kollektiven&hellip;Continue readingAbdallah Karkout\" \/>\n<meta property=\"og:url\" content=\"https:\/\/liap.eu\/index.php\/de\/2020\/08\/04\/abdallah-karkout-2\/\" \/>\n<meta property=\"og:site_name\" content=\"LIA\" \/>\n<meta property=\"article:publisher\" content=\"https:\/\/www.facebook.com\/LIAprogramme\" \/>\n<meta property=\"article:author\" content=\"https:\/\/www.facebook.com\/LIAprogramme\" \/>\n<meta property=\"article:published_time\" content=\"2020-08-04T16:55:31+00:00\" \/>\n<meta property=\"article:modified_time\" content=\"2020-08-07T12:13:30+00:00\" \/>\n<meta property=\"og:image\" content=\"https:\/\/liap.eu\/wp-content\/uploads\/2020\/08\/Abdallah-Karkout-Portrait.jpg\" \/>\n\t<meta property=\"og:image:width\" content=\"1600\" \/>\n\t<meta property=\"og:image:height\" content=\"1142\" \/>\n\t<meta property=\"og:image:type\" content=\"image\/jpeg\" \/>\n<meta name=\"author\" content=\"LIA\" \/>\n<meta name=\"twitter:card\" content=\"summary_large_image\" \/>\n<meta name=\"twitter:label1\" content=\"Written by\" \/>\n\t<meta name=\"twitter:data1\" content=\"LIA\" \/>\n\t<meta name=\"twitter:label2\" content=\"Estimated reading time\" \/>\n\t<meta name=\"twitter:data2\" content=\"4 minutes\" \/>\n<script type=\"application\/ld+json\" class=\"yoast-schema-graph\">{\"@context\":\"https:\/\/schema.org\",\"@graph\":[{\"@type\":\"Article\",\"@id\":\"https:\/\/liap.eu\/index.php\/de\/2020\/08\/04\/abdallah-karkout-2\/#article\",\"isPartOf\":{\"@id\":\"https:\/\/liap.eu\/index.php\/de\/2020\/08\/04\/abdallah-karkout-2\/\"},\"author\":{\"name\":\"LIA\",\"@id\":\"https:\/\/liap.eu\/#\/schema\/person\/6a0bff64f73ff1a6b7e1ccb7faf58204\"},\"headline\":\"Abdallah Karkout\",\"datePublished\":\"2020-08-04T16:55:31+00:00\",\"dateModified\":\"2020-08-07T12:13:30+00:00\",\"mainEntityOfPage\":{\"@id\":\"https:\/\/liap.eu\/index.php\/de\/2020\/08\/04\/abdallah-karkout-2\/\"},\"wordCount\":703,\"publisher\":{\"@id\":\"https:\/\/liap.eu\/#organization\"},\"image\":{\"@id\":\"https:\/\/liap.eu\/index.php\/de\/2020\/08\/04\/abdallah-karkout-2\/#primaryimage\"},\"thumbnailUrl\":\"https:\/\/liap.eu\/wp-content\/uploads\/2020\/08\/Abdallah-Karkout-Portrait.jpg\",\"articleSection\":[\"K\u00fcnstler\",\"K\u00fcnstler 2020\"],\"inLanguage\":\"en-GB\"},{\"@type\":\"WebPage\",\"@id\":\"https:\/\/liap.eu\/index.php\/de\/2020\/08\/04\/abdallah-karkout-2\/\",\"url\":\"https:\/\/liap.eu\/index.php\/de\/2020\/08\/04\/abdallah-karkout-2\/\",\"name\":\"Abdallah Karkout - LIA\",\"isPartOf\":{\"@id\":\"https:\/\/liap.eu\/#website\"},\"primaryImageOfPage\":{\"@id\":\"https:\/\/liap.eu\/index.php\/de\/2020\/08\/04\/abdallah-karkout-2\/#primaryimage\"},\"image\":{\"@id\":\"https:\/\/liap.eu\/index.php\/de\/2020\/08\/04\/abdallah-karkout-2\/#primaryimage\"},\"thumbnailUrl\":\"https:\/\/liap.eu\/wp-content\/uploads\/2020\/08\/Abdallah-Karkout-Portrait.jpg\",\"datePublished\":\"2020-08-04T16:55:31+00:00\",\"dateModified\":\"2020-08-07T12:13:30+00:00\",\"breadcrumb\":{\"@id\":\"https:\/\/liap.eu\/index.php\/de\/2020\/08\/04\/abdallah-karkout-2\/#breadcrumb\"},\"inLanguage\":\"en-GB\",\"potentialAction\":[{\"@type\":\"ReadAction\",\"target\":[\"https:\/\/liap.eu\/index.php\/de\/2020\/08\/04\/abdallah-karkout-2\/\"]}]},{\"@type\":\"ImageObject\",\"inLanguage\":\"en-GB\",\"@id\":\"https:\/\/liap.eu\/index.php\/de\/2020\/08\/04\/abdallah-karkout-2\/#primaryimage\",\"url\":\"https:\/\/liap.eu\/wp-content\/uploads\/2020\/08\/Abdallah-Karkout-Portrait.jpg\",\"contentUrl\":\"https:\/\/liap.eu\/wp-content\/uploads\/2020\/08\/Abdallah-Karkout-Portrait.jpg\",\"width\":1600,\"height\":1142},{\"@type\":\"BreadcrumbList\",\"@id\":\"https:\/\/liap.eu\/index.php\/de\/2020\/08\/04\/abdallah-karkout-2\/#breadcrumb\",\"itemListElement\":[{\"@type\":\"ListItem\",\"position\":1,\"name\":\"Startseite\",\"item\":\"https:\/\/liap.eu\/index.php\/de\/\"},{\"@type\":\"ListItem\",\"position\":2,\"name\":\"Abdallah Karkout\"}]},{\"@type\":\"WebSite\",\"@id\":\"https:\/\/liap.eu\/#website\",\"url\":\"https:\/\/liap.eu\/\",\"name\":\"LIA - Leipzig International Art Programme\",\"description\":\"Leipzig International Art Programme\",\"publisher\":{\"@id\":\"https:\/\/liap.eu\/#organization\"},\"potentialAction\":[{\"@type\":\"SearchAction\",\"target\":{\"@type\":\"EntryPoint\",\"urlTemplate\":\"https:\/\/liap.eu\/?s={search_term_string}\"},\"query-input\":{\"@type\":\"PropertyValueSpecification\",\"valueRequired\":true,\"valueName\":\"search_term_string\"}}],\"inLanguage\":\"en-GB\"},{\"@type\":\"Organization\",\"@id\":\"https:\/\/liap.eu\/#organization\",\"name\":\"Leipzig International Art Programme\",\"url\":\"https:\/\/liap.eu\/\",\"logo\":{\"@type\":\"ImageObject\",\"inLanguage\":\"en-GB\",\"@id\":\"https:\/\/liap.eu\/#\/schema\/logo\/image\/\",\"url\":\"https:\/\/liap.eu\/wp-content\/uploads\/2021\/11\/LIAP.jpg\",\"contentUrl\":\"https:\/\/liap.eu\/wp-content\/uploads\/2021\/11\/LIAP.jpg\",\"width\":870,\"height\":140,\"caption\":\"Leipzig International Art Programme\"},\"image\":{\"@id\":\"https:\/\/liap.eu\/#\/schema\/logo\/image\/\"},\"sameAs\":[\"https:\/\/www.facebook.com\/LIAprogramme\",\"https:\/\/www.instagram.com\/lia_programme\/\",\"https:\/\/www.youtube.com\/channel\/UCVp_APjH6wtmApuu5kWgUqA\/videos\"]},{\"@type\":\"Person\",\"@id\":\"https:\/\/liap.eu\/#\/schema\/person\/6a0bff64f73ff1a6b7e1ccb7faf58204\",\"name\":\"LIA\",\"image\":{\"@type\":\"ImageObject\",\"inLanguage\":\"en-GB\",\"@id\":\"https:\/\/liap.eu\/#\/schema\/person\/image\/\",\"url\":\"https:\/\/secure.gravatar.com\/avatar\/528cc9c6a7aa20231d89b694711fbe94?s=96&d=mm&r=g\",\"contentUrl\":\"https:\/\/secure.gravatar.com\/avatar\/528cc9c6a7aa20231d89b694711fbe94?s=96&d=mm&r=g\",\"caption\":\"LIA\"},\"sameAs\":[\"https:\/\/www.facebook.com\/LIAprogramme\",\"https:\/\/www.instagram.com\/lia_programme\/\"]}]}<\/script>\n<!-- \/ Yoast SEO plugin. -->","yoast_head_json":{"title":"Abdallah Karkout - LIA","robots":{"index":"index","follow":"follow","max-snippet":"max-snippet:-1","max-image-preview":"max-image-preview:large","max-video-preview":"max-video-preview:-1"},"canonical":"https:\/\/liap.eu\/index.php\/de\/2020\/08\/04\/abdallah-karkout-2\/","og_locale":"en_GB","og_type":"article","og_title":"Abdallah Karkout - LIA","og_description":"Zeitraum: August 2020 www.abdallahkarkout.wixsite.com Abdallah Karkout ist ein erfahrener experimenteller K\u00fcnstler, der seit vielen Jahren Atelier-Workshops und Universit\u00e4tskurse praktiziert und leitet und Vortr\u00e4ge h\u00e4lt. Von der Theorie bis hin zu Materialien und Techniken deckt Abdallahs Praxis und Lehre ein breites Spektrum von Genres ab: Zeichnen, Malerei, Druckgrafik, Skulptur und Musik. Als Teil eines wachsenden kollektiven&hellip;Continue readingAbdallah Karkout","og_url":"https:\/\/liap.eu\/index.php\/de\/2020\/08\/04\/abdallah-karkout-2\/","og_site_name":"LIA","article_publisher":"https:\/\/www.facebook.com\/LIAprogramme","article_author":"https:\/\/www.facebook.com\/LIAprogramme","article_published_time":"2020-08-04T16:55:31+00:00","article_modified_time":"2020-08-07T12:13:30+00:00","og_image":[{"width":1600,"height":1142,"url":"https:\/\/liap.eu\/wp-content\/uploads\/2020\/08\/Abdallah-Karkout-Portrait.jpg","type":"image\/jpeg"}],"author":"LIA","twitter_card":"summary_large_image","twitter_misc":{"Written by":"LIA","Estimated reading time":"4 minutes"},"schema":{"@context":"https:\/\/schema.org","@graph":[{"@type":"Article","@id":"https:\/\/liap.eu\/index.php\/de\/2020\/08\/04\/abdallah-karkout-2\/#article","isPartOf":{"@id":"https:\/\/liap.eu\/index.php\/de\/2020\/08\/04\/abdallah-karkout-2\/"},"author":{"name":"LIA","@id":"https:\/\/liap.eu\/#\/schema\/person\/6a0bff64f73ff1a6b7e1ccb7faf58204"},"headline":"Abdallah Karkout","datePublished":"2020-08-04T16:55:31+00:00","dateModified":"2020-08-07T12:13:30+00:00","mainEntityOfPage":{"@id":"https:\/\/liap.eu\/index.php\/de\/2020\/08\/04\/abdallah-karkout-2\/"},"wordCount":703,"publisher":{"@id":"https:\/\/liap.eu\/#organization"},"image":{"@id":"https:\/\/liap.eu\/index.php\/de\/2020\/08\/04\/abdallah-karkout-2\/#primaryimage"},"thumbnailUrl":"https:\/\/liap.eu\/wp-content\/uploads\/2020\/08\/Abdallah-Karkout-Portrait.jpg","articleSection":["K\u00fcnstler","K\u00fcnstler 2020"],"inLanguage":"en-GB"},{"@type":"WebPage","@id":"https:\/\/liap.eu\/index.php\/de\/2020\/08\/04\/abdallah-karkout-2\/","url":"https:\/\/liap.eu\/index.php\/de\/2020\/08\/04\/abdallah-karkout-2\/","name":"Abdallah Karkout - LIA","isPartOf":{"@id":"https:\/\/liap.eu\/#website"},"primaryImageOfPage":{"@id":"https:\/\/liap.eu\/index.php\/de\/2020\/08\/04\/abdallah-karkout-2\/#primaryimage"},"image":{"@id":"https:\/\/liap.eu\/index.php\/de\/2020\/08\/04\/abdallah-karkout-2\/#primaryimage"},"thumbnailUrl":"https:\/\/liap.eu\/wp-content\/uploads\/2020\/08\/Abdallah-Karkout-Portrait.jpg","datePublished":"2020-08-04T16:55:31+00:00","dateModified":"2020-08-07T12:13:30+00:00","breadcrumb":{"@id":"https:\/\/liap.eu\/index.php\/de\/2020\/08\/04\/abdallah-karkout-2\/#breadcrumb"},"inLanguage":"en-GB","potentialAction":[{"@type":"ReadAction","target":["https:\/\/liap.eu\/index.php\/de\/2020\/08\/04\/abdallah-karkout-2\/"]}]},{"@type":"ImageObject","inLanguage":"en-GB","@id":"https:\/\/liap.eu\/index.php\/de\/2020\/08\/04\/abdallah-karkout-2\/#primaryimage","url":"https:\/\/liap.eu\/wp-content\/uploads\/2020\/08\/Abdallah-Karkout-Portrait.jpg","contentUrl":"https:\/\/liap.eu\/wp-content\/uploads\/2020\/08\/Abdallah-Karkout-Portrait.jpg","width":1600,"height":1142},{"@type":"BreadcrumbList","@id":"https:\/\/liap.eu\/index.php\/de\/2020\/08\/04\/abdallah-karkout-2\/#breadcrumb","itemListElement":[{"@type":"ListItem","position":1,"name":"Startseite","item":"https:\/\/liap.eu\/index.php\/de\/"},{"@type":"ListItem","position":2,"name":"Abdallah Karkout"}]},{"@type":"WebSite","@id":"https:\/\/liap.eu\/#website","url":"https:\/\/liap.eu\/","name":"LIA - Leipzig International Art Programme","description":"Leipzig International Art Programme","publisher":{"@id":"https:\/\/liap.eu\/#organization"},"potentialAction":[{"@type":"SearchAction","target":{"@type":"EntryPoint","urlTemplate":"https:\/\/liap.eu\/?s={search_term_string}"},"query-input":{"@type":"PropertyValueSpecification","valueRequired":true,"valueName":"search_term_string"}}],"inLanguage":"en-GB"},{"@type":"Organization","@id":"https:\/\/liap.eu\/#organization","name":"Leipzig International Art Programme","url":"https:\/\/liap.eu\/","logo":{"@type":"ImageObject","inLanguage":"en-GB","@id":"https:\/\/liap.eu\/#\/schema\/logo\/image\/","url":"https:\/\/liap.eu\/wp-content\/uploads\/2021\/11\/LIAP.jpg","contentUrl":"https:\/\/liap.eu\/wp-content\/uploads\/2021\/11\/LIAP.jpg","width":870,"height":140,"caption":"Leipzig International Art Programme"},"image":{"@id":"https:\/\/liap.eu\/#\/schema\/logo\/image\/"},"sameAs":["https:\/\/www.facebook.com\/LIAprogramme","https:\/\/www.instagram.com\/lia_programme\/","https:\/\/www.youtube.com\/channel\/UCVp_APjH6wtmApuu5kWgUqA\/videos"]},{"@type":"Person","@id":"https:\/\/liap.eu\/#\/schema\/person\/6a0bff64f73ff1a6b7e1ccb7faf58204","name":"LIA","image":{"@type":"ImageObject","inLanguage":"en-GB","@id":"https:\/\/liap.eu\/#\/schema\/person\/image\/","url":"https:\/\/secure.gravatar.com\/avatar\/528cc9c6a7aa20231d89b694711fbe94?s=96&d=mm&r=g","contentUrl":"https:\/\/secure.gravatar.com\/avatar\/528cc9c6a7aa20231d89b694711fbe94?s=96&d=mm&r=g","caption":"LIA"},"sameAs":["https:\/\/www.facebook.com\/LIAprogramme","https:\/\/www.instagram.com\/lia_programme\/"]}]}},"uagb_featured_image_src":{"full":["https:\/\/liap.eu\/wp-content\/uploads\/2020\/08\/Abdallah-Karkout-Portrait.jpg",1600,1142,false],"thumbnail":["https:\/\/liap.eu\/wp-content\/uploads\/2020\/08\/Abdallah-Karkout-Portrait-150x150.jpg",96,96,true],"medium":["https:\/\/liap.eu\/wp-content\/uploads\/2020\/08\/Abdallah-Karkout-Portrait-300x214.jpg",300,214,true],"medium_large":["https:\/\/liap.eu\/wp-content\/uploads\/2020\/08\/Abdallah-Karkout-Portrait-768x548.jpg",768,548,true],"large":["https:\/\/liap.eu\/wp-content\/uploads\/2020\/08\/Abdallah-Karkout-Portrait-1024x731.jpg",1024,731,true],"1536x1536":["https:\/\/liap.eu\/wp-content\/uploads\/2020\/08\/Abdallah-Karkout-Portrait-1536x1096.jpg",1536,1096,true],"2048x2048":["https:\/\/liap.eu\/wp-content\/uploads\/2020\/08\/Abdallah-Karkout-Portrait.jpg",1600,1142,false],"post-thumbnail":["https:\/\/liap.eu\/wp-content\/uploads\/2020\/08\/Abdallah-Karkout-Portrait-1200x857.jpg",1200,857,true],"twentytwenty-fullscreen":["https:\/\/liap.eu\/wp-content\/uploads\/2020\/08\/Abdallah-Karkout-Portrait.jpg",1600,1142,false]},"uagb_author_info":{"display_name":"LIA","author_link":"https:\/\/liap.eu\/index.php\/author\/bierau\/"},"uagb_comment_info":0,"uagb_excerpt":"Zeitraum: August 2020 www.abdallahkarkout.wixsite.com Abdallah Karkout ist ein erfahrener experimenteller K\u00fcnstler, der seit vielen Jahren Atelier-Workshops und Universit\u00e4tskurse praktiziert und leitet und Vortr\u00e4ge h\u00e4lt. Von der Theorie bis hin zu Materialien und Techniken deckt Abdallahs Praxis und Lehre ein breites Spektrum von Genres ab: Zeichnen, Malerei, Druckgrafik, Skulptur und Musik. Als Teil eines wachsenden kollektiven&hellip;Continue&hellip;","_links":{"self":[{"href":"https:\/\/liap.eu\/index.php\/wp-json\/wp\/v2\/posts\/6892"}],"collection":[{"href":"https:\/\/liap.eu\/index.php\/wp-json\/wp\/v2\/posts"}],"about":[{"href":"https:\/\/liap.eu\/index.php\/wp-json\/wp\/v2\/types\/post"}],"author":[{"embeddable":true,"href":"https:\/\/liap.eu\/index.php\/wp-json\/wp\/v2\/users\/4"}],"replies":[{"embeddable":true,"href":"https:\/\/liap.eu\/index.php\/wp-json\/wp\/v2\/comments?post=6892"}],"version-history":[{"count":3,"href":"https:\/\/liap.eu\/index.php\/wp-json\/wp\/v2\/posts\/6892\/revisions"}],"predecessor-version":[{"id":6903,"href":"https:\/\/liap.eu\/index.php\/wp-json\/wp\/v2\/posts\/6892\/revisions\/6903"}],"wp:featuredmedia":[{"embeddable":true,"href":"https:\/\/liap.eu\/index.php\/wp-json\/wp\/v2\/media\/6889"}],"wp:attachment":[{"href":"https:\/\/liap.eu\/index.php\/wp-json\/wp\/v2\/media?parent=6892"}],"wp:term":[{"taxonomy":"category","embeddable":true,"href":"https:\/\/liap.eu\/index.php\/wp-json\/wp\/v2\/categories?post=6892"},{"taxonomy":"post_tag","embeddable":true,"href":"https:\/\/liap.eu\/index.php\/wp-json\/wp\/v2\/tags?post=6892"}],"curies":[{"name":"wp","href":"https:\/\/api.w.org\/{rel}","templated":true}]}}