{"id":6934,"date":"2020-08-24T20:34:23","date_gmt":"2020-08-24T18:34:23","guid":{"rendered":"https:\/\/liap.eu\/?p=6934"},"modified":"2020-11-30T12:45:10","modified_gmt":"2020-11-30T11:45:10","slug":"lia-herbstausstellung-offenen-ateliers","status":"publish","type":"post","link":"https:\/\/liap.eu\/index.php\/de\/2020\/08\/24\/lia-herbstausstellung-offenen-ateliers\/","title":{"rendered":"LIA Herbstausstellung &#038; Offenen Ateliers\u2028"},"content":{"rendered":"<p><strong>Herzliche Einladung zu unserer LIA Herbstausstellung und Offenen Ateliers\u2028<\/strong><\/p>\n<p>Wir freuen uns, Sie zu unserer Gruppenausstellung in die LIA einzuladen. Dort werden die Goethe-Institut Stipendiaten des Nordic-Leipzig Projekts <a href=\"https:\/\/www.meikbrusch.com\/\" target=\"_blank\" rel=\"noopener\">Meik Br\u00fcsch<\/a> und <a href=\"https:\/\/michelleeistrup.com\/Artist.asp?ArtistID=32148&amp;Akey=FGYAF5RY\" target=\"_blank\" rel=\"noopener\">Michelle Eistrup<\/a> (D\u00e4nemark), sowie des Pazifik Leipzig Projekts <a href=\"https:\/\/www.samclague.co.nz\/new-page\" target=\"_blank\" rel=\"noopener\">Sam Clague<\/a> (Neuseeland) und <a href=\"https:\/\/www.samclague.co.nz\/new-page\" target=\"_blank\" rel=\"noopener\">Harit Srikhao<\/a> (Thailand), und der Stipendiat der Technischen Universit\u00e4t Br\u00fcnn <a href=\"https:\/\/tajovskyjakub.com\/index.html\" target=\"_blank\" rel=\"noopener\">Jakub Tajovsky<\/a> (Tschechische Republik) im LIA ausstellen. Dar\u00fcber hinaus werden wir drei ehemalige Gastk\u00fcnstler ausstellen <a href=\"http:\/\/www.mitjaficko.com\/\" target=\"_blank\" rel=\"noopener\">Mitja Ficko<\/a> (Slowenien) und <a href=\"https:\/\/abdallahkarkout.wixsite.com\/portfolio\" target=\"_blank\" rel=\"noopener\">Abdallah Karkout<\/a> (Syrien\/Schweden), sowie <a href=\"http:\/\/joyceterweele.com\/\" target=\"_blank\" rel=\"noopener\">Joyce ter Weele<\/a> (Niederlande). Sie alle werden sich am 26. und 27. September in den Offenen Ateliers im LIA vorstellen.<\/p>\n<p>Wir freuen uns auf Ihren Besuch.<\/p>\n<p><em>Anna-Louise Rolland (Direktorin des LIA)\u2028<\/em><br \/>\n<em>Marina D\u00edaz Molina (Koordinatorin des LIA-Programme)\u2028<\/em><br \/>\n<em>Martin Bailly\u00a0 und Maayan Moskona (LIA-Praktikanten)<\/em><\/p>\n<p><span style=\"color: #ff0000;\"><strong>Ausstellung<\/strong> <\/span><br \/>\n<strong><span style=\"color: #000000;\">Samstag, 26. September 2020 &#8211; 11-18 Uhr<\/span><\/strong><br \/>\n<strong><span style=\"color: #000000;\">Sonntag, 27. September 2020 -11-18 Uhr<\/span><\/strong><\/p>\n<p><span style=\"color: #000000;\"><strong>K\u00fcnstlergespr\u00e4che<\/strong><\/span><br \/>\n<span style=\"color: #000000;\">Samstag &#8211; <\/span><span style=\"color: #000000;\">13 Uhr und 16 Uhr<\/span><br \/>\n<span style=\"color: #000000;\">Sonntag &#8211; <\/span><span style=\"color: #000000;\">13 Uhr<\/span><br \/>\n<span style=\"color: #000000;\"><strong>Sie K\u00f6nnen sich<span style=\"color: #ff0000;\"> <a style=\"color: #ff0000;\" href=\"https:\/\/docs.google.com\/forms\/d\/e\/1FAIpQLSekHms7bxw7GdTfvP97j0M_m4oW8V1eZE4XaoJjFJ8-HktvRQ\/viewform\" target=\"_blank\" rel=\"noopener\">hier<\/a><\/span> anmelden<\/strong><\/span><\/p>\n<p><span style=\"color: #000000;\"><strong>Caribbean\u00a0and Postcolonial Art Talk von\u00a0 Sasha Dees <\/strong><\/span><br \/>\n<span style=\"color: #000000;\">Samstag\u00a0 &#8211; 11 Uhr<\/span><br \/>\n<span style=\"color: #000000;\"><strong>Sie k\u00f6nnen sich <span style=\"color: #ff0000;\"><a style=\"color: #ff0000;\" href=\"https:\/\/docs.google.com\/forms\/d\/e\/1FAIpQLSekHms7bxw7GdTfvP97j0M_m4oW8V1eZE4XaoJjFJ8-HktvRQ\/viewform\" target=\"_blank\" rel=\"noopener\">hier<\/a><\/span> anmelden<\/strong><\/span><\/p>\n<h6><em>Bitte beachten Sie!<\/em><\/h6>\n<p><span style=\"color: #000000;\">Wir k\u00f6nnen Besuchern ohne Voranmeldung nicht garantieren, unseren Raum direkt zu betreten. Nicht angemeldete G\u00e4ste m\u00fcssen gegebenenfalls vor dem LIA warten. Wir danken Ihnen f\u00fcr Ihr Verst\u00e4ndnis.<\/span><br \/>\n<span style=\"color: #000000;\"> Hygienevorschriften Wir bitten Sie, die geltenden Sicherheits- und Hygienema\u00dfnahmen zu beachten und beim Besuch der LIA eine Gesichts-Nasen-Maske zu tragen. Wir stellen eine Handwasch- und Desinfektionseinrichtung zur Verf\u00fcgung.<\/span><\/p>\n<p><span style=\"color: #000000;\"><strong>SIE K\u00d6NNEN SICH<span style=\"color: #ff0000;\"> <a style=\"color: #ff0000;\" href=\"http:\/\/https:\/\/docs.google.com\/forms\/d\/e\/1FAIpQLSekHms7bxw7GdTfvP97j0M_m4oW8V1eZE4XaoJjFJ8-HktvRQ\/viewform\" target=\"_blank\" rel=\"noopener\" data-cke-saved-href=\"http:\/\/https:\/\/docs.google.com\/forms\/d\/e\/1FAIpQLSekHms7bxw7GdTfvP97j0M_m4oW8V1eZE4XaoJjFJ8-HktvRQ\/viewform\">HIER<\/a><\/span> ANMELDEN.<\/strong><\/span><\/p>\n<p style=\"text-align: center;\"><span style=\"color: #000000;\">LI<\/span>A Main Partner<\/p>\n<p><a href=\"https:\/\/liap.eu\/wp-content\/uploads\/2020\/08\/Captura-de-pantalla-2020-08-17-a-las-13.04.47.png\"><img loading=\"lazy\" decoding=\"async\" class=\"wp-image-6931 aligncenter\" src=\"https:\/\/liap.eu\/wp-content\/uploads\/2020\/08\/Captura-de-pantalla-2020-08-17-a-las-13.04.47.png\" alt=\"\" width=\"135\" height=\"131\" \/><\/a><\/p>\n<p style=\"text-align: center;\">In Cooperation with:<\/p>\n<p><a href=\"https:\/\/liap.eu\/wp-content\/uploads\/2020\/08\/Captura-de-pantalla-2020-08-24-a-las-12.36.43.png\"><img loading=\"lazy\" decoding=\"async\" class=\"size-medium wp-image-6932 aligncenter\" src=\"https:\/\/liap.eu\/wp-content\/uploads\/2020\/08\/Captura-de-pantalla-2020-08-24-a-las-12.36.43-300x150.png\" alt=\"\" width=\"300\" height=\"150\" srcset=\"https:\/\/liap.eu\/wp-content\/uploads\/2020\/08\/Captura-de-pantalla-2020-08-24-a-las-12.36.43-300x150.png 300w, https:\/\/liap.eu\/wp-content\/uploads\/2020\/08\/Captura-de-pantalla-2020-08-24-a-las-12.36.43.png 393w\" sizes=\"(max-width: 300px) 100vw, 300px\" \/><\/a><\/p>\n","protected":false},"excerpt":{"rendered":"<p>Herzliche Einladung zu unserer LIA Herbstausstellung und Offenen Ateliers\u2028 Wir freuen uns, Sie zu unserer Gruppenausstellung in die LIA einzuladen. Dort werden die Goethe-Institut Stipendiaten des Nordic-Leipzig Projekts Meik Br\u00fcsch und Michelle Eistrup (D\u00e4nemark), sowie des Pazifik Leipzig Projekts Sam Clague (Neuseeland) und Harit Srikhao (Thailand), und der Stipendiat der Technischen Universit\u00e4t Br\u00fcnn Jakub Tajovsky&hellip;<a href=\"https:\/\/liap.eu\/index.php\/de\/2020\/08\/24\/lia-herbstausstellung-offenen-ateliers\/\" class=\"more-link\"><span>Continue reading<\/span><span class=\"screen-reader-text\">LIA Herbstausstellung &#038; Offenen Ateliers\u2028<\/span><\/a><\/p>\n","protected":false},"author":4,"featured_media":6972,"comment_status":"closed","ping_status":"closed","sticky":false,"template":"templates\/template-full-width.php","format":"standard","meta":{"om_disable_all_campaigns":false,"_uag_custom_page_level_css":"","footnotes":""},"categories":[32,488,78],"tags":[],"class_list":["post-6934","post","type-post","status-publish","format-standard","has-post-thumbnail","hentry","category-archiv","category-projekte-archiv","category-veranstaltungen","tw-meta-no-icon"],"yoast_head":"<!-- This site is optimized with the Yoast SEO plugin v25.6 - https:\/\/yoast.com\/wordpress\/plugins\/seo\/ -->\n<title>LIA Herbstausstellung &amp; Offenen Ateliers\u2028 - LIA<\/title>\n<meta name=\"robots\" content=\"index, follow, max-snippet:-1, max-image-preview:large, max-video-preview:-1\" \/>\n<link rel=\"canonical\" href=\"https:\/\/liap.eu\/index.php\/de\/2020\/08\/24\/lia-herbstausstellung-offenen-ateliers\/\" \/>\n<meta property=\"og:locale\" content=\"en_GB\" \/>\n<meta property=\"og:type\" content=\"article\" \/>\n<meta property=\"og:title\" content=\"LIA Herbstausstellung &amp; Offenen Ateliers\u2028 - LIA\" \/>\n<meta property=\"og:description\" content=\"Herzliche Einladung zu unserer LIA Herbstausstellung und Offenen Ateliers\u2028 Wir freuen uns, Sie zu unserer Gruppenausstellung in die LIA einzuladen. Dort werden die Goethe-Institut Stipendiaten des Nordic-Leipzig Projekts Meik Br\u00fcsch und Michelle Eistrup (D\u00e4nemark), sowie des Pazifik Leipzig Projekts Sam Clague (Neuseeland) und Harit Srikhao (Thailand), und der Stipendiat der Technischen Universit\u00e4t Br\u00fcnn Jakub Tajovsky&hellip;Continue readingLIA Herbstausstellung &amp; Offenen Ateliers\u2028\" \/>\n<meta property=\"og:url\" content=\"https:\/\/liap.eu\/index.php\/de\/2020\/08\/24\/lia-herbstausstellung-offenen-ateliers\/\" \/>\n<meta property=\"og:site_name\" content=\"LIA\" \/>\n<meta property=\"article:publisher\" content=\"https:\/\/www.facebook.com\/LIAprogramme\" \/>\n<meta property=\"article:author\" content=\"https:\/\/www.facebook.com\/LIAprogramme\" \/>\n<meta property=\"article:published_time\" content=\"2020-08-24T18:34:23+00:00\" \/>\n<meta property=\"article:modified_time\" content=\"2020-11-30T11:45:10+00:00\" \/>\n<meta property=\"og:image\" content=\"https:\/\/liap.eu\/wp-content\/uploads\/2020\/08\/Captura-de-pantalla-2020-09-17-a-las-17.04.47.png\" \/>\n\t<meta property=\"og:image:width\" content=\"1399\" \/>\n\t<meta property=\"og:image:height\" content=\"644\" \/>\n\t<meta property=\"og:image:type\" content=\"image\/png\" \/>\n<meta name=\"author\" content=\"LIA\" \/>\n<meta name=\"twitter:card\" content=\"summary_large_image\" \/>\n<meta name=\"twitter:label1\" content=\"Written by\" \/>\n\t<meta name=\"twitter:data1\" content=\"LIA\" \/>\n\t<meta name=\"twitter:label2\" content=\"Estimated reading time\" \/>\n\t<meta name=\"twitter:data2\" content=\"1 minute\" \/>\n<script type=\"application\/ld+json\" class=\"yoast-schema-graph\">{\"@context\":\"https:\/\/schema.org\",\"@graph\":[{\"@type\":\"Article\",\"@id\":\"https:\/\/liap.eu\/index.php\/de\/2020\/08\/24\/lia-herbstausstellung-offenen-ateliers\/#article\",\"isPartOf\":{\"@id\":\"https:\/\/liap.eu\/index.php\/de\/2020\/08\/24\/lia-herbstausstellung-offenen-ateliers\/\"},\"author\":{\"name\":\"LIA\",\"@id\":\"https:\/\/liap.eu\/#\/schema\/person\/6a0bff64f73ff1a6b7e1ccb7faf58204\"},\"headline\":\"LIA Herbstausstellung &#038; Offenen Ateliers\\u2028\",\"datePublished\":\"2020-08-24T18:34:23+00:00\",\"dateModified\":\"2020-11-30T11:45:10+00:00\",\"mainEntityOfPage\":{\"@id\":\"https:\/\/liap.eu\/index.php\/de\/2020\/08\/24\/lia-herbstausstellung-offenen-ateliers\/\"},\"wordCount\":251,\"publisher\":{\"@id\":\"https:\/\/liap.eu\/#organization\"},\"image\":{\"@id\":\"https:\/\/liap.eu\/index.php\/de\/2020\/08\/24\/lia-herbstausstellung-offenen-ateliers\/#primaryimage\"},\"thumbnailUrl\":\"https:\/\/liap.eu\/wp-content\/uploads\/2020\/08\/Captura-de-pantalla-2020-09-17-a-las-17.04.47.png\",\"articleSection\":[\"Archiv\",\"Projekte\",\"Veranstaltungen\"],\"inLanguage\":\"en-GB\"},{\"@type\":\"WebPage\",\"@id\":\"https:\/\/liap.eu\/index.php\/de\/2020\/08\/24\/lia-herbstausstellung-offenen-ateliers\/\",\"url\":\"https:\/\/liap.eu\/index.php\/de\/2020\/08\/24\/lia-herbstausstellung-offenen-ateliers\/\",\"name\":\"LIA Herbstausstellung & Offenen Ateliers\\u2028 - LIA\",\"isPartOf\":{\"@id\":\"https:\/\/liap.eu\/#website\"},\"primaryImageOfPage\":{\"@id\":\"https:\/\/liap.eu\/index.php\/de\/2020\/08\/24\/lia-herbstausstellung-offenen-ateliers\/#primaryimage\"},\"image\":{\"@id\":\"https:\/\/liap.eu\/index.php\/de\/2020\/08\/24\/lia-herbstausstellung-offenen-ateliers\/#primaryimage\"},\"thumbnailUrl\":\"https:\/\/liap.eu\/wp-content\/uploads\/2020\/08\/Captura-de-pantalla-2020-09-17-a-las-17.04.47.png\",\"datePublished\":\"2020-08-24T18:34:23+00:00\",\"dateModified\":\"2020-11-30T11:45:10+00:00\",\"breadcrumb\":{\"@id\":\"https:\/\/liap.eu\/index.php\/de\/2020\/08\/24\/lia-herbstausstellung-offenen-ateliers\/#breadcrumb\"},\"inLanguage\":\"en-GB\",\"potentialAction\":[{\"@type\":\"ReadAction\",\"target\":[\"https:\/\/liap.eu\/index.php\/de\/2020\/08\/24\/lia-herbstausstellung-offenen-ateliers\/\"]}]},{\"@type\":\"ImageObject\",\"inLanguage\":\"en-GB\",\"@id\":\"https:\/\/liap.eu\/index.php\/de\/2020\/08\/24\/lia-herbstausstellung-offenen-ateliers\/#primaryimage\",\"url\":\"https:\/\/liap.eu\/wp-content\/uploads\/2020\/08\/Captura-de-pantalla-2020-09-17-a-las-17.04.47.png\",\"contentUrl\":\"https:\/\/liap.eu\/wp-content\/uploads\/2020\/08\/Captura-de-pantalla-2020-09-17-a-las-17.04.47.png\",\"width\":1399,\"height\":644},{\"@type\":\"BreadcrumbList\",\"@id\":\"https:\/\/liap.eu\/index.php\/de\/2020\/08\/24\/lia-herbstausstellung-offenen-ateliers\/#breadcrumb\",\"itemListElement\":[{\"@type\":\"ListItem\",\"position\":1,\"name\":\"Startseite\",\"item\":\"https:\/\/liap.eu\/index.php\/de\/\"},{\"@type\":\"ListItem\",\"position\":2,\"name\":\"LIA Herbstausstellung &#038; Offenen Ateliers\\u2028\"}]},{\"@type\":\"WebSite\",\"@id\":\"https:\/\/liap.eu\/#website\",\"url\":\"https:\/\/liap.eu\/\",\"name\":\"LIA - Leipzig International Art Programme\",\"description\":\"Leipzig International Art Programme\",\"publisher\":{\"@id\":\"https:\/\/liap.eu\/#organization\"},\"potentialAction\":[{\"@type\":\"SearchAction\",\"target\":{\"@type\":\"EntryPoint\",\"urlTemplate\":\"https:\/\/liap.eu\/?s={search_term_string}\"},\"query-input\":{\"@type\":\"PropertyValueSpecification\",\"valueRequired\":true,\"valueName\":\"search_term_string\"}}],\"inLanguage\":\"en-GB\"},{\"@type\":\"Organization\",\"@id\":\"https:\/\/liap.eu\/#organization\",\"name\":\"Leipzig International Art Programme\",\"url\":\"https:\/\/liap.eu\/\",\"logo\":{\"@type\":\"ImageObject\",\"inLanguage\":\"en-GB\",\"@id\":\"https:\/\/liap.eu\/#\/schema\/logo\/image\/\",\"url\":\"https:\/\/liap.eu\/wp-content\/uploads\/2021\/11\/LIAP.jpg\",\"contentUrl\":\"https:\/\/liap.eu\/wp-content\/uploads\/2021\/11\/LIAP.jpg\",\"width\":870,\"height\":140,\"caption\":\"Leipzig International Art Programme\"},\"image\":{\"@id\":\"https:\/\/liap.eu\/#\/schema\/logo\/image\/\"},\"sameAs\":[\"https:\/\/www.facebook.com\/LIAprogramme\",\"https:\/\/www.instagram.com\/lia_programme\/\",\"https:\/\/www.youtube.com\/channel\/UCVp_APjH6wtmApuu5kWgUqA\/videos\"]},{\"@type\":\"Person\",\"@id\":\"https:\/\/liap.eu\/#\/schema\/person\/6a0bff64f73ff1a6b7e1ccb7faf58204\",\"name\":\"LIA\",\"image\":{\"@type\":\"ImageObject\",\"inLanguage\":\"en-GB\",\"@id\":\"https:\/\/liap.eu\/#\/schema\/person\/image\/\",\"url\":\"https:\/\/secure.gravatar.com\/avatar\/528cc9c6a7aa20231d89b694711fbe94?s=96&d=mm&r=g\",\"contentUrl\":\"https:\/\/secure.gravatar.com\/avatar\/528cc9c6a7aa20231d89b694711fbe94?s=96&d=mm&r=g\",\"caption\":\"LIA\"},\"sameAs\":[\"https:\/\/www.facebook.com\/LIAprogramme\",\"https:\/\/www.instagram.com\/lia_programme\/\"]}]}<\/script>\n<!-- \/ Yoast SEO plugin. -->","yoast_head_json":{"title":"LIA Herbstausstellung & Offenen Ateliers\u2028 - LIA","robots":{"index":"index","follow":"follow","max-snippet":"max-snippet:-1","max-image-preview":"max-image-preview:large","max-video-preview":"max-video-preview:-1"},"canonical":"https:\/\/liap.eu\/index.php\/de\/2020\/08\/24\/lia-herbstausstellung-offenen-ateliers\/","og_locale":"en_GB","og_type":"article","og_title":"LIA Herbstausstellung & Offenen Ateliers\u2028 - LIA","og_description":"Herzliche Einladung zu unserer LIA Herbstausstellung und Offenen Ateliers\u2028 Wir freuen uns, Sie zu unserer Gruppenausstellung in die LIA einzuladen. Dort werden die Goethe-Institut Stipendiaten des Nordic-Leipzig Projekts Meik Br\u00fcsch und Michelle Eistrup (D\u00e4nemark), sowie des Pazifik Leipzig Projekts Sam Clague (Neuseeland) und Harit Srikhao (Thailand), und der Stipendiat der Technischen Universit\u00e4t Br\u00fcnn Jakub Tajovsky&hellip;Continue readingLIA Herbstausstellung & Offenen Ateliers\u2028","og_url":"https:\/\/liap.eu\/index.php\/de\/2020\/08\/24\/lia-herbstausstellung-offenen-ateliers\/","og_site_name":"LIA","article_publisher":"https:\/\/www.facebook.com\/LIAprogramme","article_author":"https:\/\/www.facebook.com\/LIAprogramme","article_published_time":"2020-08-24T18:34:23+00:00","article_modified_time":"2020-11-30T11:45:10+00:00","og_image":[{"width":1399,"height":644,"url":"https:\/\/liap.eu\/wp-content\/uploads\/2020\/08\/Captura-de-pantalla-2020-09-17-a-las-17.04.47.png","type":"image\/png"}],"author":"LIA","twitter_card":"summary_large_image","twitter_misc":{"Written by":"LIA","Estimated reading time":"1 minute"},"schema":{"@context":"https:\/\/schema.org","@graph":[{"@type":"Article","@id":"https:\/\/liap.eu\/index.php\/de\/2020\/08\/24\/lia-herbstausstellung-offenen-ateliers\/#article","isPartOf":{"@id":"https:\/\/liap.eu\/index.php\/de\/2020\/08\/24\/lia-herbstausstellung-offenen-ateliers\/"},"author":{"name":"LIA","@id":"https:\/\/liap.eu\/#\/schema\/person\/6a0bff64f73ff1a6b7e1ccb7faf58204"},"headline":"LIA Herbstausstellung &#038; Offenen Ateliers\u2028","datePublished":"2020-08-24T18:34:23+00:00","dateModified":"2020-11-30T11:45:10+00:00","mainEntityOfPage":{"@id":"https:\/\/liap.eu\/index.php\/de\/2020\/08\/24\/lia-herbstausstellung-offenen-ateliers\/"},"wordCount":251,"publisher":{"@id":"https:\/\/liap.eu\/#organization"},"image":{"@id":"https:\/\/liap.eu\/index.php\/de\/2020\/08\/24\/lia-herbstausstellung-offenen-ateliers\/#primaryimage"},"thumbnailUrl":"https:\/\/liap.eu\/wp-content\/uploads\/2020\/08\/Captura-de-pantalla-2020-09-17-a-las-17.04.47.png","articleSection":["Archiv","Projekte","Veranstaltungen"],"inLanguage":"en-GB"},{"@type":"WebPage","@id":"https:\/\/liap.eu\/index.php\/de\/2020\/08\/24\/lia-herbstausstellung-offenen-ateliers\/","url":"https:\/\/liap.eu\/index.php\/de\/2020\/08\/24\/lia-herbstausstellung-offenen-ateliers\/","name":"LIA Herbstausstellung & Offenen Ateliers\u2028 - LIA","isPartOf":{"@id":"https:\/\/liap.eu\/#website"},"primaryImageOfPage":{"@id":"https:\/\/liap.eu\/index.php\/de\/2020\/08\/24\/lia-herbstausstellung-offenen-ateliers\/#primaryimage"},"image":{"@id":"https:\/\/liap.eu\/index.php\/de\/2020\/08\/24\/lia-herbstausstellung-offenen-ateliers\/#primaryimage"},"thumbnailUrl":"https:\/\/liap.eu\/wp-content\/uploads\/2020\/08\/Captura-de-pantalla-2020-09-17-a-las-17.04.47.png","datePublished":"2020-08-24T18:34:23+00:00","dateModified":"2020-11-30T11:45:10+00:00","breadcrumb":{"@id":"https:\/\/liap.eu\/index.php\/de\/2020\/08\/24\/lia-herbstausstellung-offenen-ateliers\/#breadcrumb"},"inLanguage":"en-GB","potentialAction":[{"@type":"ReadAction","target":["https:\/\/liap.eu\/index.php\/de\/2020\/08\/24\/lia-herbstausstellung-offenen-ateliers\/"]}]},{"@type":"ImageObject","inLanguage":"en-GB","@id":"https:\/\/liap.eu\/index.php\/de\/2020\/08\/24\/lia-herbstausstellung-offenen-ateliers\/#primaryimage","url":"https:\/\/liap.eu\/wp-content\/uploads\/2020\/08\/Captura-de-pantalla-2020-09-17-a-las-17.04.47.png","contentUrl":"https:\/\/liap.eu\/wp-content\/uploads\/2020\/08\/Captura-de-pantalla-2020-09-17-a-las-17.04.47.png","width":1399,"height":644},{"@type":"BreadcrumbList","@id":"https:\/\/liap.eu\/index.php\/de\/2020\/08\/24\/lia-herbstausstellung-offenen-ateliers\/#breadcrumb","itemListElement":[{"@type":"ListItem","position":1,"name":"Startseite","item":"https:\/\/liap.eu\/index.php\/de\/"},{"@type":"ListItem","position":2,"name":"LIA Herbstausstellung &#038; Offenen Ateliers\u2028"}]},{"@type":"WebSite","@id":"https:\/\/liap.eu\/#website","url":"https:\/\/liap.eu\/","name":"LIA - Leipzig International Art Programme","description":"Leipzig International Art Programme","publisher":{"@id":"https:\/\/liap.eu\/#organization"},"potentialAction":[{"@type":"SearchAction","target":{"@type":"EntryPoint","urlTemplate":"https:\/\/liap.eu\/?s={search_term_string}"},"query-input":{"@type":"PropertyValueSpecification","valueRequired":true,"valueName":"search_term_string"}}],"inLanguage":"en-GB"},{"@type":"Organization","@id":"https:\/\/liap.eu\/#organization","name":"Leipzig International Art Programme","url":"https:\/\/liap.eu\/","logo":{"@type":"ImageObject","inLanguage":"en-GB","@id":"https:\/\/liap.eu\/#\/schema\/logo\/image\/","url":"https:\/\/liap.eu\/wp-content\/uploads\/2021\/11\/LIAP.jpg","contentUrl":"https:\/\/liap.eu\/wp-content\/uploads\/2021\/11\/LIAP.jpg","width":870,"height":140,"caption":"Leipzig International Art Programme"},"image":{"@id":"https:\/\/liap.eu\/#\/schema\/logo\/image\/"},"sameAs":["https:\/\/www.facebook.com\/LIAprogramme","https:\/\/www.instagram.com\/lia_programme\/","https:\/\/www.youtube.com\/channel\/UCVp_APjH6wtmApuu5kWgUqA\/videos"]},{"@type":"Person","@id":"https:\/\/liap.eu\/#\/schema\/person\/6a0bff64f73ff1a6b7e1ccb7faf58204","name":"LIA","image":{"@type":"ImageObject","inLanguage":"en-GB","@id":"https:\/\/liap.eu\/#\/schema\/person\/image\/","url":"https:\/\/secure.gravatar.com\/avatar\/528cc9c6a7aa20231d89b694711fbe94?s=96&d=mm&r=g","contentUrl":"https:\/\/secure.gravatar.com\/avatar\/528cc9c6a7aa20231d89b694711fbe94?s=96&d=mm&r=g","caption":"LIA"},"sameAs":["https:\/\/www.facebook.com\/LIAprogramme","https:\/\/www.instagram.com\/lia_programme\/"]}]}},"uagb_featured_image_src":{"full":["https:\/\/liap.eu\/wp-content\/uploads\/2020\/08\/Captura-de-pantalla-2020-09-17-a-las-17.04.47.png",1399,644,false],"thumbnail":["https:\/\/liap.eu\/wp-content\/uploads\/2020\/08\/Captura-de-pantalla-2020-09-17-a-las-17.04.47-150x150.png",96,96,true],"medium":["https:\/\/liap.eu\/wp-content\/uploads\/2020\/08\/Captura-de-pantalla-2020-09-17-a-las-17.04.47-300x138.png",300,138,true],"medium_large":["https:\/\/liap.eu\/wp-content\/uploads\/2020\/08\/Captura-de-pantalla-2020-09-17-a-las-17.04.47-768x354.png",768,354,true],"large":["https:\/\/liap.eu\/wp-content\/uploads\/2020\/08\/Captura-de-pantalla-2020-09-17-a-las-17.04.47-1024x471.png",1024,471,true],"1536x1536":["https:\/\/liap.eu\/wp-content\/uploads\/2020\/08\/Captura-de-pantalla-2020-09-17-a-las-17.04.47.png",1399,644,false],"2048x2048":["https:\/\/liap.eu\/wp-content\/uploads\/2020\/08\/Captura-de-pantalla-2020-09-17-a-las-17.04.47.png",1399,644,false],"post-thumbnail":["https:\/\/liap.eu\/wp-content\/uploads\/2020\/08\/Captura-de-pantalla-2020-09-17-a-las-17.04.47-1200x552.png",1200,552,true],"twentytwenty-fullscreen":["https:\/\/liap.eu\/wp-content\/uploads\/2020\/08\/Captura-de-pantalla-2020-09-17-a-las-17.04.47.png",1399,644,false]},"uagb_author_info":{"display_name":"LIA","author_link":"https:\/\/liap.eu\/index.php\/author\/bierau\/"},"uagb_comment_info":0,"uagb_excerpt":"Herzliche Einladung zu unserer LIA Herbstausstellung und Offenen Ateliers\u2028 Wir freuen uns, Sie zu unserer Gruppenausstellung in die LIA einzuladen. Dort werden die Goethe-Institut Stipendiaten des Nordic-Leipzig Projekts Meik Br\u00fcsch und Michelle Eistrup (D\u00e4nemark), sowie des Pazifik Leipzig Projekts Sam Clague (Neuseeland) und Harit Srikhao (Thailand), und der Stipendiat der Technischen Universit\u00e4t Br\u00fcnn Jakub Tajovsky&hellip;Continue&hellip;","_links":{"self":[{"href":"https:\/\/liap.eu\/index.php\/wp-json\/wp\/v2\/posts\/6934"}],"collection":[{"href":"https:\/\/liap.eu\/index.php\/wp-json\/wp\/v2\/posts"}],"about":[{"href":"https:\/\/liap.eu\/index.php\/wp-json\/wp\/v2\/types\/post"}],"author":[{"embeddable":true,"href":"https:\/\/liap.eu\/index.php\/wp-json\/wp\/v2\/users\/4"}],"replies":[{"embeddable":true,"href":"https:\/\/liap.eu\/index.php\/wp-json\/wp\/v2\/comments?post=6934"}],"version-history":[{"count":5,"href":"https:\/\/liap.eu\/index.php\/wp-json\/wp\/v2\/posts\/6934\/revisions"}],"predecessor-version":[{"id":6962,"href":"https:\/\/liap.eu\/index.php\/wp-json\/wp\/v2\/posts\/6934\/revisions\/6962"}],"wp:featuredmedia":[{"embeddable":true,"href":"https:\/\/liap.eu\/index.php\/wp-json\/wp\/v2\/media\/6972"}],"wp:attachment":[{"href":"https:\/\/liap.eu\/index.php\/wp-json\/wp\/v2\/media?parent=6934"}],"wp:term":[{"taxonomy":"category","embeddable":true,"href":"https:\/\/liap.eu\/index.php\/wp-json\/wp\/v2\/categories?post=6934"},{"taxonomy":"post_tag","embeddable":true,"href":"https:\/\/liap.eu\/index.php\/wp-json\/wp\/v2\/tags?post=6934"}],"curies":[{"name":"wp","href":"https:\/\/api.w.org\/{rel}","templated":true}]}}