{"id":848,"date":"2017-03-22T15:31:52","date_gmt":"2017-03-22T14:31:52","guid":{"rendered":"http:\/\/liap.eu\/?p=848"},"modified":"2017-03-22T15:31:52","modified_gmt":"2017-03-22T14:31:52","slug":"vincent-kriste","status":"publish","type":"post","link":"https:\/\/liap.eu\/index.php\/de\/2017\/03\/22\/vincent-kriste\/","title":{"rendered":"Vincent Kriste"},"content":{"rendered":"<p><a href=\"http:\/\/liap.eu\/wp-content\/uploads\/2017\/03\/Vincent-Kriste.jpeg\"><img loading=\"lazy\" decoding=\"async\" class=\"alignleft size-medium wp-image-849\" src=\"http:\/\/liap.eu\/wp-content\/uploads\/2017\/03\/Vincent-Kriste-300x209.jpeg\" alt=\"\" width=\"300\" height=\"209\" srcset=\"https:\/\/liap.eu\/wp-content\/uploads\/2017\/03\/Vincent-Kriste-300x209.jpeg 300w, https:\/\/liap.eu\/wp-content\/uploads\/2017\/03\/Vincent-Kriste-768x536.jpeg 768w, https:\/\/liap.eu\/wp-content\/uploads\/2017\/03\/Vincent-Kriste.jpeg 1024w\" sizes=\"(max-width: 300px) 100vw, 300px\" \/><\/a>geboren am 8. August in Z\u00fcrich in 1979. Er besuchte einen Vorkurs und die Grafikklasse an der Schule f\u00fcr Gestaltung in Basel bevor er 2007 sein Studium der Bildenden Kunst an der Hochschule f\u00fcr Gestaltung und Kunst Basel abschloss. Er wurde durch Atelierstipendien in Havanna und Leipzig ausgezeichnet.<\/p>\n<p><strong>Ausbildung<\/strong><br \/>\n1996-1997 Vorkurs, Schule f\u00fcr Gestaltung Basel<\/p>\n<p>1997-2001 Grafikklasse, Schule f\u00fcr Gestaltung Basel<\/p>\n<p>2004-2007 Bildende Kunst, Hochschule f\u00fcr Gestaltung und Kunst Basel<\/p>\n<p><strong>Auszeichnungen und Stipendien<\/strong><br \/>\n2009 iaab Atelierstipendium Leipzig<\/p>\n<p>2007 PWC stArt Kunstf\u00f6rderpreis, Schweiz<\/p>\n<p>iaab Atelierstipendium Havanna<\/p>\n<p><strong>Ausstellungen<\/strong><br \/>\n2006 Schalter, Basel<\/p>\n<p>2007 Diplomausstellung HGK Basel, Messehalle, Basel<\/p>\n<p>stArt Kunstf\u00f6rderpreis, PricewaterhouseCoopers, Basel<\/p>\n<p>2008 Plattform08, ewz-Unterwerk Selnau, Z\u00fcrich<\/p>\n<p>Young and Beautiful, Kunst Raum Riehen, Schweiz<\/p>\n<p>Swiss Art Awards, Messe Basel<\/p>\n<p>SCOPE Basel (Art Fair),Verein Kunstwollen<\/p>\n<p>Kunstkredit Basel, Kunsthaus Baselland<\/p>\n<p>Regionale 9, Kunstverein Freiburg<\/p>\n<p>2009 Choice, Ausstellungsraum Klingental, Basel<\/p>\n<p>F. Hoffmann-La Roche AG, Basel<\/p>\n<p>Tracing Reality, Kunst Raum Riehen<\/p>\n<p>Regionale 10, Kunst Raum Riehen<\/p>\n","protected":false},"excerpt":{"rendered":"<p>geboren am 8. August in Z\u00fcrich in 1979. Er besuchte einen Vorkurs und die Grafikklasse an der Schule f\u00fcr Gestaltung in Basel bevor er 2007 sein Studium der Bildenden Kunst an der Hochschule f\u00fcr Gestaltung und Kunst Basel abschloss. Er wurde durch Atelierstipendien in Havanna und Leipzig ausgezeichnet. Ausbildung 1996-1997 Vorkurs, Schule f\u00fcr Gestaltung Basel&hellip;<a href=\"https:\/\/liap.eu\/index.php\/de\/2017\/03\/22\/vincent-kriste\/\" class=\"more-link\"><span>Continue reading<\/span><span class=\"screen-reader-text\">Vincent Kriste<\/span><\/a><\/p>\n","protected":false},"author":3,"featured_media":849,"comment_status":"closed","ping_status":"closed","sticky":false,"template":"templates\/template-full-width.php","format":"standard","meta":{"om_disable_all_campaigns":false,"_uag_custom_page_level_css":"","footnotes":""},"categories":[119],"tags":[],"class_list":["post-848","post","type-post","status-publish","format-standard","has-post-thumbnail","hentry","category-kuenstler-2010","tw-meta-no-icon"],"yoast_head":"<!-- This site is optimized with the Yoast SEO plugin v25.6 - https:\/\/yoast.com\/wordpress\/plugins\/seo\/ -->\n<title>Vincent Kriste - LIA<\/title>\n<meta name=\"robots\" content=\"index, follow, max-snippet:-1, max-image-preview:large, max-video-preview:-1\" \/>\n<link rel=\"canonical\" href=\"https:\/\/liap.eu\/index.php\/de\/2017\/03\/22\/vincent-kriste\/\" \/>\n<meta property=\"og:locale\" content=\"en_GB\" \/>\n<meta property=\"og:type\" content=\"article\" \/>\n<meta property=\"og:title\" content=\"Vincent Kriste - LIA\" \/>\n<meta property=\"og:description\" content=\"geboren am 8. August in Z\u00fcrich in 1979. Er besuchte einen Vorkurs und die Grafikklasse an der Schule f\u00fcr Gestaltung in Basel bevor er 2007 sein Studium der Bildenden Kunst an der Hochschule f\u00fcr Gestaltung und Kunst Basel abschloss. Er wurde durch Atelierstipendien in Havanna und Leipzig ausgezeichnet. Ausbildung 1996-1997 Vorkurs, Schule f\u00fcr Gestaltung Basel&hellip;Continue readingVincent Kriste\" \/>\n<meta property=\"og:url\" content=\"https:\/\/liap.eu\/index.php\/de\/2017\/03\/22\/vincent-kriste\/\" \/>\n<meta property=\"og:site_name\" content=\"LIA\" \/>\n<meta property=\"article:publisher\" content=\"https:\/\/www.facebook.com\/LIAprogramme\" \/>\n<meta property=\"article:published_time\" content=\"2017-03-22T14:31:52+00:00\" \/>\n<meta property=\"og:image\" content=\"https:\/\/liap.eu\/wp-content\/uploads\/2017\/03\/Vincent-Kriste.jpeg\" \/>\n\t<meta property=\"og:image:width\" content=\"1024\" \/>\n\t<meta property=\"og:image:height\" content=\"714\" \/>\n\t<meta property=\"og:image:type\" content=\"image\/jpeg\" \/>\n<meta name=\"author\" content=\"admin\" \/>\n<meta name=\"twitter:card\" content=\"summary_large_image\" \/>\n<meta name=\"twitter:label1\" content=\"Written by\" \/>\n\t<meta name=\"twitter:data1\" content=\"admin\" \/>\n\t<meta name=\"twitter:label2\" content=\"Estimated reading time\" \/>\n\t<meta name=\"twitter:data2\" content=\"1 minute\" \/>\n<script type=\"application\/ld+json\" class=\"yoast-schema-graph\">{\"@context\":\"https:\/\/schema.org\",\"@graph\":[{\"@type\":\"Article\",\"@id\":\"https:\/\/liap.eu\/index.php\/de\/2017\/03\/22\/vincent-kriste\/#article\",\"isPartOf\":{\"@id\":\"https:\/\/liap.eu\/index.php\/de\/2017\/03\/22\/vincent-kriste\/\"},\"author\":{\"name\":\"admin\",\"@id\":\"https:\/\/liap.eu\/#\/schema\/person\/c0016ebd6cdceb3e72cd61a3cea7577c\"},\"headline\":\"Vincent Kriste\",\"datePublished\":\"2017-03-22T14:31:52+00:00\",\"mainEntityOfPage\":{\"@id\":\"https:\/\/liap.eu\/index.php\/de\/2017\/03\/22\/vincent-kriste\/\"},\"wordCount\":150,\"publisher\":{\"@id\":\"https:\/\/liap.eu\/#organization\"},\"image\":{\"@id\":\"https:\/\/liap.eu\/index.php\/de\/2017\/03\/22\/vincent-kriste\/#primaryimage\"},\"thumbnailUrl\":\"https:\/\/liap.eu\/wp-content\/uploads\/2017\/03\/Vincent-Kriste.jpeg\",\"articleSection\":[\"K\u00fcnstler 2010\"],\"inLanguage\":\"en-GB\"},{\"@type\":\"WebPage\",\"@id\":\"https:\/\/liap.eu\/index.php\/de\/2017\/03\/22\/vincent-kriste\/\",\"url\":\"https:\/\/liap.eu\/index.php\/de\/2017\/03\/22\/vincent-kriste\/\",\"name\":\"Vincent Kriste - LIA\",\"isPartOf\":{\"@id\":\"https:\/\/liap.eu\/#website\"},\"primaryImageOfPage\":{\"@id\":\"https:\/\/liap.eu\/index.php\/de\/2017\/03\/22\/vincent-kriste\/#primaryimage\"},\"image\":{\"@id\":\"https:\/\/liap.eu\/index.php\/de\/2017\/03\/22\/vincent-kriste\/#primaryimage\"},\"thumbnailUrl\":\"https:\/\/liap.eu\/wp-content\/uploads\/2017\/03\/Vincent-Kriste.jpeg\",\"datePublished\":\"2017-03-22T14:31:52+00:00\",\"breadcrumb\":{\"@id\":\"https:\/\/liap.eu\/index.php\/de\/2017\/03\/22\/vincent-kriste\/#breadcrumb\"},\"inLanguage\":\"en-GB\",\"potentialAction\":[{\"@type\":\"ReadAction\",\"target\":[\"https:\/\/liap.eu\/index.php\/de\/2017\/03\/22\/vincent-kriste\/\"]}]},{\"@type\":\"ImageObject\",\"inLanguage\":\"en-GB\",\"@id\":\"https:\/\/liap.eu\/index.php\/de\/2017\/03\/22\/vincent-kriste\/#primaryimage\",\"url\":\"https:\/\/liap.eu\/wp-content\/uploads\/2017\/03\/Vincent-Kriste.jpeg\",\"contentUrl\":\"https:\/\/liap.eu\/wp-content\/uploads\/2017\/03\/Vincent-Kriste.jpeg\",\"width\":1024,\"height\":714},{\"@type\":\"BreadcrumbList\",\"@id\":\"https:\/\/liap.eu\/index.php\/de\/2017\/03\/22\/vincent-kriste\/#breadcrumb\",\"itemListElement\":[{\"@type\":\"ListItem\",\"position\":1,\"name\":\"Startseite\",\"item\":\"https:\/\/liap.eu\/index.php\/de\/\"},{\"@type\":\"ListItem\",\"position\":2,\"name\":\"Vincent Kriste\"}]},{\"@type\":\"WebSite\",\"@id\":\"https:\/\/liap.eu\/#website\",\"url\":\"https:\/\/liap.eu\/\",\"name\":\"LIA - Leipzig International Art Programme\",\"description\":\"Leipzig International Art Programme\",\"publisher\":{\"@id\":\"https:\/\/liap.eu\/#organization\"},\"potentialAction\":[{\"@type\":\"SearchAction\",\"target\":{\"@type\":\"EntryPoint\",\"urlTemplate\":\"https:\/\/liap.eu\/?s={search_term_string}\"},\"query-input\":{\"@type\":\"PropertyValueSpecification\",\"valueRequired\":true,\"valueName\":\"search_term_string\"}}],\"inLanguage\":\"en-GB\"},{\"@type\":\"Organization\",\"@id\":\"https:\/\/liap.eu\/#organization\",\"name\":\"Leipzig International Art Programme\",\"url\":\"https:\/\/liap.eu\/\",\"logo\":{\"@type\":\"ImageObject\",\"inLanguage\":\"en-GB\",\"@id\":\"https:\/\/liap.eu\/#\/schema\/logo\/image\/\",\"url\":\"https:\/\/liap.eu\/wp-content\/uploads\/2021\/11\/LIAP.jpg\",\"contentUrl\":\"https:\/\/liap.eu\/wp-content\/uploads\/2021\/11\/LIAP.jpg\",\"width\":870,\"height\":140,\"caption\":\"Leipzig International Art Programme\"},\"image\":{\"@id\":\"https:\/\/liap.eu\/#\/schema\/logo\/image\/\"},\"sameAs\":[\"https:\/\/www.facebook.com\/LIAprogramme\",\"https:\/\/www.instagram.com\/lia_programme\/\",\"https:\/\/www.youtube.com\/channel\/UCVp_APjH6wtmApuu5kWgUqA\/videos\"]},{\"@type\":\"Person\",\"@id\":\"https:\/\/liap.eu\/#\/schema\/person\/c0016ebd6cdceb3e72cd61a3cea7577c\",\"name\":\"admin\",\"image\":{\"@type\":\"ImageObject\",\"inLanguage\":\"en-GB\",\"@id\":\"https:\/\/liap.eu\/#\/schema\/person\/image\/\",\"url\":\"https:\/\/secure.gravatar.com\/avatar\/c57aaae4a0c224128d9190c182b32fe4?s=96&d=mm&r=g\",\"contentUrl\":\"https:\/\/secure.gravatar.com\/avatar\/c57aaae4a0c224128d9190c182b32fe4?s=96&d=mm&r=g\",\"caption\":\"admin\"}}]}<\/script>\n<!-- \/ Yoast SEO plugin. -->","yoast_head_json":{"title":"Vincent Kriste - LIA","robots":{"index":"index","follow":"follow","max-snippet":"max-snippet:-1","max-image-preview":"max-image-preview:large","max-video-preview":"max-video-preview:-1"},"canonical":"https:\/\/liap.eu\/index.php\/de\/2017\/03\/22\/vincent-kriste\/","og_locale":"en_GB","og_type":"article","og_title":"Vincent Kriste - LIA","og_description":"geboren am 8. August in Z\u00fcrich in 1979. Er besuchte einen Vorkurs und die Grafikklasse an der Schule f\u00fcr Gestaltung in Basel bevor er 2007 sein Studium der Bildenden Kunst an der Hochschule f\u00fcr Gestaltung und Kunst Basel abschloss. Er wurde durch Atelierstipendien in Havanna und Leipzig ausgezeichnet. Ausbildung 1996-1997 Vorkurs, Schule f\u00fcr Gestaltung Basel&hellip;Continue readingVincent Kriste","og_url":"https:\/\/liap.eu\/index.php\/de\/2017\/03\/22\/vincent-kriste\/","og_site_name":"LIA","article_publisher":"https:\/\/www.facebook.com\/LIAprogramme","article_published_time":"2017-03-22T14:31:52+00:00","og_image":[{"width":1024,"height":714,"url":"https:\/\/liap.eu\/wp-content\/uploads\/2017\/03\/Vincent-Kriste.jpeg","type":"image\/jpeg"}],"author":"admin","twitter_card":"summary_large_image","twitter_misc":{"Written by":"admin","Estimated reading time":"1 minute"},"schema":{"@context":"https:\/\/schema.org","@graph":[{"@type":"Article","@id":"https:\/\/liap.eu\/index.php\/de\/2017\/03\/22\/vincent-kriste\/#article","isPartOf":{"@id":"https:\/\/liap.eu\/index.php\/de\/2017\/03\/22\/vincent-kriste\/"},"author":{"name":"admin","@id":"https:\/\/liap.eu\/#\/schema\/person\/c0016ebd6cdceb3e72cd61a3cea7577c"},"headline":"Vincent Kriste","datePublished":"2017-03-22T14:31:52+00:00","mainEntityOfPage":{"@id":"https:\/\/liap.eu\/index.php\/de\/2017\/03\/22\/vincent-kriste\/"},"wordCount":150,"publisher":{"@id":"https:\/\/liap.eu\/#organization"},"image":{"@id":"https:\/\/liap.eu\/index.php\/de\/2017\/03\/22\/vincent-kriste\/#primaryimage"},"thumbnailUrl":"https:\/\/liap.eu\/wp-content\/uploads\/2017\/03\/Vincent-Kriste.jpeg","articleSection":["K\u00fcnstler 2010"],"inLanguage":"en-GB"},{"@type":"WebPage","@id":"https:\/\/liap.eu\/index.php\/de\/2017\/03\/22\/vincent-kriste\/","url":"https:\/\/liap.eu\/index.php\/de\/2017\/03\/22\/vincent-kriste\/","name":"Vincent Kriste - LIA","isPartOf":{"@id":"https:\/\/liap.eu\/#website"},"primaryImageOfPage":{"@id":"https:\/\/liap.eu\/index.php\/de\/2017\/03\/22\/vincent-kriste\/#primaryimage"},"image":{"@id":"https:\/\/liap.eu\/index.php\/de\/2017\/03\/22\/vincent-kriste\/#primaryimage"},"thumbnailUrl":"https:\/\/liap.eu\/wp-content\/uploads\/2017\/03\/Vincent-Kriste.jpeg","datePublished":"2017-03-22T14:31:52+00:00","breadcrumb":{"@id":"https:\/\/liap.eu\/index.php\/de\/2017\/03\/22\/vincent-kriste\/#breadcrumb"},"inLanguage":"en-GB","potentialAction":[{"@type":"ReadAction","target":["https:\/\/liap.eu\/index.php\/de\/2017\/03\/22\/vincent-kriste\/"]}]},{"@type":"ImageObject","inLanguage":"en-GB","@id":"https:\/\/liap.eu\/index.php\/de\/2017\/03\/22\/vincent-kriste\/#primaryimage","url":"https:\/\/liap.eu\/wp-content\/uploads\/2017\/03\/Vincent-Kriste.jpeg","contentUrl":"https:\/\/liap.eu\/wp-content\/uploads\/2017\/03\/Vincent-Kriste.jpeg","width":1024,"height":714},{"@type":"BreadcrumbList","@id":"https:\/\/liap.eu\/index.php\/de\/2017\/03\/22\/vincent-kriste\/#breadcrumb","itemListElement":[{"@type":"ListItem","position":1,"name":"Startseite","item":"https:\/\/liap.eu\/index.php\/de\/"},{"@type":"ListItem","position":2,"name":"Vincent Kriste"}]},{"@type":"WebSite","@id":"https:\/\/liap.eu\/#website","url":"https:\/\/liap.eu\/","name":"LIA - Leipzig International Art Programme","description":"Leipzig International Art Programme","publisher":{"@id":"https:\/\/liap.eu\/#organization"},"potentialAction":[{"@type":"SearchAction","target":{"@type":"EntryPoint","urlTemplate":"https:\/\/liap.eu\/?s={search_term_string}"},"query-input":{"@type":"PropertyValueSpecification","valueRequired":true,"valueName":"search_term_string"}}],"inLanguage":"en-GB"},{"@type":"Organization","@id":"https:\/\/liap.eu\/#organization","name":"Leipzig International Art Programme","url":"https:\/\/liap.eu\/","logo":{"@type":"ImageObject","inLanguage":"en-GB","@id":"https:\/\/liap.eu\/#\/schema\/logo\/image\/","url":"https:\/\/liap.eu\/wp-content\/uploads\/2021\/11\/LIAP.jpg","contentUrl":"https:\/\/liap.eu\/wp-content\/uploads\/2021\/11\/LIAP.jpg","width":870,"height":140,"caption":"Leipzig International Art Programme"},"image":{"@id":"https:\/\/liap.eu\/#\/schema\/logo\/image\/"},"sameAs":["https:\/\/www.facebook.com\/LIAprogramme","https:\/\/www.instagram.com\/lia_programme\/","https:\/\/www.youtube.com\/channel\/UCVp_APjH6wtmApuu5kWgUqA\/videos"]},{"@type":"Person","@id":"https:\/\/liap.eu\/#\/schema\/person\/c0016ebd6cdceb3e72cd61a3cea7577c","name":"admin","image":{"@type":"ImageObject","inLanguage":"en-GB","@id":"https:\/\/liap.eu\/#\/schema\/person\/image\/","url":"https:\/\/secure.gravatar.com\/avatar\/c57aaae4a0c224128d9190c182b32fe4?s=96&d=mm&r=g","contentUrl":"https:\/\/secure.gravatar.com\/avatar\/c57aaae4a0c224128d9190c182b32fe4?s=96&d=mm&r=g","caption":"admin"}}]}},"uagb_featured_image_src":{"full":["https:\/\/liap.eu\/wp-content\/uploads\/2017\/03\/Vincent-Kriste.jpeg",1024,714,false],"thumbnail":["https:\/\/liap.eu\/wp-content\/uploads\/2017\/03\/Vincent-Kriste-150x150.jpeg",96,96,true],"medium":["https:\/\/liap.eu\/wp-content\/uploads\/2017\/03\/Vincent-Kriste-300x209.jpeg",300,209,true],"medium_large":["https:\/\/liap.eu\/wp-content\/uploads\/2017\/03\/Vincent-Kriste-768x536.jpeg",768,536,true],"large":["https:\/\/liap.eu\/wp-content\/uploads\/2017\/03\/Vincent-Kriste-1024x714.jpeg",1024,714,true],"1536x1536":["https:\/\/liap.eu\/wp-content\/uploads\/2017\/03\/Vincent-Kriste.jpeg",1024,714,false],"2048x2048":["https:\/\/liap.eu\/wp-content\/uploads\/2017\/03\/Vincent-Kriste.jpeg",1024,714,false],"post-thumbnail":["https:\/\/liap.eu\/wp-content\/uploads\/2017\/03\/Vincent-Kriste.jpeg",1024,714,false],"twentytwenty-fullscreen":["https:\/\/liap.eu\/wp-content\/uploads\/2017\/03\/Vincent-Kriste.jpeg",1024,714,false]},"uagb_author_info":{"display_name":"admin","author_link":"https:\/\/liap.eu\/index.php\/author\/admin\/"},"uagb_comment_info":0,"uagb_excerpt":"geboren am 8. August in Z\u00fcrich in 1979. Er besuchte einen Vorkurs und die Grafikklasse an der Schule f\u00fcr Gestaltung in Basel bevor er 2007 sein Studium der Bildenden Kunst an der Hochschule f\u00fcr Gestaltung und Kunst Basel abschloss. Er wurde durch Atelierstipendien in Havanna und Leipzig ausgezeichnet. Ausbildung 1996-1997 Vorkurs, Schule f\u00fcr Gestaltung Basel&hellip;Continue&hellip;","_links":{"self":[{"href":"https:\/\/liap.eu\/index.php\/wp-json\/wp\/v2\/posts\/848"}],"collection":[{"href":"https:\/\/liap.eu\/index.php\/wp-json\/wp\/v2\/posts"}],"about":[{"href":"https:\/\/liap.eu\/index.php\/wp-json\/wp\/v2\/types\/post"}],"author":[{"embeddable":true,"href":"https:\/\/liap.eu\/index.php\/wp-json\/wp\/v2\/users\/3"}],"replies":[{"embeddable":true,"href":"https:\/\/liap.eu\/index.php\/wp-json\/wp\/v2\/comments?post=848"}],"version-history":[{"count":1,"href":"https:\/\/liap.eu\/index.php\/wp-json\/wp\/v2\/posts\/848\/revisions"}],"predecessor-version":[{"id":850,"href":"https:\/\/liap.eu\/index.php\/wp-json\/wp\/v2\/posts\/848\/revisions\/850"}],"wp:featuredmedia":[{"embeddable":true,"href":"https:\/\/liap.eu\/index.php\/wp-json\/wp\/v2\/media\/849"}],"wp:attachment":[{"href":"https:\/\/liap.eu\/index.php\/wp-json\/wp\/v2\/media?parent=848"}],"wp:term":[{"taxonomy":"category","embeddable":true,"href":"https:\/\/liap.eu\/index.php\/wp-json\/wp\/v2\/categories?post=848"},{"taxonomy":"post_tag","embeddable":true,"href":"https:\/\/liap.eu\/index.php\/wp-json\/wp\/v2\/tags?post=848"}],"curies":[{"name":"wp","href":"https:\/\/api.w.org\/{rel}","templated":true}]}}