{"id":8794,"date":"2021-06-29T11:13:00","date_gmt":"2021-06-29T09:13:00","guid":{"rendered":"https:\/\/liap.eu\/?p=7900"},"modified":"2021-11-30T11:10:36","modified_gmt":"2021-11-30T10:10:36","slug":"stille-strassen","status":"publish","type":"post","link":"https:\/\/liap.eu\/index.php\/de\/2021\/06\/29\/stille-strassen\/","title":{"rendered":"Stille Stra\u00dfen"},"content":{"rendered":"\n<p><strong>03.09.2021-15.10.2021<\/strong><\/p>\n\n\n\n<h4 class=\"wp-block-heading\"><strong>Stefan Guggisberg\/Aika Furukawa <\/strong>ausstellung<strong> <\/strong>im der<strong> <a href=\"https:\/\/www.jki.de\/\">The Japan Foundation<\/a> <\/strong>im<strong> K\u00f6ln.<\/strong><\/h4>\n\n\n\n<p><\/p>\n\n\n\n<p><\/p>\n\n\n\n<div class=\"wp-block-file\"><a href=\"https:\/\/liap.eu\/wp-content\/uploads\/2021\/08\/NEW-LIA_Flyer_AikaFurukawa_StefanGuggisberg_210806_compressed1-1.pdf\">FLYER<\/a><a href=\"https:\/\/liap.eu\/wp-content\/uploads\/2021\/08\/NEW-LIA_Flyer_AikaFurukawa_StefanGuggisberg_210806_compressed1-1.pdf\" class=\"wp-block-file__button\" download>Download<\/a><\/div>\n\n\n\n<p>&#8212;&#8212;&#8212;&gt;<a href=\"https:\/\/www.jki.de\/veranstaltungen\/ausstellungen\/Stille%20Stra%C3%9Fen\"><span class=\"has-inline-color has-vivid-cyan-blue-color\">Press release<\/span><\/a><\/p>\n\n\n\n<p>Japanischen Kulturinstitut<br>The Japan Foundation<br>Universit\u00e4tsstra\u00dfe 98,<br>50674 K\u00f6ln<br><br>t\u00e4glich ge\u00f6ffnet<br>9.00 \u2013 18:00 Uhr<br>Mo bis Fr 14:00 &#8211; 17:00 Uhr<br><\/p>\n\n\n\n<p>Wenn Tage mit anderen Veranstaltungen im Saal<br>(Filmvorf\u00fchrungen, Vortr\u00e4ge, Konzerte usw.) stattfi nden,<br>wird auch abends bis zum Ende der Veranstaltung ge\u00f6ffnet sein.<\/p>\n\n\n\n<h2 class=\"wp-block-heading\">Stille Stra\u00dfen<\/h2>\n\n\n\n<p>2007 begann das LIA &#8211; Leipzig International Art Programme seine Programmt\u00e4tigkeit mit der japanischen Ausstellung zeitgen\u00f6ssischer Kunst Between Past and Future. Es war der Anfang der internationalen K\u00fcnstlerresidenz. Im Laufe der Jahre arbeiteten auch japanische Stipendiaten in der LIA. Dank der Japan Foundation nahm LIA Gr\u00fcnderin Anna-Louise Rolland 2019 an einer inspirierenden Kuratorenreise durch Japan teil, die in die Ausstellung \u201eStille Stra\u00dfen\u201c m\u00fcndete.<br>\u201eWir liefen durch Tokio und hatten gerade Shibuya, einer der weltweit belebtesten Stra\u00dfenkreuzungen der Welt, hinter uns gelassen. Wir bogen in eine Nebenstra\u00dfe ein. Von einer Sekunde auf die N\u00e4chste war es absolut still und die kleine Stra\u00dfe menschenleer. Kein Fahrzeug fuhr mehr. Nur die Lichter der Laternen und die fester der kleinen Einfamilienh\u00e4user waren erleuchtet.\u201c<br>Eine stille Stra\u00dfe wird oft als Metapher f\u00fcr Ver\u00e4nderung benutzt, denn die Leere er\u00f6ffnet neue Perspektiven. Eine internationale K\u00fcnstlerresidenz schafft dauerhaft Ver\u00e4nderungen, indem es Blickwechsel erzeugt. Eine K\u00fcnstlerresidenz ist eine Kreuzung mit stillen Nebenstra\u00dfen. Menschen verschiedener Kulturen treffen hier zusammen und lassen sich von einer fremden Kultur im st\u00e4ndigen Austausch inspirieren. Begegnungen entstehen begleitet von einem Laut und Leise, Pr\u00e4sentieren und Erarbeiten, von Gespr\u00e4chen und in Besinnung.<br>Einige Monate nach der Erfahrung in Tokio wurde die ganze Welt still. Covid-19 hatte begonnen wie auch die Arbeit an der Ausstellung. Stefan Guggisberg, langj\u00e4hriger Gastkritiker im LIA Programm, begann intensive Gespr\u00e4che \u00fcber Japan, suchte den Austausch \u00fcber Japan nach der Kuratorenreise Rollands. 2019 konnte er ein einmonatiges Stipendium in Kofu wahrnehmen. \u201eIch habe diese stille Neugier gegen\u00fcber Japan seit meiner Kindheit. Meine ersten Begegnungen waren damals Pok\u00e9mon und die Kampfkunst. Es gab immer diese Aufgeregtheit Japan gegen\u00fcber, ein Verlangen, Kontakt aufzunehmen mit etwas Unbekanntem,\u201c erz\u00e4hlt Stefan Guggisberg.<\/p>\n\n\n\n<figure class=\"wp-block-image size-large\"><img decoding=\"async\" src=\"https:\/\/liap.eu\/wp-content\/uploads\/2021\/06\/Stefan_Guggisberg_IV-1024x682.jpeg\" alt=\"\" class=\"wp-image-7896\"\/><figcaption>Stefan Guggisberg, ohne Titel (Sph\u00e4re), 2021, \u00d6l auf Papier, 240 x 170 cm<\/figcaption><\/figure>\n\n\n\n<p>2004 erreichte der Schweizer <strong>Stefan Guggisberg<\/strong> Leipzig, um an der dortigen Kunsthochschule zu beginnen. 2010 erreichte die Japanerin Aika Furukawa die K\u00fcnstlerresidenz LIA in Leipzig, um europ\u00e4ische Malerei zu studieren. Beide K\u00fcnstler blieben in Leipzig, besuchten gegenseitig ihre Ausstellungen und Atelierpr\u00e4sentationen. 2019 lernten sie sich auf Aika Furukawas Vernissage in Tokio kennen. Zwei Wahlleipziger begegneten sich in Japan. Hier stellen sie erstmalig gemeinsam in K\u00f6ln aus.<br>Beide K\u00fcnstler verbindet die Malerei. Beide gehen vom Zeichnerischen aus. Sie arbeiten mit Gegens\u00e4tzen: Laut und Leise, F\u00fclle und Leere. Sie arbeiten mit Bildr\u00e4umen. Stefan Guggisberg baut sie innerhalb des gew\u00e4hlten Bildformats auf durch Abtragung. Aika Furuakwa l\u00e4sst sie im Wechselspiel und oft unter Einbezug vom Umraum erst entstehen.<br>Sie trennt ihre Herangehensweise. Stefan Guggisberg kommt aus der Fotografie. Er sucht das Fotografische im Malerischen. Aika Furukawa kommt aus der Malerei. Sie sucht das Zeichnerische im Malerischen. Beide verbindet die europ\u00e4ische Tradition der Malerei und ihre Sehgewohnheiten.<br>Stefan Guggisbergs I-Pad Malereien \u00e4hneln den Schatten in einer H\u00f6hle, seine filigranen Zeichnungen H\u00f6hlenmalereien. Er vergleicht seinen Arbeitsprozess mit Platons H\u00f6hlengleichnis. Wir schauen auf seine Bilder, wir interpretieren unsere Realit\u00e4t hinein. Hier und da glaubt der Betrachter, einen Schatten zu erkennen, eine Silhouette zeichnet sich ab, ein Vorbeigehen, ein Huschen, eine Spur, dann wieder Stille. Er spielt und bricht Wahrnehmungsmuster. Bewusst setzt er Unsch\u00e4rfe im Vordergrund, sch\u00e4rft den Hintergrund mit filigranen Zeichnungen an den Bildw\u00e4nden.<br>Seine gro\u00dfformatigen \u00d6lmalereien sind hinter Glas gerahmt. Sie werden wie Zeichnungen behandelt und zeigen keinen klar definierten Raum. Der Malerische Prozess ist abtragend und freilegend. Wie von einer Gesteinswand werden die Bildschichten abgetragen und aus dem \u201eUrgestein\u201c werden \u00dcberlagerungen freigelegt, bis etwas Drittes kommt. Stefan Guggisberg spricht \u00fcber seinen Bilddialog, er muss das \u201eSpiel am Laufen halten\u201c. Er sucht keine Bilder, er findet sie.<\/p>\n\n\n\n<figure class=\"wp-block-image size-large\"><img decoding=\"async\" src=\"https:\/\/liap.eu\/wp-content\/uploads\/2021\/06\/Aika_Furukawa_III-1024x682.jpeg\" alt=\"\" class=\"wp-image-7897\"\/><figcaption>Aika Furukawa<\/figcaption><\/figure>\n\n\n\n<p><strong>Aika Furukawa<\/strong>s Arbeit konzentriert sich auf das Allt\u00e4gliche im Detail, das Besondere im Allgemeinen. Sie malt Textilien des allt\u00e4glichen Lebens, stellt sie dar in ihrer Benutztheit, Abgelegentheit aber auch Sch\u00f6nheit. Sie malt die F\u00fclle in der Einfachheit. Knicke, Falten und Br\u00fcche werden altmeisterlich festgehalten, stehen ihren zeichnerischen, abstrakten Malereien gegen\u00fcber, die in den Raum greifen, h\u00e4ngen, liegen, klobig werden und wieder still und flach. Eine flache Wand ist kein Hindernis, sie wird zur Herausforderung, wird einbezogen ins Werk. Rahmen werden sichtbar gemacht, Strukturen der Bildkonstruktionen bewusst hervorgeholt und in ihrer Machart ausgestellt. Das Allt\u00e4gliche wird hervorgeholt auf die B\u00fchne.<br>Aika Furkawa wurde klassisch in Japan in der Malerei ausgebildet. Sie kam nach Deutschland, weil sie europ\u00e4ische Malerei am Ort des Geschehens sehen, erleben und studieren wollte. Aika Furukawa malt Textilien, die uns zu dem machen, was wir sind oder gern sein m\u00f6chten, wenn sie Anz\u00fcge, Krawatten oder Kost\u00fcme festh\u00e4lt und sie dann dreidimensional in einen Raum fallen l\u00e4sst, indem sie die meterlange Leinwand von der Decke abh\u00e4ngt. Oft arbeitet sie in Serien das ganze Jahr hindurch. Der Prozess ist wesentlicher Teil ihrer Arbeit, die Dauer hat mehr Gewicht als das physische Endergebnis.<br>Aika Furukawa wie auch Stefan Guggisberg ist der Prozess das Wichtigste, die Dauer, die Zeit bei der Werkentstehung ist ihr Dreh- und Angelpunkt. Hier treffen sich beide wieder. Im Zeichnerischen tritt die japanische Kunst der Kalligraphie bei beiden hervor. W\u00e4hrend Aika Furukawa die Stille durch ihre eine Wanderschaft zwischen \u00f6stlicher und westlicher Bildtradition durchbricht, tut es Stefan Guggisberg, indem er heraussch\u00e4lt, was in seinen Bildern l\u00e4ngst vorhanden ist, ein Hervorholen der Welt, die in ihm selbst steckt. Aus der Stille entsteht die F\u00fclle.<\/p>\n\n\n\n<p>Anna-Louise Rolland<\/p>\n","protected":false},"excerpt":{"rendered":"<p>03.09.2021-15.10.2021 Stefan Guggisberg\/Aika Furukawa ausstellung im der The Japan Foundation im K\u00f6ln. &#8212;&#8212;&#8212;&gt;Press release Japanischen KulturinstitutThe Japan FoundationUniversit\u00e4tsstra\u00dfe 98,50674 K\u00f6ln t\u00e4glich ge\u00f6ffnet9.00 \u2013 18:00 UhrMo bis Fr 14:00 &#8211; 17:00 Uhr Wenn Tage mit anderen Veranstaltungen im Saal(Filmvorf\u00fchrungen, Vortr\u00e4ge, Konzerte usw.) stattfi nden,wird auch abends bis zum Ende der Veranstaltung ge\u00f6ffnet sein. Stille Stra\u00dfen 2007&hellip;<a href=\"https:\/\/liap.eu\/index.php\/de\/2021\/06\/29\/stille-strassen\/\" class=\"more-link\"><span>Continue reading<\/span><span class=\"screen-reader-text\">Stille Stra\u00dfen<\/span><\/a><\/p>\n","protected":false},"author":4,"featured_media":7901,"comment_status":"closed","ping_status":"closed","sticky":false,"template":"templates\/template-full-width.php","format":"standard","meta":{"om_disable_all_campaigns":false,"_uag_custom_page_level_css":"","footnotes":""},"categories":[32],"tags":[],"class_list":["post-8794","post","type-post","status-publish","format-standard","has-post-thumbnail","hentry","category-archiv","tw-meta-no-icon"],"yoast_head":"<!-- This site is optimized with the Yoast SEO plugin v25.6 - https:\/\/yoast.com\/wordpress\/plugins\/seo\/ -->\n<title>Stille Stra\u00dfen - LIA<\/title>\n<meta name=\"robots\" content=\"index, follow, max-snippet:-1, max-image-preview:large, max-video-preview:-1\" \/>\n<link rel=\"canonical\" href=\"https:\/\/liap.eu\/index.php\/de\/2021\/06\/29\/stille-strassen\/\" \/>\n<meta property=\"og:locale\" content=\"en_GB\" \/>\n<meta property=\"og:type\" content=\"article\" \/>\n<meta property=\"og:title\" content=\"Stille Stra\u00dfen - LIA\" \/>\n<meta property=\"og:description\" content=\"03.09.2021-15.10.2021 Stefan Guggisberg\/Aika Furukawa ausstellung im der The Japan Foundation im K\u00f6ln. &#8212;&#8212;&#8212;&gt;Press release Japanischen KulturinstitutThe Japan FoundationUniversit\u00e4tsstra\u00dfe 98,50674 K\u00f6ln t\u00e4glich ge\u00f6ffnet9.00 \u2013 18:00 UhrMo bis Fr 14:00 &#8211; 17:00 Uhr Wenn Tage mit anderen Veranstaltungen im Saal(Filmvorf\u00fchrungen, Vortr\u00e4ge, Konzerte usw.) stattfi nden,wird auch abends bis zum Ende der Veranstaltung ge\u00f6ffnet sein. Stille Stra\u00dfen 2007&hellip;Continue readingStille Stra\u00dfen\" \/>\n<meta property=\"og:url\" content=\"https:\/\/liap.eu\/index.php\/de\/2021\/06\/29\/stille-strassen\/\" \/>\n<meta property=\"og:site_name\" content=\"LIA\" \/>\n<meta property=\"article:publisher\" content=\"https:\/\/www.facebook.com\/LIAprogramme\" \/>\n<meta property=\"article:author\" content=\"https:\/\/www.facebook.com\/LIAprogramme\" \/>\n<meta property=\"article:published_time\" content=\"2021-06-29T09:13:00+00:00\" \/>\n<meta property=\"article:modified_time\" content=\"2021-11-30T10:10:36+00:00\" \/>\n<meta name=\"author\" content=\"LIA\" \/>\n<meta name=\"twitter:card\" content=\"summary_large_image\" \/>\n<meta name=\"twitter:label1\" content=\"Written by\" \/>\n\t<meta name=\"twitter:data1\" content=\"LIA\" \/>\n\t<meta name=\"twitter:label2\" content=\"Estimated reading time\" \/>\n\t<meta name=\"twitter:data2\" content=\"5 minutes\" \/>\n<script type=\"application\/ld+json\" class=\"yoast-schema-graph\">{\"@context\":\"https:\/\/schema.org\",\"@graph\":[{\"@type\":\"Article\",\"@id\":\"https:\/\/liap.eu\/index.php\/de\/2021\/06\/29\/stille-strassen\/#article\",\"isPartOf\":{\"@id\":\"https:\/\/liap.eu\/index.php\/de\/2021\/06\/29\/stille-strassen\/\"},\"author\":{\"name\":\"LIA\",\"@id\":\"https:\/\/liap.eu\/#\/schema\/person\/6a0bff64f73ff1a6b7e1ccb7faf58204\"},\"headline\":\"Stille Stra\u00dfen\",\"datePublished\":\"2021-06-29T09:13:00+00:00\",\"dateModified\":\"2021-11-30T10:10:36+00:00\",\"mainEntityOfPage\":{\"@id\":\"https:\/\/liap.eu\/index.php\/de\/2021\/06\/29\/stille-strassen\/\"},\"wordCount\":987,\"publisher\":{\"@id\":\"https:\/\/liap.eu\/#organization\"},\"image\":{\"@id\":\"https:\/\/liap.eu\/index.php\/de\/2021\/06\/29\/stille-strassen\/#primaryimage\"},\"thumbnailUrl\":\"\",\"articleSection\":[\"Archiv\"],\"inLanguage\":\"en-GB\"},{\"@type\":\"WebPage\",\"@id\":\"https:\/\/liap.eu\/index.php\/de\/2021\/06\/29\/stille-strassen\/\",\"url\":\"https:\/\/liap.eu\/index.php\/de\/2021\/06\/29\/stille-strassen\/\",\"name\":\"Stille Stra\u00dfen - LIA\",\"isPartOf\":{\"@id\":\"https:\/\/liap.eu\/#website\"},\"primaryImageOfPage\":{\"@id\":\"https:\/\/liap.eu\/index.php\/de\/2021\/06\/29\/stille-strassen\/#primaryimage\"},\"image\":{\"@id\":\"https:\/\/liap.eu\/index.php\/de\/2021\/06\/29\/stille-strassen\/#primaryimage\"},\"thumbnailUrl\":\"\",\"datePublished\":\"2021-06-29T09:13:00+00:00\",\"dateModified\":\"2021-11-30T10:10:36+00:00\",\"breadcrumb\":{\"@id\":\"https:\/\/liap.eu\/index.php\/de\/2021\/06\/29\/stille-strassen\/#breadcrumb\"},\"inLanguage\":\"en-GB\",\"potentialAction\":[{\"@type\":\"ReadAction\",\"target\":[\"https:\/\/liap.eu\/index.php\/de\/2021\/06\/29\/stille-strassen\/\"]}]},{\"@type\":\"ImageObject\",\"inLanguage\":\"en-GB\",\"@id\":\"https:\/\/liap.eu\/index.php\/de\/2021\/06\/29\/stille-strassen\/#primaryimage\",\"url\":\"\",\"contentUrl\":\"\"},{\"@type\":\"BreadcrumbList\",\"@id\":\"https:\/\/liap.eu\/index.php\/de\/2021\/06\/29\/stille-strassen\/#breadcrumb\",\"itemListElement\":[{\"@type\":\"ListItem\",\"position\":1,\"name\":\"Startseite\",\"item\":\"https:\/\/liap.eu\/index.php\/de\/\"},{\"@type\":\"ListItem\",\"position\":2,\"name\":\"Stille Stra\u00dfen\"}]},{\"@type\":\"WebSite\",\"@id\":\"https:\/\/liap.eu\/#website\",\"url\":\"https:\/\/liap.eu\/\",\"name\":\"LIA - Leipzig International Art Programme\",\"description\":\"Leipzig International Art Programme\",\"publisher\":{\"@id\":\"https:\/\/liap.eu\/#organization\"},\"potentialAction\":[{\"@type\":\"SearchAction\",\"target\":{\"@type\":\"EntryPoint\",\"urlTemplate\":\"https:\/\/liap.eu\/?s={search_term_string}\"},\"query-input\":{\"@type\":\"PropertyValueSpecification\",\"valueRequired\":true,\"valueName\":\"search_term_string\"}}],\"inLanguage\":\"en-GB\"},{\"@type\":\"Organization\",\"@id\":\"https:\/\/liap.eu\/#organization\",\"name\":\"Leipzig International Art Programme\",\"url\":\"https:\/\/liap.eu\/\",\"logo\":{\"@type\":\"ImageObject\",\"inLanguage\":\"en-GB\",\"@id\":\"https:\/\/liap.eu\/#\/schema\/logo\/image\/\",\"url\":\"https:\/\/liap.eu\/wp-content\/uploads\/2021\/11\/LIAP.jpg\",\"contentUrl\":\"https:\/\/liap.eu\/wp-content\/uploads\/2021\/11\/LIAP.jpg\",\"width\":870,\"height\":140,\"caption\":\"Leipzig International Art Programme\"},\"image\":{\"@id\":\"https:\/\/liap.eu\/#\/schema\/logo\/image\/\"},\"sameAs\":[\"https:\/\/www.facebook.com\/LIAprogramme\",\"https:\/\/www.instagram.com\/lia_programme\/\",\"https:\/\/www.youtube.com\/channel\/UCVp_APjH6wtmApuu5kWgUqA\/videos\"]},{\"@type\":\"Person\",\"@id\":\"https:\/\/liap.eu\/#\/schema\/person\/6a0bff64f73ff1a6b7e1ccb7faf58204\",\"name\":\"LIA\",\"image\":{\"@type\":\"ImageObject\",\"inLanguage\":\"en-GB\",\"@id\":\"https:\/\/liap.eu\/#\/schema\/person\/image\/\",\"url\":\"https:\/\/secure.gravatar.com\/avatar\/528cc9c6a7aa20231d89b694711fbe94?s=96&d=mm&r=g\",\"contentUrl\":\"https:\/\/secure.gravatar.com\/avatar\/528cc9c6a7aa20231d89b694711fbe94?s=96&d=mm&r=g\",\"caption\":\"LIA\"},\"sameAs\":[\"https:\/\/www.facebook.com\/LIAprogramme\",\"https:\/\/www.instagram.com\/lia_programme\/\"]}]}<\/script>\n<!-- \/ Yoast SEO plugin. -->","yoast_head_json":{"title":"Stille Stra\u00dfen - LIA","robots":{"index":"index","follow":"follow","max-snippet":"max-snippet:-1","max-image-preview":"max-image-preview:large","max-video-preview":"max-video-preview:-1"},"canonical":"https:\/\/liap.eu\/index.php\/de\/2021\/06\/29\/stille-strassen\/","og_locale":"en_GB","og_type":"article","og_title":"Stille Stra\u00dfen - LIA","og_description":"03.09.2021-15.10.2021 Stefan Guggisberg\/Aika Furukawa ausstellung im der The Japan Foundation im K\u00f6ln. &#8212;&#8212;&#8212;&gt;Press release Japanischen KulturinstitutThe Japan FoundationUniversit\u00e4tsstra\u00dfe 98,50674 K\u00f6ln t\u00e4glich ge\u00f6ffnet9.00 \u2013 18:00 UhrMo bis Fr 14:00 &#8211; 17:00 Uhr Wenn Tage mit anderen Veranstaltungen im Saal(Filmvorf\u00fchrungen, Vortr\u00e4ge, Konzerte usw.) stattfi nden,wird auch abends bis zum Ende der Veranstaltung ge\u00f6ffnet sein. Stille Stra\u00dfen 2007&hellip;Continue readingStille Stra\u00dfen","og_url":"https:\/\/liap.eu\/index.php\/de\/2021\/06\/29\/stille-strassen\/","og_site_name":"LIA","article_publisher":"https:\/\/www.facebook.com\/LIAprogramme","article_author":"https:\/\/www.facebook.com\/LIAprogramme","article_published_time":"2021-06-29T09:13:00+00:00","article_modified_time":"2021-11-30T10:10:36+00:00","author":"LIA","twitter_card":"summary_large_image","twitter_misc":{"Written by":"LIA","Estimated reading time":"5 minutes"},"schema":{"@context":"https:\/\/schema.org","@graph":[{"@type":"Article","@id":"https:\/\/liap.eu\/index.php\/de\/2021\/06\/29\/stille-strassen\/#article","isPartOf":{"@id":"https:\/\/liap.eu\/index.php\/de\/2021\/06\/29\/stille-strassen\/"},"author":{"name":"LIA","@id":"https:\/\/liap.eu\/#\/schema\/person\/6a0bff64f73ff1a6b7e1ccb7faf58204"},"headline":"Stille Stra\u00dfen","datePublished":"2021-06-29T09:13:00+00:00","dateModified":"2021-11-30T10:10:36+00:00","mainEntityOfPage":{"@id":"https:\/\/liap.eu\/index.php\/de\/2021\/06\/29\/stille-strassen\/"},"wordCount":987,"publisher":{"@id":"https:\/\/liap.eu\/#organization"},"image":{"@id":"https:\/\/liap.eu\/index.php\/de\/2021\/06\/29\/stille-strassen\/#primaryimage"},"thumbnailUrl":"","articleSection":["Archiv"],"inLanguage":"en-GB"},{"@type":"WebPage","@id":"https:\/\/liap.eu\/index.php\/de\/2021\/06\/29\/stille-strassen\/","url":"https:\/\/liap.eu\/index.php\/de\/2021\/06\/29\/stille-strassen\/","name":"Stille Stra\u00dfen - LIA","isPartOf":{"@id":"https:\/\/liap.eu\/#website"},"primaryImageOfPage":{"@id":"https:\/\/liap.eu\/index.php\/de\/2021\/06\/29\/stille-strassen\/#primaryimage"},"image":{"@id":"https:\/\/liap.eu\/index.php\/de\/2021\/06\/29\/stille-strassen\/#primaryimage"},"thumbnailUrl":"","datePublished":"2021-06-29T09:13:00+00:00","dateModified":"2021-11-30T10:10:36+00:00","breadcrumb":{"@id":"https:\/\/liap.eu\/index.php\/de\/2021\/06\/29\/stille-strassen\/#breadcrumb"},"inLanguage":"en-GB","potentialAction":[{"@type":"ReadAction","target":["https:\/\/liap.eu\/index.php\/de\/2021\/06\/29\/stille-strassen\/"]}]},{"@type":"ImageObject","inLanguage":"en-GB","@id":"https:\/\/liap.eu\/index.php\/de\/2021\/06\/29\/stille-strassen\/#primaryimage","url":"","contentUrl":""},{"@type":"BreadcrumbList","@id":"https:\/\/liap.eu\/index.php\/de\/2021\/06\/29\/stille-strassen\/#breadcrumb","itemListElement":[{"@type":"ListItem","position":1,"name":"Startseite","item":"https:\/\/liap.eu\/index.php\/de\/"},{"@type":"ListItem","position":2,"name":"Stille Stra\u00dfen"}]},{"@type":"WebSite","@id":"https:\/\/liap.eu\/#website","url":"https:\/\/liap.eu\/","name":"LIA - Leipzig International Art Programme","description":"Leipzig International Art Programme","publisher":{"@id":"https:\/\/liap.eu\/#organization"},"potentialAction":[{"@type":"SearchAction","target":{"@type":"EntryPoint","urlTemplate":"https:\/\/liap.eu\/?s={search_term_string}"},"query-input":{"@type":"PropertyValueSpecification","valueRequired":true,"valueName":"search_term_string"}}],"inLanguage":"en-GB"},{"@type":"Organization","@id":"https:\/\/liap.eu\/#organization","name":"Leipzig International Art Programme","url":"https:\/\/liap.eu\/","logo":{"@type":"ImageObject","inLanguage":"en-GB","@id":"https:\/\/liap.eu\/#\/schema\/logo\/image\/","url":"https:\/\/liap.eu\/wp-content\/uploads\/2021\/11\/LIAP.jpg","contentUrl":"https:\/\/liap.eu\/wp-content\/uploads\/2021\/11\/LIAP.jpg","width":870,"height":140,"caption":"Leipzig International Art Programme"},"image":{"@id":"https:\/\/liap.eu\/#\/schema\/logo\/image\/"},"sameAs":["https:\/\/www.facebook.com\/LIAprogramme","https:\/\/www.instagram.com\/lia_programme\/","https:\/\/www.youtube.com\/channel\/UCVp_APjH6wtmApuu5kWgUqA\/videos"]},{"@type":"Person","@id":"https:\/\/liap.eu\/#\/schema\/person\/6a0bff64f73ff1a6b7e1ccb7faf58204","name":"LIA","image":{"@type":"ImageObject","inLanguage":"en-GB","@id":"https:\/\/liap.eu\/#\/schema\/person\/image\/","url":"https:\/\/secure.gravatar.com\/avatar\/528cc9c6a7aa20231d89b694711fbe94?s=96&d=mm&r=g","contentUrl":"https:\/\/secure.gravatar.com\/avatar\/528cc9c6a7aa20231d89b694711fbe94?s=96&d=mm&r=g","caption":"LIA"},"sameAs":["https:\/\/www.facebook.com\/LIAprogramme","https:\/\/www.instagram.com\/lia_programme\/"]}]}},"uagb_featured_image_src":{"full":false,"thumbnail":false,"medium":false,"medium_large":false,"large":false,"1536x1536":false,"2048x2048":false,"post-thumbnail":false,"twentytwenty-fullscreen":false},"uagb_author_info":{"display_name":"LIA","author_link":"https:\/\/liap.eu\/index.php\/author\/bierau\/"},"uagb_comment_info":0,"uagb_excerpt":"03.09.2021-15.10.2021 Stefan Guggisberg\/Aika Furukawa ausstellung im der The Japan Foundation im K\u00f6ln. &#8212;&#8212;&#8212;&gt;Press release Japanischen KulturinstitutThe Japan FoundationUniversit\u00e4tsstra\u00dfe 98,50674 K\u00f6ln t\u00e4glich ge\u00f6ffnet9.00 \u2013 18:00 UhrMo bis Fr 14:00 &#8211; 17:00 Uhr Wenn Tage mit anderen Veranstaltungen im Saal(Filmvorf\u00fchrungen, Vortr\u00e4ge, Konzerte usw.) stattfi nden,wird auch abends bis zum Ende der Veranstaltung ge\u00f6ffnet sein. Stille Stra\u00dfen 2007&hellip;Continue&hellip;","_links":{"self":[{"href":"https:\/\/liap.eu\/index.php\/wp-json\/wp\/v2\/posts\/8794"}],"collection":[{"href":"https:\/\/liap.eu\/index.php\/wp-json\/wp\/v2\/posts"}],"about":[{"href":"https:\/\/liap.eu\/index.php\/wp-json\/wp\/v2\/types\/post"}],"author":[{"embeddable":true,"href":"https:\/\/liap.eu\/index.php\/wp-json\/wp\/v2\/users\/4"}],"replies":[{"embeddable":true,"href":"https:\/\/liap.eu\/index.php\/wp-json\/wp\/v2\/comments?post=8794"}],"version-history":[{"count":1,"href":"https:\/\/liap.eu\/index.php\/wp-json\/wp\/v2\/posts\/8794\/revisions"}],"predecessor-version":[{"id":9067,"href":"https:\/\/liap.eu\/index.php\/wp-json\/wp\/v2\/posts\/8794\/revisions\/9067"}],"wp:featuredmedia":[{"embeddable":true,"href":"https:\/\/liap.eu\/index.php\/wp-json\/"}],"wp:attachment":[{"href":"https:\/\/liap.eu\/index.php\/wp-json\/wp\/v2\/media?parent=8794"}],"wp:term":[{"taxonomy":"category","embeddable":true,"href":"https:\/\/liap.eu\/index.php\/wp-json\/wp\/v2\/categories?post=8794"},{"taxonomy":"post_tag","embeddable":true,"href":"https:\/\/liap.eu\/index.php\/wp-json\/wp\/v2\/tags?post=8794"}],"curies":[{"name":"wp","href":"https:\/\/api.w.org\/{rel}","templated":true}]}}