{"id":9033,"date":"2021-11-23T13:14:50","date_gmt":"2021-11-23T12:14:50","guid":{"rendered":"https:\/\/liap.eu\/?p=9033"},"modified":"2021-11-23T13:14:52","modified_gmt":"2021-11-23T12:14:52","slug":"magdalena-kreinecker-2","status":"publish","type":"post","link":"https:\/\/liap.eu\/index.php\/de\/2021\/11\/23\/magdalena-kreinecker-2\/","title":{"rendered":"Magdalena Kreinecker"},"content":{"rendered":"\n<figure class=\"wp-block-image size-full\"><img loading=\"lazy\" decoding=\"async\" width=\"1024\" height=\"1024\" src=\"https:\/\/liap.eu\/wp-content\/uploads\/2021\/11\/56f76cbc-1bee-4952-a579-2e53853c9e3e.jpg\" alt=\"\" class=\"wp-image-9017\" srcset=\"https:\/\/liap.eu\/wp-content\/uploads\/2021\/11\/56f76cbc-1bee-4952-a579-2e53853c9e3e.jpg 1024w, https:\/\/liap.eu\/wp-content\/uploads\/2021\/11\/56f76cbc-1bee-4952-a579-2e53853c9e3e-300x300.jpg 300w, https:\/\/liap.eu\/wp-content\/uploads\/2021\/11\/56f76cbc-1bee-4952-a579-2e53853c9e3e-150x150.jpg 150w, https:\/\/liap.eu\/wp-content\/uploads\/2021\/11\/56f76cbc-1bee-4952-a579-2e53853c9e3e-768x768.jpg 768w\" sizes=\"(max-width: 1024px) 100vw, 1024px\" \/><figcaption>Galerie Elisabeth und Klaus Thoman \/ Matthias Aschauer, 2021<\/figcaption><\/figure>\n\n\n\n<p><\/p>\n\n\n\n<p>Born 1993 in Linz, Austria. Lives and works in Vienna. 2013\u20132018 fine art \/ grafic and printma-<br>king University for applied Arts Vienna. <\/p>\n\n\n\n<p>(solo; Vienna), MUSA Startgalerie (duo;Vienna), Deegar Platform (solo; Teheran), PFERD (solo; Vienna)<br>Magdalena Kreinecker works as a visual artist and printmaker in Vienna. She studied fine arts &#8211; graphics and printmaking at the University of applied Arts Vienna and in the Netherlands.<br>Interested in printmaking as a form per se, Kreinecker works methodically in print to analyze and play<br>with our current visual culture. Her work follows a certain logic where the original material is digitally<br>prepared to be later physically transformed.<\/p>\n\n\n\n<p>The technical part is inherent in the form and thus inevitably given to the substance of her artistic practice. She works with various material and techniques mostly in relation to printmaking such as silkscreen, etching or relief printing.<\/p>\n\n\n\n<p>At the same time she sees herself also as a mechanic, layering and arranging copies through endless<br>repetition and transformation of the ever same. Wether engraved in copper plates or scraped out of<br>wood or linoleum \u2013 the process is particularly physical. There has never been a time in which images<br>have spread, traveled or edited at a higher speed and intensity. \u2013 So, making pictures, orbits spirally the realm of haziness and speculation. Through that blurriness, Magdalena compiles associative room installations and produces, mostly analogue large-scale prints from digital material.<\/p>\n\n\n\n<p>Essentially, concepts such as power and propaganda and the significance of the pictorial are object of her analysis. At the moment Magdalena Kreinecker increasingsly works in collaboration with different arists and is challenging the borders of printmaking constantly.<\/p>\n\n\n\n<p><\/p>\n\n\n\n<p><a href=\"https:\/\/magdalenakreinecker.com\/\"><span style=\"color:#09a8eb\" class=\"has-inline-color\">https:\/\/magdalenakreinecker.com\/<\/span><\/a><\/p>\n\n\n\n<figure class=\"wp-block-image size-full\"><img loading=\"lazy\" decoding=\"async\" width=\"1024\" height=\"1024\" src=\"https:\/\/liap.eu\/wp-content\/uploads\/2021\/11\/6d622bfe-7779-41fc-9227-8912d5911d5e.jpg\" alt=\"\" class=\"wp-image-9018\" srcset=\"https:\/\/liap.eu\/wp-content\/uploads\/2021\/11\/6d622bfe-7779-41fc-9227-8912d5911d5e.jpg 1024w, https:\/\/liap.eu\/wp-content\/uploads\/2021\/11\/6d622bfe-7779-41fc-9227-8912d5911d5e-300x300.jpg 300w, https:\/\/liap.eu\/wp-content\/uploads\/2021\/11\/6d622bfe-7779-41fc-9227-8912d5911d5e-150x150.jpg 150w, https:\/\/liap.eu\/wp-content\/uploads\/2021\/11\/6d622bfe-7779-41fc-9227-8912d5911d5e-768x768.jpg 768w\" sizes=\"(max-width: 1024px) 100vw, 1024px\" \/><figcaption>Photo credits Christoph Schle\u00dfmann\/ Viadukt, 2021<\/figcaption><\/figure>\n","protected":false},"excerpt":{"rendered":"<p>Born 1993 in Linz, Austria. Lives and works in Vienna. 2013\u20132018 fine art \/ grafic and printma-king University for applied Arts Vienna. (solo; Vienna), MUSA Startgalerie (duo;Vienna), Deegar Platform (solo; Teheran), PFERD (solo; Vienna)Magdalena Kreinecker works as a visual artist and printmaker in Vienna. She studied fine arts &#8211; graphics and printmaking at the University&hellip;<a href=\"https:\/\/liap.eu\/index.php\/de\/2021\/11\/23\/magdalena-kreinecker-2\/\" class=\"more-link\"><span>Continue reading<\/span><span class=\"screen-reader-text\">Magdalena Kreinecker<\/span><\/a><\/p>\n","protected":false},"author":4,"featured_media":9016,"comment_status":"closed","ping_status":"closed","sticky":false,"template":"templates\/template-full-width.php","format":"standard","meta":{"om_disable_all_campaigns":false,"_uag_custom_page_level_css":"","footnotes":""},"categories":[21,530,532],"tags":[],"class_list":["post-9033","post","type-post","status-publish","format-standard","has-post-thumbnail","hentry","category-kuenstler","category-kuenstler-2021","category-kuenstler-2021-de","tw-meta-no-icon"],"yoast_head":"<!-- This site is optimized with the Yoast SEO plugin v25.6 - https:\/\/yoast.com\/wordpress\/plugins\/seo\/ -->\n<title>Magdalena Kreinecker - LIA<\/title>\n<meta name=\"robots\" content=\"index, follow, max-snippet:-1, max-image-preview:large, max-video-preview:-1\" \/>\n<link rel=\"canonical\" href=\"https:\/\/liap.eu\/index.php\/de\/2021\/11\/23\/magdalena-kreinecker-2\/\" \/>\n<meta property=\"og:locale\" content=\"en_GB\" \/>\n<meta property=\"og:type\" content=\"article\" \/>\n<meta property=\"og:title\" content=\"Magdalena Kreinecker - LIA\" \/>\n<meta property=\"og:description\" content=\"Born 1993 in Linz, Austria. Lives and works in Vienna. 2013\u20132018 fine art \/ grafic and printma-king University for applied Arts Vienna. (solo; Vienna), MUSA Startgalerie (duo;Vienna), Deegar Platform (solo; Teheran), PFERD (solo; Vienna)Magdalena Kreinecker works as a visual artist and printmaker in Vienna. She studied fine arts &#8211; graphics and printmaking at the University&hellip;Continue readingMagdalena Kreinecker\" \/>\n<meta property=\"og:url\" content=\"https:\/\/liap.eu\/index.php\/de\/2021\/11\/23\/magdalena-kreinecker-2\/\" \/>\n<meta property=\"og:site_name\" content=\"LIA\" \/>\n<meta property=\"article:publisher\" content=\"https:\/\/www.facebook.com\/LIAprogramme\" \/>\n<meta property=\"article:author\" content=\"https:\/\/www.facebook.com\/LIAprogramme\" \/>\n<meta property=\"article:published_time\" content=\"2021-11-23T12:14:50+00:00\" \/>\n<meta property=\"article:modified_time\" content=\"2021-11-23T12:14:52+00:00\" \/>\n<meta property=\"og:image\" content=\"https:\/\/liap.eu\/wp-content\/uploads\/2021\/11\/Kreinecker_Portrait_cMatthiasAschauer.jpeg\" \/>\n\t<meta property=\"og:image:width\" content=\"427\" \/>\n\t<meta property=\"og:image:height\" content=\"640\" \/>\n\t<meta property=\"og:image:type\" content=\"image\/jpeg\" \/>\n<meta name=\"author\" content=\"LIA\" \/>\n<meta name=\"twitter:card\" content=\"summary_large_image\" \/>\n<meta name=\"twitter:label1\" content=\"Written by\" \/>\n\t<meta name=\"twitter:data1\" content=\"LIA\" \/>\n\t<meta name=\"twitter:label2\" content=\"Estimated reading time\" \/>\n\t<meta name=\"twitter:data2\" content=\"2 minutes\" \/>\n<script type=\"application\/ld+json\" class=\"yoast-schema-graph\">{\"@context\":\"https:\/\/schema.org\",\"@graph\":[{\"@type\":\"Article\",\"@id\":\"https:\/\/liap.eu\/index.php\/de\/2021\/11\/23\/magdalena-kreinecker-2\/#article\",\"isPartOf\":{\"@id\":\"https:\/\/liap.eu\/index.php\/de\/2021\/11\/23\/magdalena-kreinecker-2\/\"},\"author\":{\"name\":\"LIA\",\"@id\":\"https:\/\/liap.eu\/#\/schema\/person\/6a0bff64f73ff1a6b7e1ccb7faf58204\"},\"headline\":\"Magdalena Kreinecker\",\"datePublished\":\"2021-11-23T12:14:50+00:00\",\"dateModified\":\"2021-11-23T12:14:52+00:00\",\"mainEntityOfPage\":{\"@id\":\"https:\/\/liap.eu\/index.php\/de\/2021\/11\/23\/magdalena-kreinecker-2\/\"},\"wordCount\":280,\"publisher\":{\"@id\":\"https:\/\/liap.eu\/#organization\"},\"image\":{\"@id\":\"https:\/\/liap.eu\/index.php\/de\/2021\/11\/23\/magdalena-kreinecker-2\/#primaryimage\"},\"thumbnailUrl\":\"https:\/\/liap.eu\/wp-content\/uploads\/2021\/11\/Kreinecker_Portrait_cMatthiasAschauer.jpeg\",\"articleSection\":[\"K\u00fcnstler\",\"K\u00fcnstler 2021\",\"K\u00fcnstler 2021\"],\"inLanguage\":\"en-GB\"},{\"@type\":\"WebPage\",\"@id\":\"https:\/\/liap.eu\/index.php\/de\/2021\/11\/23\/magdalena-kreinecker-2\/\",\"url\":\"https:\/\/liap.eu\/index.php\/de\/2021\/11\/23\/magdalena-kreinecker-2\/\",\"name\":\"Magdalena Kreinecker - LIA\",\"isPartOf\":{\"@id\":\"https:\/\/liap.eu\/#website\"},\"primaryImageOfPage\":{\"@id\":\"https:\/\/liap.eu\/index.php\/de\/2021\/11\/23\/magdalena-kreinecker-2\/#primaryimage\"},\"image\":{\"@id\":\"https:\/\/liap.eu\/index.php\/de\/2021\/11\/23\/magdalena-kreinecker-2\/#primaryimage\"},\"thumbnailUrl\":\"https:\/\/liap.eu\/wp-content\/uploads\/2021\/11\/Kreinecker_Portrait_cMatthiasAschauer.jpeg\",\"datePublished\":\"2021-11-23T12:14:50+00:00\",\"dateModified\":\"2021-11-23T12:14:52+00:00\",\"breadcrumb\":{\"@id\":\"https:\/\/liap.eu\/index.php\/de\/2021\/11\/23\/magdalena-kreinecker-2\/#breadcrumb\"},\"inLanguage\":\"en-GB\",\"potentialAction\":[{\"@type\":\"ReadAction\",\"target\":[\"https:\/\/liap.eu\/index.php\/de\/2021\/11\/23\/magdalena-kreinecker-2\/\"]}]},{\"@type\":\"ImageObject\",\"inLanguage\":\"en-GB\",\"@id\":\"https:\/\/liap.eu\/index.php\/de\/2021\/11\/23\/magdalena-kreinecker-2\/#primaryimage\",\"url\":\"https:\/\/liap.eu\/wp-content\/uploads\/2021\/11\/Kreinecker_Portrait_cMatthiasAschauer.jpeg\",\"contentUrl\":\"https:\/\/liap.eu\/wp-content\/uploads\/2021\/11\/Kreinecker_Portrait_cMatthiasAschauer.jpeg\",\"width\":427,\"height\":640},{\"@type\":\"BreadcrumbList\",\"@id\":\"https:\/\/liap.eu\/index.php\/de\/2021\/11\/23\/magdalena-kreinecker-2\/#breadcrumb\",\"itemListElement\":[{\"@type\":\"ListItem\",\"position\":1,\"name\":\"Startseite\",\"item\":\"https:\/\/liap.eu\/index.php\/de\/\"},{\"@type\":\"ListItem\",\"position\":2,\"name\":\"Magdalena Kreinecker\"}]},{\"@type\":\"WebSite\",\"@id\":\"https:\/\/liap.eu\/#website\",\"url\":\"https:\/\/liap.eu\/\",\"name\":\"LIA - Leipzig International Art Programme\",\"description\":\"Leipzig International Art Programme\",\"publisher\":{\"@id\":\"https:\/\/liap.eu\/#organization\"},\"potentialAction\":[{\"@type\":\"SearchAction\",\"target\":{\"@type\":\"EntryPoint\",\"urlTemplate\":\"https:\/\/liap.eu\/?s={search_term_string}\"},\"query-input\":{\"@type\":\"PropertyValueSpecification\",\"valueRequired\":true,\"valueName\":\"search_term_string\"}}],\"inLanguage\":\"en-GB\"},{\"@type\":\"Organization\",\"@id\":\"https:\/\/liap.eu\/#organization\",\"name\":\"Leipzig International Art Programme\",\"url\":\"https:\/\/liap.eu\/\",\"logo\":{\"@type\":\"ImageObject\",\"inLanguage\":\"en-GB\",\"@id\":\"https:\/\/liap.eu\/#\/schema\/logo\/image\/\",\"url\":\"https:\/\/liap.eu\/wp-content\/uploads\/2021\/11\/LIAP.jpg\",\"contentUrl\":\"https:\/\/liap.eu\/wp-content\/uploads\/2021\/11\/LIAP.jpg\",\"width\":870,\"height\":140,\"caption\":\"Leipzig International Art Programme\"},\"image\":{\"@id\":\"https:\/\/liap.eu\/#\/schema\/logo\/image\/\"},\"sameAs\":[\"https:\/\/www.facebook.com\/LIAprogramme\",\"https:\/\/www.instagram.com\/lia_programme\/\",\"https:\/\/www.youtube.com\/channel\/UCVp_APjH6wtmApuu5kWgUqA\/videos\"]},{\"@type\":\"Person\",\"@id\":\"https:\/\/liap.eu\/#\/schema\/person\/6a0bff64f73ff1a6b7e1ccb7faf58204\",\"name\":\"LIA\",\"image\":{\"@type\":\"ImageObject\",\"inLanguage\":\"en-GB\",\"@id\":\"https:\/\/liap.eu\/#\/schema\/person\/image\/\",\"url\":\"https:\/\/secure.gravatar.com\/avatar\/528cc9c6a7aa20231d89b694711fbe94?s=96&d=mm&r=g\",\"contentUrl\":\"https:\/\/secure.gravatar.com\/avatar\/528cc9c6a7aa20231d89b694711fbe94?s=96&d=mm&r=g\",\"caption\":\"LIA\"},\"sameAs\":[\"https:\/\/www.facebook.com\/LIAprogramme\",\"https:\/\/www.instagram.com\/lia_programme\/\"]}]}<\/script>\n<!-- \/ Yoast SEO plugin. -->","yoast_head_json":{"title":"Magdalena Kreinecker - LIA","robots":{"index":"index","follow":"follow","max-snippet":"max-snippet:-1","max-image-preview":"max-image-preview:large","max-video-preview":"max-video-preview:-1"},"canonical":"https:\/\/liap.eu\/index.php\/de\/2021\/11\/23\/magdalena-kreinecker-2\/","og_locale":"en_GB","og_type":"article","og_title":"Magdalena Kreinecker - LIA","og_description":"Born 1993 in Linz, Austria. Lives and works in Vienna. 2013\u20132018 fine art \/ grafic and printma-king University for applied Arts Vienna. (solo; Vienna), MUSA Startgalerie (duo;Vienna), Deegar Platform (solo; Teheran), PFERD (solo; Vienna)Magdalena Kreinecker works as a visual artist and printmaker in Vienna. She studied fine arts &#8211; graphics and printmaking at the University&hellip;Continue readingMagdalena Kreinecker","og_url":"https:\/\/liap.eu\/index.php\/de\/2021\/11\/23\/magdalena-kreinecker-2\/","og_site_name":"LIA","article_publisher":"https:\/\/www.facebook.com\/LIAprogramme","article_author":"https:\/\/www.facebook.com\/LIAprogramme","article_published_time":"2021-11-23T12:14:50+00:00","article_modified_time":"2021-11-23T12:14:52+00:00","og_image":[{"width":427,"height":640,"url":"https:\/\/liap.eu\/wp-content\/uploads\/2021\/11\/Kreinecker_Portrait_cMatthiasAschauer.jpeg","type":"image\/jpeg"}],"author":"LIA","twitter_card":"summary_large_image","twitter_misc":{"Written by":"LIA","Estimated reading time":"2 minutes"},"schema":{"@context":"https:\/\/schema.org","@graph":[{"@type":"Article","@id":"https:\/\/liap.eu\/index.php\/de\/2021\/11\/23\/magdalena-kreinecker-2\/#article","isPartOf":{"@id":"https:\/\/liap.eu\/index.php\/de\/2021\/11\/23\/magdalena-kreinecker-2\/"},"author":{"name":"LIA","@id":"https:\/\/liap.eu\/#\/schema\/person\/6a0bff64f73ff1a6b7e1ccb7faf58204"},"headline":"Magdalena Kreinecker","datePublished":"2021-11-23T12:14:50+00:00","dateModified":"2021-11-23T12:14:52+00:00","mainEntityOfPage":{"@id":"https:\/\/liap.eu\/index.php\/de\/2021\/11\/23\/magdalena-kreinecker-2\/"},"wordCount":280,"publisher":{"@id":"https:\/\/liap.eu\/#organization"},"image":{"@id":"https:\/\/liap.eu\/index.php\/de\/2021\/11\/23\/magdalena-kreinecker-2\/#primaryimage"},"thumbnailUrl":"https:\/\/liap.eu\/wp-content\/uploads\/2021\/11\/Kreinecker_Portrait_cMatthiasAschauer.jpeg","articleSection":["K\u00fcnstler","K\u00fcnstler 2021","K\u00fcnstler 2021"],"inLanguage":"en-GB"},{"@type":"WebPage","@id":"https:\/\/liap.eu\/index.php\/de\/2021\/11\/23\/magdalena-kreinecker-2\/","url":"https:\/\/liap.eu\/index.php\/de\/2021\/11\/23\/magdalena-kreinecker-2\/","name":"Magdalena Kreinecker - LIA","isPartOf":{"@id":"https:\/\/liap.eu\/#website"},"primaryImageOfPage":{"@id":"https:\/\/liap.eu\/index.php\/de\/2021\/11\/23\/magdalena-kreinecker-2\/#primaryimage"},"image":{"@id":"https:\/\/liap.eu\/index.php\/de\/2021\/11\/23\/magdalena-kreinecker-2\/#primaryimage"},"thumbnailUrl":"https:\/\/liap.eu\/wp-content\/uploads\/2021\/11\/Kreinecker_Portrait_cMatthiasAschauer.jpeg","datePublished":"2021-11-23T12:14:50+00:00","dateModified":"2021-11-23T12:14:52+00:00","breadcrumb":{"@id":"https:\/\/liap.eu\/index.php\/de\/2021\/11\/23\/magdalena-kreinecker-2\/#breadcrumb"},"inLanguage":"en-GB","potentialAction":[{"@type":"ReadAction","target":["https:\/\/liap.eu\/index.php\/de\/2021\/11\/23\/magdalena-kreinecker-2\/"]}]},{"@type":"ImageObject","inLanguage":"en-GB","@id":"https:\/\/liap.eu\/index.php\/de\/2021\/11\/23\/magdalena-kreinecker-2\/#primaryimage","url":"https:\/\/liap.eu\/wp-content\/uploads\/2021\/11\/Kreinecker_Portrait_cMatthiasAschauer.jpeg","contentUrl":"https:\/\/liap.eu\/wp-content\/uploads\/2021\/11\/Kreinecker_Portrait_cMatthiasAschauer.jpeg","width":427,"height":640},{"@type":"BreadcrumbList","@id":"https:\/\/liap.eu\/index.php\/de\/2021\/11\/23\/magdalena-kreinecker-2\/#breadcrumb","itemListElement":[{"@type":"ListItem","position":1,"name":"Startseite","item":"https:\/\/liap.eu\/index.php\/de\/"},{"@type":"ListItem","position":2,"name":"Magdalena Kreinecker"}]},{"@type":"WebSite","@id":"https:\/\/liap.eu\/#website","url":"https:\/\/liap.eu\/","name":"LIA - Leipzig International Art Programme","description":"Leipzig International Art Programme","publisher":{"@id":"https:\/\/liap.eu\/#organization"},"potentialAction":[{"@type":"SearchAction","target":{"@type":"EntryPoint","urlTemplate":"https:\/\/liap.eu\/?s={search_term_string}"},"query-input":{"@type":"PropertyValueSpecification","valueRequired":true,"valueName":"search_term_string"}}],"inLanguage":"en-GB"},{"@type":"Organization","@id":"https:\/\/liap.eu\/#organization","name":"Leipzig International Art Programme","url":"https:\/\/liap.eu\/","logo":{"@type":"ImageObject","inLanguage":"en-GB","@id":"https:\/\/liap.eu\/#\/schema\/logo\/image\/","url":"https:\/\/liap.eu\/wp-content\/uploads\/2021\/11\/LIAP.jpg","contentUrl":"https:\/\/liap.eu\/wp-content\/uploads\/2021\/11\/LIAP.jpg","width":870,"height":140,"caption":"Leipzig International Art Programme"},"image":{"@id":"https:\/\/liap.eu\/#\/schema\/logo\/image\/"},"sameAs":["https:\/\/www.facebook.com\/LIAprogramme","https:\/\/www.instagram.com\/lia_programme\/","https:\/\/www.youtube.com\/channel\/UCVp_APjH6wtmApuu5kWgUqA\/videos"]},{"@type":"Person","@id":"https:\/\/liap.eu\/#\/schema\/person\/6a0bff64f73ff1a6b7e1ccb7faf58204","name":"LIA","image":{"@type":"ImageObject","inLanguage":"en-GB","@id":"https:\/\/liap.eu\/#\/schema\/person\/image\/","url":"https:\/\/secure.gravatar.com\/avatar\/528cc9c6a7aa20231d89b694711fbe94?s=96&d=mm&r=g","contentUrl":"https:\/\/secure.gravatar.com\/avatar\/528cc9c6a7aa20231d89b694711fbe94?s=96&d=mm&r=g","caption":"LIA"},"sameAs":["https:\/\/www.facebook.com\/LIAprogramme","https:\/\/www.instagram.com\/lia_programme\/"]}]}},"uagb_featured_image_src":{"full":["https:\/\/liap.eu\/wp-content\/uploads\/2021\/11\/Kreinecker_Portrait_cMatthiasAschauer.jpeg",427,640,false],"thumbnail":["https:\/\/liap.eu\/wp-content\/uploads\/2021\/11\/Kreinecker_Portrait_cMatthiasAschauer-150x150.jpeg",96,96,true],"medium":["https:\/\/liap.eu\/wp-content\/uploads\/2021\/11\/Kreinecker_Portrait_cMatthiasAschauer-200x300.jpeg",200,300,true],"medium_large":["https:\/\/liap.eu\/wp-content\/uploads\/2021\/11\/Kreinecker_Portrait_cMatthiasAschauer.jpeg",427,640,false],"large":["https:\/\/liap.eu\/wp-content\/uploads\/2021\/11\/Kreinecker_Portrait_cMatthiasAschauer.jpeg",427,640,false],"1536x1536":["https:\/\/liap.eu\/wp-content\/uploads\/2021\/11\/Kreinecker_Portrait_cMatthiasAschauer.jpeg",427,640,false],"2048x2048":["https:\/\/liap.eu\/wp-content\/uploads\/2021\/11\/Kreinecker_Portrait_cMatthiasAschauer.jpeg",427,640,false],"post-thumbnail":["https:\/\/liap.eu\/wp-content\/uploads\/2021\/11\/Kreinecker_Portrait_cMatthiasAschauer.jpeg",427,640,false],"twentytwenty-fullscreen":["https:\/\/liap.eu\/wp-content\/uploads\/2021\/11\/Kreinecker_Portrait_cMatthiasAschauer.jpeg",427,640,false]},"uagb_author_info":{"display_name":"LIA","author_link":"https:\/\/liap.eu\/index.php\/author\/bierau\/"},"uagb_comment_info":0,"uagb_excerpt":"Born 1993 in Linz, Austria. Lives and works in Vienna. 2013\u20132018 fine art \/ grafic and printma-king University for applied Arts Vienna. (solo; Vienna), MUSA Startgalerie (duo;Vienna), Deegar Platform (solo; Teheran), PFERD (solo; Vienna)Magdalena Kreinecker works as a visual artist and printmaker in Vienna. She studied fine arts &#8211; graphics and printmaking at the University&hellip;Continue&hellip;","_links":{"self":[{"href":"https:\/\/liap.eu\/index.php\/wp-json\/wp\/v2\/posts\/9033"}],"collection":[{"href":"https:\/\/liap.eu\/index.php\/wp-json\/wp\/v2\/posts"}],"about":[{"href":"https:\/\/liap.eu\/index.php\/wp-json\/wp\/v2\/types\/post"}],"author":[{"embeddable":true,"href":"https:\/\/liap.eu\/index.php\/wp-json\/wp\/v2\/users\/4"}],"replies":[{"embeddable":true,"href":"https:\/\/liap.eu\/index.php\/wp-json\/wp\/v2\/comments?post=9033"}],"version-history":[{"count":1,"href":"https:\/\/liap.eu\/index.php\/wp-json\/wp\/v2\/posts\/9033\/revisions"}],"predecessor-version":[{"id":9034,"href":"https:\/\/liap.eu\/index.php\/wp-json\/wp\/v2\/posts\/9033\/revisions\/9034"}],"wp:featuredmedia":[{"embeddable":true,"href":"https:\/\/liap.eu\/index.php\/wp-json\/wp\/v2\/media\/9016"}],"wp:attachment":[{"href":"https:\/\/liap.eu\/index.php\/wp-json\/wp\/v2\/media?parent=9033"}],"wp:term":[{"taxonomy":"category","embeddable":true,"href":"https:\/\/liap.eu\/index.php\/wp-json\/wp\/v2\/categories?post=9033"},{"taxonomy":"post_tag","embeddable":true,"href":"https:\/\/liap.eu\/index.php\/wp-json\/wp\/v2\/tags?post=9033"}],"curies":[{"name":"wp","href":"https:\/\/api.w.org\/{rel}","templated":true}]}}