{"id":9355,"date":"2022-03-31T13:38:58","date_gmt":"2022-03-31T11:38:58","guid":{"rendered":"https:\/\/liap.eu\/?p=9355"},"modified":"2022-03-31T13:44:33","modified_gmt":"2022-03-31T11:44:33","slug":"mujeres-en-el-foco-women-in-focus","status":"publish","type":"post","link":"https:\/\/liap.eu\/index.php\/de\/2022\/03\/31\/mujeres-en-el-foco-women-in-focus\/","title":{"rendered":"MUJERES EN EL FOCO \/ WOMEN IN FOCUS"},"content":{"rendered":"\n<p>Unsere Direktorin und Gr\u00fcnderin von LIA, Anna Louise Rolland, wird an der Diskussion im <strong>CAAC &#8211; Centro Andaluz de Arte Contempor\u00e0neo<\/strong> in Sevilla, Spanien, teilnehmen.<br>Diese Konferenz findet im Rahmen des franz\u00f6sischen EU-Rates statt, um \u00fcber die tats\u00e4chliche Sichtbarkeit von K\u00fcnstlerinnen auf dem Markt und in der bildenden Kunst insgesamt zu diskutieren.<\/p>\n\n\n\n<p><em><strong>Full details:<\/strong><\/em><\/p>\n\n\n\n<p class=\"has-text-color\" style=\"color:#0560f0\"><a href=\"https:\/\/www.goethe.de\/ins\/es\/de\/ver.cfm?fuseaction=events.detail&amp;event_id=22755796\" target=\"_blank\" rel=\"noreferrer noopener nofollow\"> www.goethe.de <\/a><br><a href=\"http:\/\/www.caac.es\/actividades\/proyectos\/MujeresenelFoco22.htm\" target=\"_blank\" rel=\"noreferrer noopener\">www.caac.es<\/a><\/p>\n\n\n\n<p>Europ\u00e4ischer Austausch von Expert*innen und Verb\u00e4nden zur F\u00f6rderung des Schaffens und der Werke von K\u00fcnstlerinnen.<\/p>\n\n\n\n<p>Im Rahmen der franz\u00f6sischen EU-Ratspr\u00e4sidentschaft findet diese Tagung statt, um gemeinsam \u00fcber die Sichtbarkeit von K\u00fcnstlerinnen in der bildenden Kunst zu reflektieren.<br><br>Auch wenn in Frankreich, Deutschland und Spanien nach \u00fcbereinstimmender Meinung die Ungleichheiten zwischen M\u00e4nnern und Frauen in der Kunstwelt immer mehr Ber\u00fccksichtigung finden, ist die aktuelle Lage nach wie vor, dass es f\u00fcr K\u00fcnstlerinnen im Jahr 2022 immer noch schwieriger sein wird, von ihrer Kunst zu leben als f\u00fcr M\u00e4nner. In diesen drei L\u00e4ndern, in denen K\u00fcnstlerverb\u00e4nde, \u00f6ffentlicher Druck und das Engagement einiger Galeristen als Katalysatoren f\u00fcr den Wandel hin zur Parit\u00e4t und zur tats\u00e4chlichen Gleichstellung von Frauen und M\u00e4nnern gelten, werden Fortschritte bei der Gleichstellung anerkannt.<br><br>In diesem Sinne zielt die Tagung&nbsp;<strong>Frauen im Fokus<\/strong>&nbsp;darauf ab, europ\u00e4ische Netzwerke von Fachleuten und Verb\u00e4nden zu kn\u00fcpfen, die sich mit der F\u00f6rderung des Schaffens und der Werke von K\u00fcnstlerinnen befassen, und einen Treffpunkt sowie die Bedingungen f\u00fcr einen europ\u00e4ischen Dialog zu schaffen, der darauf ausgerichtet ist, die Praktiken im Hinblick auf die Gleichstellung der Geschlechter und die Sichtbarkeit von K\u00fcnstlerinnen und Kunstschaffenden im \u00f6ffentlichen Raum und insbesondere in der bildenden Kunst konkret zu hinterfragen.<br><br>Das Programm umfasst vier Gespr\u00e4chsrunden, an denen politische Vertreter*innen, Kurator*innen, Leiter*innen von Kunstzentren, Wissenschaftler*innen, aufstrebende und etablierte K\u00fcnstler sowie zivilgesellschaftlicher Verb\u00e4nde und Expert*innen der EU-Kommission aus Spanien, Deutschland und Frankreich beteiligt sein werden. Die Tagung wird von Charo Ramos moderiert, und es werden Expert*innen wie Agn\u00e8s Saal, Anna Kedziorek, Mar S\u00e1nchez Estrella, Lola D\u00edaz Gonz\u00e1lez-Blanco, Pilar Albarrac\u00edn, Sem\u00edramis Gonz\u00e1lez, Anna Hidleston, Nathalie Ernoult, Ellen Blumenstein, Concha Jerez, Marta Perez Iba\u00f1ez, Marc Vaudey, Tonia Trujillo, Mau Monle\u00f3n, Patricia Mayayo, Anna-Louise Rolland und Irene Infante teilnehmen.<br>Die Gespr\u00e4che werden aufgezeichnet und auf dem Youtube-Kanal des Institut fran\u00e7ais de Espa\u00f1a \u00fcbertragen.<br><\/p>\n\n\n\n<figure class=\"wp-block-image size-full\"><a href=\"https:\/\/www.youtube.com\/watch?v=TsU959wPwXQ\"><img loading=\"lazy\" decoding=\"async\" width=\"1417\" height=\"786\" src=\"https:\/\/liap.eu\/wp-content\/uploads\/2022\/03\/Screen-Shot-2022-03-31-at-13.12.49-2.png\" alt=\"\" class=\"wp-image-9358\" srcset=\"https:\/\/liap.eu\/wp-content\/uploads\/2022\/03\/Screen-Shot-2022-03-31-at-13.12.49-2.png 1417w, https:\/\/liap.eu\/wp-content\/uploads\/2022\/03\/Screen-Shot-2022-03-31-at-13.12.49-2-768x426.png 768w, https:\/\/liap.eu\/wp-content\/uploads\/2022\/03\/Screen-Shot-2022-03-31-at-13.12.49-2-1200x666.png 1200w\" sizes=\"(max-width: 1417px) 100vw, 1417px\" \/><\/a><\/figure>\n\n\n\n<p>Full discussion here:  <\/p>\n\n\n\n<p><a href=\"https:\/\/www.youtube.com\/watch?v=TsU959wPwXQ\" target=\"_blank\" rel=\"noreferrer noopener\">https:\/\/www.youtube.com\/watch?v=TsU959wPwXQ<\/a><\/p>\n","protected":false},"excerpt":{"rendered":"<p>Unsere Direktorin und Gr\u00fcnderin von LIA, Anna Louise Rolland, wird an der Diskussion im CAAC &#8211; Centro Andaluz de Arte Contempor\u00e0neo in Sevilla, Spanien, teilnehmen.Diese Konferenz findet im Rahmen des franz\u00f6sischen EU-Rates statt, um \u00fcber die tats\u00e4chliche Sichtbarkeit von K\u00fcnstlerinnen auf dem Markt und in der bildenden Kunst insgesamt zu diskutieren. Full details: www.goethe.de www.caac.es&hellip;<a href=\"https:\/\/liap.eu\/index.php\/de\/2022\/03\/31\/mujeres-en-el-foco-women-in-focus\/\" class=\"more-link\"><span>Continue reading<\/span><span class=\"screen-reader-text\">MUJERES EN EL FOCO \/ WOMEN IN FOCUS<\/span><\/a><\/p>\n","protected":false},"author":4,"featured_media":9356,"comment_status":"closed","ping_status":"closed","sticky":false,"template":"templates\/template-full-width.php","format":"standard","meta":{"om_disable_all_campaigns":false,"_uag_custom_page_level_css":"","footnotes":""},"categories":[88],"tags":[],"class_list":["post-9355","post","type-post","status-publish","format-standard","has-post-thumbnail","hentry","category-aktuelles","tw-meta-no-icon"],"yoast_head":"<!-- This site is optimized with the Yoast SEO plugin v25.6 - https:\/\/yoast.com\/wordpress\/plugins\/seo\/ -->\n<title>MUJERES EN EL FOCO \/ WOMEN IN FOCUS - LIA<\/title>\n<meta name=\"robots\" content=\"index, follow, max-snippet:-1, max-image-preview:large, max-video-preview:-1\" \/>\n<link rel=\"canonical\" href=\"https:\/\/liap.eu\/index.php\/de\/2022\/03\/31\/mujeres-en-el-foco-women-in-focus\/\" \/>\n<meta property=\"og:locale\" content=\"en_GB\" \/>\n<meta property=\"og:type\" content=\"article\" \/>\n<meta property=\"og:title\" content=\"MUJERES EN EL FOCO \/ WOMEN IN FOCUS - LIA\" \/>\n<meta property=\"og:description\" content=\"Unsere Direktorin und Gr\u00fcnderin von LIA, Anna Louise Rolland, wird an der Diskussion im CAAC &#8211; Centro Andaluz de Arte Contempor\u00e0neo in Sevilla, Spanien, teilnehmen.Diese Konferenz findet im Rahmen des franz\u00f6sischen EU-Rates statt, um \u00fcber die tats\u00e4chliche Sichtbarkeit von K\u00fcnstlerinnen auf dem Markt und in der bildenden Kunst insgesamt zu diskutieren. Full details: www.goethe.de www.caac.es&hellip;Continue readingMUJERES EN EL FOCO \/ WOMEN IN FOCUS\" \/>\n<meta property=\"og:url\" content=\"https:\/\/liap.eu\/index.php\/de\/2022\/03\/31\/mujeres-en-el-foco-women-in-focus\/\" \/>\n<meta property=\"og:site_name\" content=\"LIA\" \/>\n<meta property=\"article:publisher\" content=\"https:\/\/www.facebook.com\/LIAprogramme\" \/>\n<meta property=\"article:author\" content=\"https:\/\/www.facebook.com\/LIAprogramme\" \/>\n<meta property=\"article:published_time\" content=\"2022-03-31T11:38:58+00:00\" \/>\n<meta property=\"article:modified_time\" content=\"2022-03-31T11:44:33+00:00\" \/>\n<meta property=\"og:image\" content=\"https:\/\/liap.eu\/wp-content\/uploads\/2022\/03\/mujeres-en-el-foco-EVENT-Sevilla-1.png\" \/>\n\t<meta property=\"og:image:width\" content=\"555\" \/>\n\t<meta property=\"og:image:height\" content=\"789\" \/>\n\t<meta property=\"og:image:type\" content=\"image\/png\" \/>\n<meta name=\"author\" content=\"LIA\" \/>\n<meta name=\"twitter:card\" content=\"summary_large_image\" \/>\n<meta name=\"twitter:label1\" content=\"Written by\" \/>\n\t<meta name=\"twitter:data1\" content=\"LIA\" \/>\n\t<meta name=\"twitter:label2\" content=\"Estimated reading time\" \/>\n\t<meta name=\"twitter:data2\" content=\"2 minutes\" \/>\n<script type=\"application\/ld+json\" class=\"yoast-schema-graph\">{\"@context\":\"https:\/\/schema.org\",\"@graph\":[{\"@type\":\"Article\",\"@id\":\"https:\/\/liap.eu\/index.php\/de\/2022\/03\/31\/mujeres-en-el-foco-women-in-focus\/#article\",\"isPartOf\":{\"@id\":\"https:\/\/liap.eu\/index.php\/de\/2022\/03\/31\/mujeres-en-el-foco-women-in-focus\/\"},\"author\":{\"name\":\"LIA\",\"@id\":\"https:\/\/liap.eu\/#\/schema\/person\/6a0bff64f73ff1a6b7e1ccb7faf58204\"},\"headline\":\"MUJERES EN EL FOCO \/ WOMEN IN FOCUS\",\"datePublished\":\"2022-03-31T11:38:58+00:00\",\"dateModified\":\"2022-03-31T11:44:33+00:00\",\"mainEntityOfPage\":{\"@id\":\"https:\/\/liap.eu\/index.php\/de\/2022\/03\/31\/mujeres-en-el-foco-women-in-focus\/\"},\"wordCount\":432,\"publisher\":{\"@id\":\"https:\/\/liap.eu\/#organization\"},\"image\":{\"@id\":\"https:\/\/liap.eu\/index.php\/de\/2022\/03\/31\/mujeres-en-el-foco-women-in-focus\/#primaryimage\"},\"thumbnailUrl\":\"https:\/\/liap.eu\/wp-content\/uploads\/2022\/03\/mujeres-en-el-foco-EVENT-Sevilla-1.png\",\"articleSection\":[\"Aktuelles\"],\"inLanguage\":\"en-GB\"},{\"@type\":\"WebPage\",\"@id\":\"https:\/\/liap.eu\/index.php\/de\/2022\/03\/31\/mujeres-en-el-foco-women-in-focus\/\",\"url\":\"https:\/\/liap.eu\/index.php\/de\/2022\/03\/31\/mujeres-en-el-foco-women-in-focus\/\",\"name\":\"MUJERES EN EL FOCO \/ WOMEN IN FOCUS - LIA\",\"isPartOf\":{\"@id\":\"https:\/\/liap.eu\/#website\"},\"primaryImageOfPage\":{\"@id\":\"https:\/\/liap.eu\/index.php\/de\/2022\/03\/31\/mujeres-en-el-foco-women-in-focus\/#primaryimage\"},\"image\":{\"@id\":\"https:\/\/liap.eu\/index.php\/de\/2022\/03\/31\/mujeres-en-el-foco-women-in-focus\/#primaryimage\"},\"thumbnailUrl\":\"https:\/\/liap.eu\/wp-content\/uploads\/2022\/03\/mujeres-en-el-foco-EVENT-Sevilla-1.png\",\"datePublished\":\"2022-03-31T11:38:58+00:00\",\"dateModified\":\"2022-03-31T11:44:33+00:00\",\"breadcrumb\":{\"@id\":\"https:\/\/liap.eu\/index.php\/de\/2022\/03\/31\/mujeres-en-el-foco-women-in-focus\/#breadcrumb\"},\"inLanguage\":\"en-GB\",\"potentialAction\":[{\"@type\":\"ReadAction\",\"target\":[\"https:\/\/liap.eu\/index.php\/de\/2022\/03\/31\/mujeres-en-el-foco-women-in-focus\/\"]}]},{\"@type\":\"ImageObject\",\"inLanguage\":\"en-GB\",\"@id\":\"https:\/\/liap.eu\/index.php\/de\/2022\/03\/31\/mujeres-en-el-foco-women-in-focus\/#primaryimage\",\"url\":\"https:\/\/liap.eu\/wp-content\/uploads\/2022\/03\/mujeres-en-el-foco-EVENT-Sevilla-1.png\",\"contentUrl\":\"https:\/\/liap.eu\/wp-content\/uploads\/2022\/03\/mujeres-en-el-foco-EVENT-Sevilla-1.png\",\"width\":555,\"height\":789},{\"@type\":\"BreadcrumbList\",\"@id\":\"https:\/\/liap.eu\/index.php\/de\/2022\/03\/31\/mujeres-en-el-foco-women-in-focus\/#breadcrumb\",\"itemListElement\":[{\"@type\":\"ListItem\",\"position\":1,\"name\":\"Startseite\",\"item\":\"https:\/\/liap.eu\/index.php\/de\/\"},{\"@type\":\"ListItem\",\"position\":2,\"name\":\"MUJERES EN EL FOCO \/ WOMEN IN FOCUS\"}]},{\"@type\":\"WebSite\",\"@id\":\"https:\/\/liap.eu\/#website\",\"url\":\"https:\/\/liap.eu\/\",\"name\":\"LIA - Leipzig International Art Programme\",\"description\":\"Leipzig International Art Programme\",\"publisher\":{\"@id\":\"https:\/\/liap.eu\/#organization\"},\"potentialAction\":[{\"@type\":\"SearchAction\",\"target\":{\"@type\":\"EntryPoint\",\"urlTemplate\":\"https:\/\/liap.eu\/?s={search_term_string}\"},\"query-input\":{\"@type\":\"PropertyValueSpecification\",\"valueRequired\":true,\"valueName\":\"search_term_string\"}}],\"inLanguage\":\"en-GB\"},{\"@type\":\"Organization\",\"@id\":\"https:\/\/liap.eu\/#organization\",\"name\":\"Leipzig International Art Programme\",\"url\":\"https:\/\/liap.eu\/\",\"logo\":{\"@type\":\"ImageObject\",\"inLanguage\":\"en-GB\",\"@id\":\"https:\/\/liap.eu\/#\/schema\/logo\/image\/\",\"url\":\"https:\/\/liap.eu\/wp-content\/uploads\/2021\/11\/LIAP.jpg\",\"contentUrl\":\"https:\/\/liap.eu\/wp-content\/uploads\/2021\/11\/LIAP.jpg\",\"width\":870,\"height\":140,\"caption\":\"Leipzig International Art Programme\"},\"image\":{\"@id\":\"https:\/\/liap.eu\/#\/schema\/logo\/image\/\"},\"sameAs\":[\"https:\/\/www.facebook.com\/LIAprogramme\",\"https:\/\/www.instagram.com\/lia_programme\/\",\"https:\/\/www.youtube.com\/channel\/UCVp_APjH6wtmApuu5kWgUqA\/videos\"]},{\"@type\":\"Person\",\"@id\":\"https:\/\/liap.eu\/#\/schema\/person\/6a0bff64f73ff1a6b7e1ccb7faf58204\",\"name\":\"LIA\",\"image\":{\"@type\":\"ImageObject\",\"inLanguage\":\"en-GB\",\"@id\":\"https:\/\/liap.eu\/#\/schema\/person\/image\/\",\"url\":\"https:\/\/secure.gravatar.com\/avatar\/528cc9c6a7aa20231d89b694711fbe94?s=96&d=mm&r=g\",\"contentUrl\":\"https:\/\/secure.gravatar.com\/avatar\/528cc9c6a7aa20231d89b694711fbe94?s=96&d=mm&r=g\",\"caption\":\"LIA\"},\"sameAs\":[\"https:\/\/www.facebook.com\/LIAprogramme\",\"https:\/\/www.instagram.com\/lia_programme\/\"]}]}<\/script>\n<!-- \/ Yoast SEO plugin. -->","yoast_head_json":{"title":"MUJERES EN EL FOCO \/ WOMEN IN FOCUS - LIA","robots":{"index":"index","follow":"follow","max-snippet":"max-snippet:-1","max-image-preview":"max-image-preview:large","max-video-preview":"max-video-preview:-1"},"canonical":"https:\/\/liap.eu\/index.php\/de\/2022\/03\/31\/mujeres-en-el-foco-women-in-focus\/","og_locale":"en_GB","og_type":"article","og_title":"MUJERES EN EL FOCO \/ WOMEN IN FOCUS - LIA","og_description":"Unsere Direktorin und Gr\u00fcnderin von LIA, Anna Louise Rolland, wird an der Diskussion im CAAC &#8211; Centro Andaluz de Arte Contempor\u00e0neo in Sevilla, Spanien, teilnehmen.Diese Konferenz findet im Rahmen des franz\u00f6sischen EU-Rates statt, um \u00fcber die tats\u00e4chliche Sichtbarkeit von K\u00fcnstlerinnen auf dem Markt und in der bildenden Kunst insgesamt zu diskutieren. Full details: www.goethe.de www.caac.es&hellip;Continue readingMUJERES EN EL FOCO \/ WOMEN IN FOCUS","og_url":"https:\/\/liap.eu\/index.php\/de\/2022\/03\/31\/mujeres-en-el-foco-women-in-focus\/","og_site_name":"LIA","article_publisher":"https:\/\/www.facebook.com\/LIAprogramme","article_author":"https:\/\/www.facebook.com\/LIAprogramme","article_published_time":"2022-03-31T11:38:58+00:00","article_modified_time":"2022-03-31T11:44:33+00:00","og_image":[{"width":555,"height":789,"url":"https:\/\/liap.eu\/wp-content\/uploads\/2022\/03\/mujeres-en-el-foco-EVENT-Sevilla-1.png","type":"image\/png"}],"author":"LIA","twitter_card":"summary_large_image","twitter_misc":{"Written by":"LIA","Estimated reading time":"2 minutes"},"schema":{"@context":"https:\/\/schema.org","@graph":[{"@type":"Article","@id":"https:\/\/liap.eu\/index.php\/de\/2022\/03\/31\/mujeres-en-el-foco-women-in-focus\/#article","isPartOf":{"@id":"https:\/\/liap.eu\/index.php\/de\/2022\/03\/31\/mujeres-en-el-foco-women-in-focus\/"},"author":{"name":"LIA","@id":"https:\/\/liap.eu\/#\/schema\/person\/6a0bff64f73ff1a6b7e1ccb7faf58204"},"headline":"MUJERES EN EL FOCO \/ WOMEN IN FOCUS","datePublished":"2022-03-31T11:38:58+00:00","dateModified":"2022-03-31T11:44:33+00:00","mainEntityOfPage":{"@id":"https:\/\/liap.eu\/index.php\/de\/2022\/03\/31\/mujeres-en-el-foco-women-in-focus\/"},"wordCount":432,"publisher":{"@id":"https:\/\/liap.eu\/#organization"},"image":{"@id":"https:\/\/liap.eu\/index.php\/de\/2022\/03\/31\/mujeres-en-el-foco-women-in-focus\/#primaryimage"},"thumbnailUrl":"https:\/\/liap.eu\/wp-content\/uploads\/2022\/03\/mujeres-en-el-foco-EVENT-Sevilla-1.png","articleSection":["Aktuelles"],"inLanguage":"en-GB"},{"@type":"WebPage","@id":"https:\/\/liap.eu\/index.php\/de\/2022\/03\/31\/mujeres-en-el-foco-women-in-focus\/","url":"https:\/\/liap.eu\/index.php\/de\/2022\/03\/31\/mujeres-en-el-foco-women-in-focus\/","name":"MUJERES EN EL FOCO \/ WOMEN IN FOCUS - LIA","isPartOf":{"@id":"https:\/\/liap.eu\/#website"},"primaryImageOfPage":{"@id":"https:\/\/liap.eu\/index.php\/de\/2022\/03\/31\/mujeres-en-el-foco-women-in-focus\/#primaryimage"},"image":{"@id":"https:\/\/liap.eu\/index.php\/de\/2022\/03\/31\/mujeres-en-el-foco-women-in-focus\/#primaryimage"},"thumbnailUrl":"https:\/\/liap.eu\/wp-content\/uploads\/2022\/03\/mujeres-en-el-foco-EVENT-Sevilla-1.png","datePublished":"2022-03-31T11:38:58+00:00","dateModified":"2022-03-31T11:44:33+00:00","breadcrumb":{"@id":"https:\/\/liap.eu\/index.php\/de\/2022\/03\/31\/mujeres-en-el-foco-women-in-focus\/#breadcrumb"},"inLanguage":"en-GB","potentialAction":[{"@type":"ReadAction","target":["https:\/\/liap.eu\/index.php\/de\/2022\/03\/31\/mujeres-en-el-foco-women-in-focus\/"]}]},{"@type":"ImageObject","inLanguage":"en-GB","@id":"https:\/\/liap.eu\/index.php\/de\/2022\/03\/31\/mujeres-en-el-foco-women-in-focus\/#primaryimage","url":"https:\/\/liap.eu\/wp-content\/uploads\/2022\/03\/mujeres-en-el-foco-EVENT-Sevilla-1.png","contentUrl":"https:\/\/liap.eu\/wp-content\/uploads\/2022\/03\/mujeres-en-el-foco-EVENT-Sevilla-1.png","width":555,"height":789},{"@type":"BreadcrumbList","@id":"https:\/\/liap.eu\/index.php\/de\/2022\/03\/31\/mujeres-en-el-foco-women-in-focus\/#breadcrumb","itemListElement":[{"@type":"ListItem","position":1,"name":"Startseite","item":"https:\/\/liap.eu\/index.php\/de\/"},{"@type":"ListItem","position":2,"name":"MUJERES EN EL FOCO \/ WOMEN IN FOCUS"}]},{"@type":"WebSite","@id":"https:\/\/liap.eu\/#website","url":"https:\/\/liap.eu\/","name":"LIA - Leipzig International Art Programme","description":"Leipzig International Art Programme","publisher":{"@id":"https:\/\/liap.eu\/#organization"},"potentialAction":[{"@type":"SearchAction","target":{"@type":"EntryPoint","urlTemplate":"https:\/\/liap.eu\/?s={search_term_string}"},"query-input":{"@type":"PropertyValueSpecification","valueRequired":true,"valueName":"search_term_string"}}],"inLanguage":"en-GB"},{"@type":"Organization","@id":"https:\/\/liap.eu\/#organization","name":"Leipzig International Art Programme","url":"https:\/\/liap.eu\/","logo":{"@type":"ImageObject","inLanguage":"en-GB","@id":"https:\/\/liap.eu\/#\/schema\/logo\/image\/","url":"https:\/\/liap.eu\/wp-content\/uploads\/2021\/11\/LIAP.jpg","contentUrl":"https:\/\/liap.eu\/wp-content\/uploads\/2021\/11\/LIAP.jpg","width":870,"height":140,"caption":"Leipzig International Art Programme"},"image":{"@id":"https:\/\/liap.eu\/#\/schema\/logo\/image\/"},"sameAs":["https:\/\/www.facebook.com\/LIAprogramme","https:\/\/www.instagram.com\/lia_programme\/","https:\/\/www.youtube.com\/channel\/UCVp_APjH6wtmApuu5kWgUqA\/videos"]},{"@type":"Person","@id":"https:\/\/liap.eu\/#\/schema\/person\/6a0bff64f73ff1a6b7e1ccb7faf58204","name":"LIA","image":{"@type":"ImageObject","inLanguage":"en-GB","@id":"https:\/\/liap.eu\/#\/schema\/person\/image\/","url":"https:\/\/secure.gravatar.com\/avatar\/528cc9c6a7aa20231d89b694711fbe94?s=96&d=mm&r=g","contentUrl":"https:\/\/secure.gravatar.com\/avatar\/528cc9c6a7aa20231d89b694711fbe94?s=96&d=mm&r=g","caption":"LIA"},"sameAs":["https:\/\/www.facebook.com\/LIAprogramme","https:\/\/www.instagram.com\/lia_programme\/"]}]}},"uagb_featured_image_src":{"full":["https:\/\/liap.eu\/wp-content\/uploads\/2022\/03\/mujeres-en-el-foco-EVENT-Sevilla-1.png",555,789,false],"thumbnail":["https:\/\/liap.eu\/wp-content\/uploads\/2022\/03\/mujeres-en-el-foco-EVENT-Sevilla-1.png",68,96,false],"medium":["https:\/\/liap.eu\/wp-content\/uploads\/2022\/03\/mujeres-en-el-foco-EVENT-Sevilla-1.png",555,789,false],"medium_large":["https:\/\/liap.eu\/wp-content\/uploads\/2022\/03\/mujeres-en-el-foco-EVENT-Sevilla-1.png",555,789,false],"large":["https:\/\/liap.eu\/wp-content\/uploads\/2022\/03\/mujeres-en-el-foco-EVENT-Sevilla-1.png",555,789,false],"1536x1536":["https:\/\/liap.eu\/wp-content\/uploads\/2022\/03\/mujeres-en-el-foco-EVENT-Sevilla-1.png",555,789,false],"2048x2048":["https:\/\/liap.eu\/wp-content\/uploads\/2022\/03\/mujeres-en-el-foco-EVENT-Sevilla-1.png",555,789,false],"post-thumbnail":["https:\/\/liap.eu\/wp-content\/uploads\/2022\/03\/mujeres-en-el-foco-EVENT-Sevilla-1.png",555,789,false],"twentytwenty-fullscreen":["https:\/\/liap.eu\/wp-content\/uploads\/2022\/03\/mujeres-en-el-foco-EVENT-Sevilla-1.png",555,789,false]},"uagb_author_info":{"display_name":"LIA","author_link":"https:\/\/liap.eu\/index.php\/author\/bierau\/"},"uagb_comment_info":0,"uagb_excerpt":"Unsere Direktorin und Gr\u00fcnderin von LIA, Anna Louise Rolland, wird an der Diskussion im CAAC &#8211; Centro Andaluz de Arte Contempor\u00e0neo in Sevilla, Spanien, teilnehmen.Diese Konferenz findet im Rahmen des franz\u00f6sischen EU-Rates statt, um \u00fcber die tats\u00e4chliche Sichtbarkeit von K\u00fcnstlerinnen auf dem Markt und in der bildenden Kunst insgesamt zu diskutieren. Full details: www.goethe.de www.caac.es&hellip;Continue&hellip;","_links":{"self":[{"href":"https:\/\/liap.eu\/index.php\/wp-json\/wp\/v2\/posts\/9355"}],"collection":[{"href":"https:\/\/liap.eu\/index.php\/wp-json\/wp\/v2\/posts"}],"about":[{"href":"https:\/\/liap.eu\/index.php\/wp-json\/wp\/v2\/types\/post"}],"author":[{"embeddable":true,"href":"https:\/\/liap.eu\/index.php\/wp-json\/wp\/v2\/users\/4"}],"replies":[{"embeddable":true,"href":"https:\/\/liap.eu\/index.php\/wp-json\/wp\/v2\/comments?post=9355"}],"version-history":[{"count":2,"href":"https:\/\/liap.eu\/index.php\/wp-json\/wp\/v2\/posts\/9355\/revisions"}],"predecessor-version":[{"id":9364,"href":"https:\/\/liap.eu\/index.php\/wp-json\/wp\/v2\/posts\/9355\/revisions\/9364"}],"wp:featuredmedia":[{"embeddable":true,"href":"https:\/\/liap.eu\/index.php\/wp-json\/wp\/v2\/media\/9356"}],"wp:attachment":[{"href":"https:\/\/liap.eu\/index.php\/wp-json\/wp\/v2\/media?parent=9355"}],"wp:term":[{"taxonomy":"category","embeddable":true,"href":"https:\/\/liap.eu\/index.php\/wp-json\/wp\/v2\/categories?post=9355"},{"taxonomy":"post_tag","embeddable":true,"href":"https:\/\/liap.eu\/index.php\/wp-json\/wp\/v2\/tags?post=9355"}],"curies":[{"name":"wp","href":"https:\/\/api.w.org\/{rel}","templated":true}]}}