{"id":9521,"date":"2022-05-18T10:40:45","date_gmt":"2022-05-18T08:40:45","guid":{"rendered":"https:\/\/liap.eu\/?p=9521"},"modified":"2022-05-18T10:40:48","modified_gmt":"2022-05-18T08:40:48","slug":"thu-myat-2","status":"publish","type":"post","link":"https:\/\/liap.eu\/index.php\/de\/2022\/05\/18\/thu-myat-2\/","title":{"rendered":"Thu Myat"},"content":{"rendered":"\n<p>@thu<a href=\"https:\/\/www.instagram.com\/thu_myat_aung\/\" target=\"_blank\" rel=\"noreferrer noopener\">_myat_aung<\/a><\/p>\n\n\n\n<p>Term:<a href=\"https:\/\/liap.eu\/index.php\/category\/artists-2022\" target=\"_blank\" rel=\"noreferrer noopener\"> <strong><em>May &#8211; July 2022<\/em><\/strong><\/a><\/p>\n\n\n\n<p>Thu Myat wurde 1986 in Yangon geboren und hat einen B.A. in Business Management sowie ein Diplom in Multimedia. Er ist Mitbegr\u00fcnder der Firma Plus Ka Gyia, die sich auf Grafikdesign spezialisiert hat. Er ist Mitglied der OKP-Crew und steht an der Spitze von Myanmars Stadt- und Stra\u00dfenkunst &#8211; insbesondere als Organisator des Rendezvous: Sou<\/p>\n\n\n\n<p>Er hat an zahlreichen Ausstellungen teilgenommen, darunter mehrere Gruppenausstellungen im New Zero Art Space und der Lawkanat Gallery in Yangon. Au\u00dferdem nahm er 2013 an der Ausstellung Urbane im Folklore-Kunstraum in Innsbruck, \u00d6sterreich, teil. 2017 wurde er beauftragt, ein riesiges Wandgem\u00e4lde auf dem Myaynigone Flyover in Yangon zu schaffen. 2017 wurde er beauftragt, ein riesiges Wandgem\u00e4lde auf der Myaynigone Flyover in Yangon zu schaffen.<\/p>\n\n\n\n<p>Seine erste Ausstellung in Singapur &#8220;Myanmar New Wave, pop art revisited&#8221; fand im Oktober 2017 statt. Im Jahr 2018 wurde Thu Myat bei SEA FOCUS am Stand von Intersections und in der Galerie von Intersections in einer Gruppenausstellung mit dem Titel &#8220;Playing Time and Space&#8221; ausgestellt. Im Jahr 2020 wurde Thu Myat vom Singapore Tourism Board beauftragt, Kunstwerke f\u00fcr das Singapore Festival in Yangon zu schaffen.<\/p>\n\n\n\n<figure class=\"wp-block-image\"><img decoding=\"async\" src=\"https:\/\/liap.eu\/wp-content\/uploads\/2022\/05\/2017_01_24_15_05_IMG_2638-scaled.jpg\" alt=\"This image has an empty alt attribute; its file name is 2017_01_24_15_05_IMG_2638-scaled.jpg\"\/><\/figure>\n\n\n\n<p><strong>P<em>roject Partners<\/em><\/strong><\/p>\n\n\n\n<figure class=\"wp-block-image size-full\"><img loading=\"lazy\" decoding=\"async\" width=\"547\" height=\"184\" src=\"https:\/\/liap.eu\/wp-content\/uploads\/2022\/05\/Captura-de-pantalla-2022-05-10-a-las-9.19.19-1.png\" alt=\"\" class=\"wp-image-9467\"\/><\/figure>\n","protected":false},"excerpt":{"rendered":"<p>@thu_myat_aung Term: May &#8211; July 2022 Thu Myat wurde 1986 in Yangon geboren und hat einen B.A. in Business Management sowie ein Diplom in Multimedia. Er ist Mitbegr\u00fcnder der Firma Plus Ka Gyia, die sich auf Grafikdesign spezialisiert hat. Er ist Mitglied der OKP-Crew und steht an der Spitze von Myanmars Stadt- und Stra\u00dfenkunst &#8211;&hellip;<a href=\"https:\/\/liap.eu\/index.php\/de\/2022\/05\/18\/thu-myat-2\/\" class=\"more-link\"><span>Continue reading<\/span><span class=\"screen-reader-text\">Thu Myat<\/span><\/a><\/p>\n","protected":false},"author":4,"featured_media":9469,"comment_status":"closed","ping_status":"closed","sticky":false,"template":"templates\/template-full-width.php","format":"standard","meta":{"om_disable_all_campaigns":false,"_uag_custom_page_level_css":"","footnotes":""},"categories":[21,578],"tags":[],"class_list":["post-9521","post","type-post","status-publish","format-standard","has-post-thumbnail","hentry","category-kuenstler","category-kunstler-2022","tw-meta-no-icon"],"yoast_head":"<!-- This site is optimized with the Yoast SEO plugin v25.6 - https:\/\/yoast.com\/wordpress\/plugins\/seo\/ -->\n<title>Thu Myat - LIA<\/title>\n<meta name=\"robots\" content=\"index, follow, max-snippet:-1, max-image-preview:large, max-video-preview:-1\" \/>\n<link rel=\"canonical\" href=\"https:\/\/liap.eu\/index.php\/de\/2022\/05\/18\/thu-myat-2\/\" \/>\n<meta property=\"og:locale\" content=\"en_GB\" \/>\n<meta property=\"og:type\" content=\"article\" \/>\n<meta property=\"og:title\" content=\"Thu Myat - LIA\" \/>\n<meta property=\"og:description\" content=\"@thu_myat_aung Term: May &#8211; July 2022 Thu Myat wurde 1986 in Yangon geboren und hat einen B.A. in Business Management sowie ein Diplom in Multimedia. Er ist Mitbegr\u00fcnder der Firma Plus Ka Gyia, die sich auf Grafikdesign spezialisiert hat. Er ist Mitglied der OKP-Crew und steht an der Spitze von Myanmars Stadt- und Stra\u00dfenkunst &#8211;&hellip;Continue readingThu Myat\" \/>\n<meta property=\"og:url\" content=\"https:\/\/liap.eu\/index.php\/de\/2022\/05\/18\/thu-myat-2\/\" \/>\n<meta property=\"og:site_name\" content=\"LIA\" \/>\n<meta property=\"article:publisher\" content=\"https:\/\/www.facebook.com\/LIAprogramme\" \/>\n<meta property=\"article:author\" content=\"https:\/\/www.facebook.com\/LIAprogramme\" \/>\n<meta property=\"article:published_time\" content=\"2022-05-18T08:40:45+00:00\" \/>\n<meta property=\"article:modified_time\" content=\"2022-05-18T08:40:48+00:00\" \/>\n<meta property=\"og:image\" content=\"https:\/\/liap.eu\/wp-content\/uploads\/2022\/05\/thu_port-1.jpeg\" \/>\n\t<meta property=\"og:image:width\" content=\"1570\" \/>\n\t<meta property=\"og:image:height\" content=\"1572\" \/>\n\t<meta property=\"og:image:type\" content=\"image\/jpeg\" \/>\n<meta name=\"author\" content=\"LIA\" \/>\n<meta name=\"twitter:card\" content=\"summary_large_image\" \/>\n<meta name=\"twitter:label1\" content=\"Written by\" \/>\n\t<meta name=\"twitter:data1\" content=\"LIA\" \/>\n\t<meta name=\"twitter:label2\" content=\"Estimated reading time\" \/>\n\t<meta name=\"twitter:data2\" content=\"1 minute\" \/>\n<script type=\"application\/ld+json\" class=\"yoast-schema-graph\">{\"@context\":\"https:\/\/schema.org\",\"@graph\":[{\"@type\":\"Article\",\"@id\":\"https:\/\/liap.eu\/index.php\/de\/2022\/05\/18\/thu-myat-2\/#article\",\"isPartOf\":{\"@id\":\"https:\/\/liap.eu\/index.php\/de\/2022\/05\/18\/thu-myat-2\/\"},\"author\":{\"name\":\"LIA\",\"@id\":\"https:\/\/liap.eu\/#\/schema\/person\/6a0bff64f73ff1a6b7e1ccb7faf58204\"},\"headline\":\"Thu Myat\",\"datePublished\":\"2022-05-18T08:40:45+00:00\",\"dateModified\":\"2022-05-18T08:40:48+00:00\",\"mainEntityOfPage\":{\"@id\":\"https:\/\/liap.eu\/index.php\/de\/2022\/05\/18\/thu-myat-2\/\"},\"wordCount\":196,\"publisher\":{\"@id\":\"https:\/\/liap.eu\/#organization\"},\"image\":{\"@id\":\"https:\/\/liap.eu\/index.php\/de\/2022\/05\/18\/thu-myat-2\/#primaryimage\"},\"thumbnailUrl\":\"https:\/\/liap.eu\/wp-content\/uploads\/2022\/05\/thu_port-1.jpeg\",\"articleSection\":[\"K\u00fcnstler\",\"K\u00fcnstler 2022\"],\"inLanguage\":\"en-GB\"},{\"@type\":\"WebPage\",\"@id\":\"https:\/\/liap.eu\/index.php\/de\/2022\/05\/18\/thu-myat-2\/\",\"url\":\"https:\/\/liap.eu\/index.php\/de\/2022\/05\/18\/thu-myat-2\/\",\"name\":\"Thu Myat - LIA\",\"isPartOf\":{\"@id\":\"https:\/\/liap.eu\/#website\"},\"primaryImageOfPage\":{\"@id\":\"https:\/\/liap.eu\/index.php\/de\/2022\/05\/18\/thu-myat-2\/#primaryimage\"},\"image\":{\"@id\":\"https:\/\/liap.eu\/index.php\/de\/2022\/05\/18\/thu-myat-2\/#primaryimage\"},\"thumbnailUrl\":\"https:\/\/liap.eu\/wp-content\/uploads\/2022\/05\/thu_port-1.jpeg\",\"datePublished\":\"2022-05-18T08:40:45+00:00\",\"dateModified\":\"2022-05-18T08:40:48+00:00\",\"breadcrumb\":{\"@id\":\"https:\/\/liap.eu\/index.php\/de\/2022\/05\/18\/thu-myat-2\/#breadcrumb\"},\"inLanguage\":\"en-GB\",\"potentialAction\":[{\"@type\":\"ReadAction\",\"target\":[\"https:\/\/liap.eu\/index.php\/de\/2022\/05\/18\/thu-myat-2\/\"]}]},{\"@type\":\"ImageObject\",\"inLanguage\":\"en-GB\",\"@id\":\"https:\/\/liap.eu\/index.php\/de\/2022\/05\/18\/thu-myat-2\/#primaryimage\",\"url\":\"https:\/\/liap.eu\/wp-content\/uploads\/2022\/05\/thu_port-1.jpeg\",\"contentUrl\":\"https:\/\/liap.eu\/wp-content\/uploads\/2022\/05\/thu_port-1.jpeg\",\"width\":1570,\"height\":1572},{\"@type\":\"BreadcrumbList\",\"@id\":\"https:\/\/liap.eu\/index.php\/de\/2022\/05\/18\/thu-myat-2\/#breadcrumb\",\"itemListElement\":[{\"@type\":\"ListItem\",\"position\":1,\"name\":\"Startseite\",\"item\":\"https:\/\/liap.eu\/index.php\/de\/\"},{\"@type\":\"ListItem\",\"position\":2,\"name\":\"Thu Myat\"}]},{\"@type\":\"WebSite\",\"@id\":\"https:\/\/liap.eu\/#website\",\"url\":\"https:\/\/liap.eu\/\",\"name\":\"LIA - Leipzig International Art Programme\",\"description\":\"Leipzig International Art Programme\",\"publisher\":{\"@id\":\"https:\/\/liap.eu\/#organization\"},\"potentialAction\":[{\"@type\":\"SearchAction\",\"target\":{\"@type\":\"EntryPoint\",\"urlTemplate\":\"https:\/\/liap.eu\/?s={search_term_string}\"},\"query-input\":{\"@type\":\"PropertyValueSpecification\",\"valueRequired\":true,\"valueName\":\"search_term_string\"}}],\"inLanguage\":\"en-GB\"},{\"@type\":\"Organization\",\"@id\":\"https:\/\/liap.eu\/#organization\",\"name\":\"Leipzig International Art Programme\",\"url\":\"https:\/\/liap.eu\/\",\"logo\":{\"@type\":\"ImageObject\",\"inLanguage\":\"en-GB\",\"@id\":\"https:\/\/liap.eu\/#\/schema\/logo\/image\/\",\"url\":\"https:\/\/liap.eu\/wp-content\/uploads\/2021\/11\/LIAP.jpg\",\"contentUrl\":\"https:\/\/liap.eu\/wp-content\/uploads\/2021\/11\/LIAP.jpg\",\"width\":870,\"height\":140,\"caption\":\"Leipzig International Art Programme\"},\"image\":{\"@id\":\"https:\/\/liap.eu\/#\/schema\/logo\/image\/\"},\"sameAs\":[\"https:\/\/www.facebook.com\/LIAprogramme\",\"https:\/\/www.instagram.com\/lia_programme\/\",\"https:\/\/www.youtube.com\/channel\/UCVp_APjH6wtmApuu5kWgUqA\/videos\"]},{\"@type\":\"Person\",\"@id\":\"https:\/\/liap.eu\/#\/schema\/person\/6a0bff64f73ff1a6b7e1ccb7faf58204\",\"name\":\"LIA\",\"image\":{\"@type\":\"ImageObject\",\"inLanguage\":\"en-GB\",\"@id\":\"https:\/\/liap.eu\/#\/schema\/person\/image\/\",\"url\":\"https:\/\/secure.gravatar.com\/avatar\/528cc9c6a7aa20231d89b694711fbe94?s=96&d=mm&r=g\",\"contentUrl\":\"https:\/\/secure.gravatar.com\/avatar\/528cc9c6a7aa20231d89b694711fbe94?s=96&d=mm&r=g\",\"caption\":\"LIA\"},\"sameAs\":[\"https:\/\/www.facebook.com\/LIAprogramme\",\"https:\/\/www.instagram.com\/lia_programme\/\"]}]}<\/script>\n<!-- \/ Yoast SEO plugin. -->","yoast_head_json":{"title":"Thu Myat - LIA","robots":{"index":"index","follow":"follow","max-snippet":"max-snippet:-1","max-image-preview":"max-image-preview:large","max-video-preview":"max-video-preview:-1"},"canonical":"https:\/\/liap.eu\/index.php\/de\/2022\/05\/18\/thu-myat-2\/","og_locale":"en_GB","og_type":"article","og_title":"Thu Myat - LIA","og_description":"@thu_myat_aung Term: May &#8211; July 2022 Thu Myat wurde 1986 in Yangon geboren und hat einen B.A. in Business Management sowie ein Diplom in Multimedia. Er ist Mitbegr\u00fcnder der Firma Plus Ka Gyia, die sich auf Grafikdesign spezialisiert hat. Er ist Mitglied der OKP-Crew und steht an der Spitze von Myanmars Stadt- und Stra\u00dfenkunst &#8211;&hellip;Continue readingThu Myat","og_url":"https:\/\/liap.eu\/index.php\/de\/2022\/05\/18\/thu-myat-2\/","og_site_name":"LIA","article_publisher":"https:\/\/www.facebook.com\/LIAprogramme","article_author":"https:\/\/www.facebook.com\/LIAprogramme","article_published_time":"2022-05-18T08:40:45+00:00","article_modified_time":"2022-05-18T08:40:48+00:00","og_image":[{"width":1570,"height":1572,"url":"https:\/\/liap.eu\/wp-content\/uploads\/2022\/05\/thu_port-1.jpeg","type":"image\/jpeg"}],"author":"LIA","twitter_card":"summary_large_image","twitter_misc":{"Written by":"LIA","Estimated reading time":"1 minute"},"schema":{"@context":"https:\/\/schema.org","@graph":[{"@type":"Article","@id":"https:\/\/liap.eu\/index.php\/de\/2022\/05\/18\/thu-myat-2\/#article","isPartOf":{"@id":"https:\/\/liap.eu\/index.php\/de\/2022\/05\/18\/thu-myat-2\/"},"author":{"name":"LIA","@id":"https:\/\/liap.eu\/#\/schema\/person\/6a0bff64f73ff1a6b7e1ccb7faf58204"},"headline":"Thu Myat","datePublished":"2022-05-18T08:40:45+00:00","dateModified":"2022-05-18T08:40:48+00:00","mainEntityOfPage":{"@id":"https:\/\/liap.eu\/index.php\/de\/2022\/05\/18\/thu-myat-2\/"},"wordCount":196,"publisher":{"@id":"https:\/\/liap.eu\/#organization"},"image":{"@id":"https:\/\/liap.eu\/index.php\/de\/2022\/05\/18\/thu-myat-2\/#primaryimage"},"thumbnailUrl":"https:\/\/liap.eu\/wp-content\/uploads\/2022\/05\/thu_port-1.jpeg","articleSection":["K\u00fcnstler","K\u00fcnstler 2022"],"inLanguage":"en-GB"},{"@type":"WebPage","@id":"https:\/\/liap.eu\/index.php\/de\/2022\/05\/18\/thu-myat-2\/","url":"https:\/\/liap.eu\/index.php\/de\/2022\/05\/18\/thu-myat-2\/","name":"Thu Myat - LIA","isPartOf":{"@id":"https:\/\/liap.eu\/#website"},"primaryImageOfPage":{"@id":"https:\/\/liap.eu\/index.php\/de\/2022\/05\/18\/thu-myat-2\/#primaryimage"},"image":{"@id":"https:\/\/liap.eu\/index.php\/de\/2022\/05\/18\/thu-myat-2\/#primaryimage"},"thumbnailUrl":"https:\/\/liap.eu\/wp-content\/uploads\/2022\/05\/thu_port-1.jpeg","datePublished":"2022-05-18T08:40:45+00:00","dateModified":"2022-05-18T08:40:48+00:00","breadcrumb":{"@id":"https:\/\/liap.eu\/index.php\/de\/2022\/05\/18\/thu-myat-2\/#breadcrumb"},"inLanguage":"en-GB","potentialAction":[{"@type":"ReadAction","target":["https:\/\/liap.eu\/index.php\/de\/2022\/05\/18\/thu-myat-2\/"]}]},{"@type":"ImageObject","inLanguage":"en-GB","@id":"https:\/\/liap.eu\/index.php\/de\/2022\/05\/18\/thu-myat-2\/#primaryimage","url":"https:\/\/liap.eu\/wp-content\/uploads\/2022\/05\/thu_port-1.jpeg","contentUrl":"https:\/\/liap.eu\/wp-content\/uploads\/2022\/05\/thu_port-1.jpeg","width":1570,"height":1572},{"@type":"BreadcrumbList","@id":"https:\/\/liap.eu\/index.php\/de\/2022\/05\/18\/thu-myat-2\/#breadcrumb","itemListElement":[{"@type":"ListItem","position":1,"name":"Startseite","item":"https:\/\/liap.eu\/index.php\/de\/"},{"@type":"ListItem","position":2,"name":"Thu Myat"}]},{"@type":"WebSite","@id":"https:\/\/liap.eu\/#website","url":"https:\/\/liap.eu\/","name":"LIA - Leipzig International Art Programme","description":"Leipzig International Art Programme","publisher":{"@id":"https:\/\/liap.eu\/#organization"},"potentialAction":[{"@type":"SearchAction","target":{"@type":"EntryPoint","urlTemplate":"https:\/\/liap.eu\/?s={search_term_string}"},"query-input":{"@type":"PropertyValueSpecification","valueRequired":true,"valueName":"search_term_string"}}],"inLanguage":"en-GB"},{"@type":"Organization","@id":"https:\/\/liap.eu\/#organization","name":"Leipzig International Art Programme","url":"https:\/\/liap.eu\/","logo":{"@type":"ImageObject","inLanguage":"en-GB","@id":"https:\/\/liap.eu\/#\/schema\/logo\/image\/","url":"https:\/\/liap.eu\/wp-content\/uploads\/2021\/11\/LIAP.jpg","contentUrl":"https:\/\/liap.eu\/wp-content\/uploads\/2021\/11\/LIAP.jpg","width":870,"height":140,"caption":"Leipzig International Art Programme"},"image":{"@id":"https:\/\/liap.eu\/#\/schema\/logo\/image\/"},"sameAs":["https:\/\/www.facebook.com\/LIAprogramme","https:\/\/www.instagram.com\/lia_programme\/","https:\/\/www.youtube.com\/channel\/UCVp_APjH6wtmApuu5kWgUqA\/videos"]},{"@type":"Person","@id":"https:\/\/liap.eu\/#\/schema\/person\/6a0bff64f73ff1a6b7e1ccb7faf58204","name":"LIA","image":{"@type":"ImageObject","inLanguage":"en-GB","@id":"https:\/\/liap.eu\/#\/schema\/person\/image\/","url":"https:\/\/secure.gravatar.com\/avatar\/528cc9c6a7aa20231d89b694711fbe94?s=96&d=mm&r=g","contentUrl":"https:\/\/secure.gravatar.com\/avatar\/528cc9c6a7aa20231d89b694711fbe94?s=96&d=mm&r=g","caption":"LIA"},"sameAs":["https:\/\/www.facebook.com\/LIAprogramme","https:\/\/www.instagram.com\/lia_programme\/"]}]}},"uagb_featured_image_src":{"full":["https:\/\/liap.eu\/wp-content\/uploads\/2022\/05\/thu_port-1.jpeg",1570,1572,false],"thumbnail":["https:\/\/liap.eu\/wp-content\/uploads\/2022\/05\/thu_port-1.jpeg",96,96,false],"medium":["https:\/\/liap.eu\/wp-content\/uploads\/2022\/05\/thu_port-1.jpeg",1570,1572,false],"medium_large":["https:\/\/liap.eu\/wp-content\/uploads\/2022\/05\/thu_port-1-768x769.jpeg",768,769,true],"large":["https:\/\/liap.eu\/wp-content\/uploads\/2022\/05\/thu_port-1.jpeg",1570,1572,false],"1536x1536":["https:\/\/liap.eu\/wp-content\/uploads\/2022\/05\/thu_port-1-1534x1536.jpeg",1534,1536,true],"2048x2048":["https:\/\/liap.eu\/wp-content\/uploads\/2022\/05\/thu_port-1.jpeg",1570,1572,false],"post-thumbnail":["https:\/\/liap.eu\/wp-content\/uploads\/2022\/05\/thu_port-1-1200x1202.jpeg",1200,1202,true],"twentytwenty-fullscreen":["https:\/\/liap.eu\/wp-content\/uploads\/2022\/05\/thu_port-1.jpeg",1570,1572,false]},"uagb_author_info":{"display_name":"LIA","author_link":"https:\/\/liap.eu\/index.php\/author\/bierau\/"},"uagb_comment_info":0,"uagb_excerpt":"@thu_myat_aung Term: May &#8211; July 2022 Thu Myat wurde 1986 in Yangon geboren und hat einen B.A. in Business Management sowie ein Diplom in Multimedia. Er ist Mitbegr\u00fcnder der Firma Plus Ka Gyia, die sich auf Grafikdesign spezialisiert hat. Er ist Mitglied der OKP-Crew und steht an der Spitze von Myanmars Stadt- und Stra\u00dfenkunst &#8211;&hellip;Continue&hellip;","_links":{"self":[{"href":"https:\/\/liap.eu\/index.php\/wp-json\/wp\/v2\/posts\/9521"}],"collection":[{"href":"https:\/\/liap.eu\/index.php\/wp-json\/wp\/v2\/posts"}],"about":[{"href":"https:\/\/liap.eu\/index.php\/wp-json\/wp\/v2\/types\/post"}],"author":[{"embeddable":true,"href":"https:\/\/liap.eu\/index.php\/wp-json\/wp\/v2\/users\/4"}],"replies":[{"embeddable":true,"href":"https:\/\/liap.eu\/index.php\/wp-json\/wp\/v2\/comments?post=9521"}],"version-history":[{"count":1,"href":"https:\/\/liap.eu\/index.php\/wp-json\/wp\/v2\/posts\/9521\/revisions"}],"predecessor-version":[{"id":9522,"href":"https:\/\/liap.eu\/index.php\/wp-json\/wp\/v2\/posts\/9521\/revisions\/9522"}],"wp:featuredmedia":[{"embeddable":true,"href":"https:\/\/liap.eu\/index.php\/wp-json\/wp\/v2\/media\/9469"}],"wp:attachment":[{"href":"https:\/\/liap.eu\/index.php\/wp-json\/wp\/v2\/media?parent=9521"}],"wp:term":[{"taxonomy":"category","embeddable":true,"href":"https:\/\/liap.eu\/index.php\/wp-json\/wp\/v2\/categories?post=9521"},{"taxonomy":"post_tag","embeddable":true,"href":"https:\/\/liap.eu\/index.php\/wp-json\/wp\/v2\/tags?post=9521"}],"curies":[{"name":"wp","href":"https:\/\/api.w.org\/{rel}","templated":true}]}}