{"id":9530,"date":"2022-05-24T13:35:29","date_gmt":"2022-05-24T11:35:29","guid":{"rendered":"https:\/\/liap.eu\/?p=9530"},"modified":"2022-05-24T15:12:29","modified_gmt":"2022-05-24T13:12:29","slug":"lia-in-zypern","status":"publish","type":"post","link":"https:\/\/liap.eu\/index.php\/de\/2022\/05\/24\/lia-in-zypern\/","title":{"rendered":"LIA in Zypern"},"content":{"rendered":"\n<p>Ausstellung in Zypern von ehemaligen LIA-K\u00fcnstlern*innen<\/p>\n\n\n\n<p>Die ehemaligen LIA-K\u00fcnstler*innen<strong> <a href=\"https:\/\/www.instagram.com\/nicolo_brezza\/\" target=\"_blank\" rel=\"noreferrer noopener\">Nicol\u00f2 Brezza<\/a> <\/strong>(IT), <a href=\"https:\/\/www.instagram.com\/caroline_thon\/\" target=\"_blank\" rel=\"noreferrer noopener\"><strong>Caroline H. Thon<\/strong> <\/a>(DK), <a href=\"https:\/\/www.instagram.com\/christina.papakyriakou\/\" target=\"_blank\" rel=\"noreferrer noopener\"><strong>Christina Papakyariakou<\/strong><\/a> (CY) und <a href=\"https:\/\/www.instagram.com\/bollason\/\" target=\"_blank\" rel=\"noreferrer noopener\"><strong>Atli Bollason<\/strong><\/a> (IS) nahmen von August bis Oktober letzten Jahres am LIA teil. Atli und Caroline hatten ein Stipendium des Goethe-Instituts und nahmen an Nordic Leipzig teil. Jetzt verbringen sie einen einmonatigen Aufenthalt in Zypern und haben ihre Ausstellungser\u00f6ffnung am 27. Mai im Limassol Municipal Arts Center in Zypern.<\/p>\n\n\n\n<p>Wenn Sie dort sind, verpassen Sie es nicht!<\/p>\n\n\n\n<figure class=\"wp-block-image size-full\"><img loading=\"lazy\" decoding=\"async\" width=\"276\" height=\"139\" src=\"https:\/\/liap.eu\/wp-content\/uploads\/2022\/05\/Captura-de-pantalla-2022-05-24-a-las-13.15.44-1.png\" alt=\"\" class=\"wp-image-9532\"\/><\/figure>\n","protected":false},"excerpt":{"rendered":"<p>Ausstellung in Zypern von ehemaligen LIA-K\u00fcnstlern*innen Die ehemaligen LIA-K\u00fcnstler*innen Nicol\u00f2 Brezza (IT), Caroline H. Thon (DK), Christina Papakyariakou (CY) und Atli Bollason (IS) nahmen von August bis Oktober letzten Jahres am LIA teil. Atli und Caroline hatten ein Stipendium des Goethe-Instituts und nahmen an Nordic Leipzig teil. Jetzt verbringen sie einen einmonatigen Aufenthalt in Zypern&hellip;<a href=\"https:\/\/liap.eu\/index.php\/de\/2022\/05\/24\/lia-in-zypern\/\" class=\"more-link\"><span>Continue reading<\/span><span class=\"screen-reader-text\">LIA in Zypern<\/span><\/a><\/p>\n","protected":false},"author":4,"featured_media":9527,"comment_status":"closed","ping_status":"closed","sticky":false,"template":"templates\/template-full-width.php","format":"standard","meta":{"om_disable_all_campaigns":false,"_uag_custom_page_level_css":"","footnotes":""},"categories":[88,1],"tags":[],"class_list":["post-9530","post","type-post","status-publish","format-standard","has-post-thumbnail","hentry","category-aktuelles","category-allgemein","tw-meta-no-icon"],"yoast_head":"<!-- This site is optimized with the Yoast SEO plugin v25.6 - https:\/\/yoast.com\/wordpress\/plugins\/seo\/ -->\n<title>LIA in Zypern - LIA<\/title>\n<meta name=\"robots\" content=\"index, follow, max-snippet:-1, max-image-preview:large, max-video-preview:-1\" \/>\n<link rel=\"canonical\" href=\"https:\/\/liap.eu\/index.php\/de\/2022\/05\/24\/lia-in-zypern\/\" \/>\n<meta property=\"og:locale\" content=\"en_GB\" \/>\n<meta property=\"og:type\" content=\"article\" \/>\n<meta property=\"og:title\" content=\"LIA in Zypern - LIA\" \/>\n<meta property=\"og:description\" content=\"Ausstellung in Zypern von ehemaligen LIA-K\u00fcnstlern*innen Die ehemaligen LIA-K\u00fcnstler*innen Nicol\u00f2 Brezza (IT), Caroline H. Thon (DK), Christina Papakyariakou (CY) und Atli Bollason (IS) nahmen von August bis Oktober letzten Jahres am LIA teil. Atli und Caroline hatten ein Stipendium des Goethe-Instituts und nahmen an Nordic Leipzig teil. Jetzt verbringen sie einen einmonatigen Aufenthalt in Zypern&hellip;Continue readingLIA in Zypern\" \/>\n<meta property=\"og:url\" content=\"https:\/\/liap.eu\/index.php\/de\/2022\/05\/24\/lia-in-zypern\/\" \/>\n<meta property=\"og:site_name\" content=\"LIA\" \/>\n<meta property=\"article:publisher\" content=\"https:\/\/www.facebook.com\/LIAprogramme\" \/>\n<meta property=\"article:author\" content=\"https:\/\/www.facebook.com\/LIAprogramme\" \/>\n<meta property=\"article:published_time\" content=\"2022-05-24T11:35:29+00:00\" \/>\n<meta property=\"article:modified_time\" content=\"2022-05-24T13:12:29+00:00\" \/>\n<meta property=\"og:image\" content=\"https:\/\/liap.eu\/wp-content\/uploads\/2022\/05\/03-A-768x1086.jpg\" \/>\n\t<meta property=\"og:image:width\" content=\"768\" \/>\n\t<meta property=\"og:image:height\" content=\"1086\" \/>\n\t<meta property=\"og:image:type\" content=\"image\/jpeg\" \/>\n<meta name=\"author\" content=\"LIA\" \/>\n<meta name=\"twitter:card\" content=\"summary_large_image\" \/>\n<meta name=\"twitter:label1\" content=\"Written by\" \/>\n\t<meta name=\"twitter:data1\" content=\"LIA\" \/>\n\t<meta name=\"twitter:label2\" content=\"Estimated reading time\" \/>\n\t<meta name=\"twitter:data2\" content=\"1 minute\" \/>\n<script type=\"application\/ld+json\" class=\"yoast-schema-graph\">{\"@context\":\"https:\/\/schema.org\",\"@graph\":[{\"@type\":\"Article\",\"@id\":\"https:\/\/liap.eu\/index.php\/de\/2022\/05\/24\/lia-in-zypern\/#article\",\"isPartOf\":{\"@id\":\"https:\/\/liap.eu\/index.php\/de\/2022\/05\/24\/lia-in-zypern\/\"},\"author\":{\"name\":\"LIA\",\"@id\":\"https:\/\/liap.eu\/#\/schema\/person\/6a0bff64f73ff1a6b7e1ccb7faf58204\"},\"headline\":\"LIA in Zypern\",\"datePublished\":\"2022-05-24T11:35:29+00:00\",\"dateModified\":\"2022-05-24T13:12:29+00:00\",\"mainEntityOfPage\":{\"@id\":\"https:\/\/liap.eu\/index.php\/de\/2022\/05\/24\/lia-in-zypern\/\"},\"wordCount\":84,\"publisher\":{\"@id\":\"https:\/\/liap.eu\/#organization\"},\"image\":{\"@id\":\"https:\/\/liap.eu\/index.php\/de\/2022\/05\/24\/lia-in-zypern\/#primaryimage\"},\"thumbnailUrl\":\"https:\/\/liap.eu\/wp-content\/uploads\/2022\/05\/03-A-scaled.jpg\",\"articleSection\":[\"Aktuelles\",\"Allgemein\"],\"inLanguage\":\"en-GB\"},{\"@type\":\"WebPage\",\"@id\":\"https:\/\/liap.eu\/index.php\/de\/2022\/05\/24\/lia-in-zypern\/\",\"url\":\"https:\/\/liap.eu\/index.php\/de\/2022\/05\/24\/lia-in-zypern\/\",\"name\":\"LIA in Zypern - LIA\",\"isPartOf\":{\"@id\":\"https:\/\/liap.eu\/#website\"},\"primaryImageOfPage\":{\"@id\":\"https:\/\/liap.eu\/index.php\/de\/2022\/05\/24\/lia-in-zypern\/#primaryimage\"},\"image\":{\"@id\":\"https:\/\/liap.eu\/index.php\/de\/2022\/05\/24\/lia-in-zypern\/#primaryimage\"},\"thumbnailUrl\":\"https:\/\/liap.eu\/wp-content\/uploads\/2022\/05\/03-A-scaled.jpg\",\"datePublished\":\"2022-05-24T11:35:29+00:00\",\"dateModified\":\"2022-05-24T13:12:29+00:00\",\"breadcrumb\":{\"@id\":\"https:\/\/liap.eu\/index.php\/de\/2022\/05\/24\/lia-in-zypern\/#breadcrumb\"},\"inLanguage\":\"en-GB\",\"potentialAction\":[{\"@type\":\"ReadAction\",\"target\":[\"https:\/\/liap.eu\/index.php\/de\/2022\/05\/24\/lia-in-zypern\/\"]}]},{\"@type\":\"ImageObject\",\"inLanguage\":\"en-GB\",\"@id\":\"https:\/\/liap.eu\/index.php\/de\/2022\/05\/24\/lia-in-zypern\/#primaryimage\",\"url\":\"https:\/\/liap.eu\/wp-content\/uploads\/2022\/05\/03-A-scaled.jpg\",\"contentUrl\":\"https:\/\/liap.eu\/wp-content\/uploads\/2022\/05\/03-A-scaled.jpg\",\"width\":1810,\"height\":2560},{\"@type\":\"BreadcrumbList\",\"@id\":\"https:\/\/liap.eu\/index.php\/de\/2022\/05\/24\/lia-in-zypern\/#breadcrumb\",\"itemListElement\":[{\"@type\":\"ListItem\",\"position\":1,\"name\":\"Startseite\",\"item\":\"https:\/\/liap.eu\/index.php\/de\/\"},{\"@type\":\"ListItem\",\"position\":2,\"name\":\"LIA in Zypern\"}]},{\"@type\":\"WebSite\",\"@id\":\"https:\/\/liap.eu\/#website\",\"url\":\"https:\/\/liap.eu\/\",\"name\":\"LIA - Leipzig International Art Programme\",\"description\":\"Leipzig International Art Programme\",\"publisher\":{\"@id\":\"https:\/\/liap.eu\/#organization\"},\"potentialAction\":[{\"@type\":\"SearchAction\",\"target\":{\"@type\":\"EntryPoint\",\"urlTemplate\":\"https:\/\/liap.eu\/?s={search_term_string}\"},\"query-input\":{\"@type\":\"PropertyValueSpecification\",\"valueRequired\":true,\"valueName\":\"search_term_string\"}}],\"inLanguage\":\"en-GB\"},{\"@type\":\"Organization\",\"@id\":\"https:\/\/liap.eu\/#organization\",\"name\":\"Leipzig International Art Programme\",\"url\":\"https:\/\/liap.eu\/\",\"logo\":{\"@type\":\"ImageObject\",\"inLanguage\":\"en-GB\",\"@id\":\"https:\/\/liap.eu\/#\/schema\/logo\/image\/\",\"url\":\"https:\/\/liap.eu\/wp-content\/uploads\/2021\/11\/LIAP.jpg\",\"contentUrl\":\"https:\/\/liap.eu\/wp-content\/uploads\/2021\/11\/LIAP.jpg\",\"width\":870,\"height\":140,\"caption\":\"Leipzig International Art Programme\"},\"image\":{\"@id\":\"https:\/\/liap.eu\/#\/schema\/logo\/image\/\"},\"sameAs\":[\"https:\/\/www.facebook.com\/LIAprogramme\",\"https:\/\/www.instagram.com\/lia_programme\/\",\"https:\/\/www.youtube.com\/channel\/UCVp_APjH6wtmApuu5kWgUqA\/videos\"]},{\"@type\":\"Person\",\"@id\":\"https:\/\/liap.eu\/#\/schema\/person\/6a0bff64f73ff1a6b7e1ccb7faf58204\",\"name\":\"LIA\",\"image\":{\"@type\":\"ImageObject\",\"inLanguage\":\"en-GB\",\"@id\":\"https:\/\/liap.eu\/#\/schema\/person\/image\/\",\"url\":\"https:\/\/secure.gravatar.com\/avatar\/528cc9c6a7aa20231d89b694711fbe94?s=96&d=mm&r=g\",\"contentUrl\":\"https:\/\/secure.gravatar.com\/avatar\/528cc9c6a7aa20231d89b694711fbe94?s=96&d=mm&r=g\",\"caption\":\"LIA\"},\"sameAs\":[\"https:\/\/www.facebook.com\/LIAprogramme\",\"https:\/\/www.instagram.com\/lia_programme\/\"]}]}<\/script>\n<!-- \/ Yoast SEO plugin. -->","yoast_head_json":{"title":"LIA in Zypern - LIA","robots":{"index":"index","follow":"follow","max-snippet":"max-snippet:-1","max-image-preview":"max-image-preview:large","max-video-preview":"max-video-preview:-1"},"canonical":"https:\/\/liap.eu\/index.php\/de\/2022\/05\/24\/lia-in-zypern\/","og_locale":"en_GB","og_type":"article","og_title":"LIA in Zypern - LIA","og_description":"Ausstellung in Zypern von ehemaligen LIA-K\u00fcnstlern*innen Die ehemaligen LIA-K\u00fcnstler*innen Nicol\u00f2 Brezza (IT), Caroline H. Thon (DK), Christina Papakyariakou (CY) und Atli Bollason (IS) nahmen von August bis Oktober letzten Jahres am LIA teil. Atli und Caroline hatten ein Stipendium des Goethe-Instituts und nahmen an Nordic Leipzig teil. Jetzt verbringen sie einen einmonatigen Aufenthalt in Zypern&hellip;Continue readingLIA in Zypern","og_url":"https:\/\/liap.eu\/index.php\/de\/2022\/05\/24\/lia-in-zypern\/","og_site_name":"LIA","article_publisher":"https:\/\/www.facebook.com\/LIAprogramme","article_author":"https:\/\/www.facebook.com\/LIAprogramme","article_published_time":"2022-05-24T11:35:29+00:00","article_modified_time":"2022-05-24T13:12:29+00:00","og_image":[{"width":768,"height":1086,"url":"https:\/\/liap.eu\/wp-content\/uploads\/2022\/05\/03-A-768x1086.jpg","type":"image\/jpeg"}],"author":"LIA","twitter_card":"summary_large_image","twitter_misc":{"Written by":"LIA","Estimated reading time":"1 minute"},"schema":{"@context":"https:\/\/schema.org","@graph":[{"@type":"Article","@id":"https:\/\/liap.eu\/index.php\/de\/2022\/05\/24\/lia-in-zypern\/#article","isPartOf":{"@id":"https:\/\/liap.eu\/index.php\/de\/2022\/05\/24\/lia-in-zypern\/"},"author":{"name":"LIA","@id":"https:\/\/liap.eu\/#\/schema\/person\/6a0bff64f73ff1a6b7e1ccb7faf58204"},"headline":"LIA in Zypern","datePublished":"2022-05-24T11:35:29+00:00","dateModified":"2022-05-24T13:12:29+00:00","mainEntityOfPage":{"@id":"https:\/\/liap.eu\/index.php\/de\/2022\/05\/24\/lia-in-zypern\/"},"wordCount":84,"publisher":{"@id":"https:\/\/liap.eu\/#organization"},"image":{"@id":"https:\/\/liap.eu\/index.php\/de\/2022\/05\/24\/lia-in-zypern\/#primaryimage"},"thumbnailUrl":"https:\/\/liap.eu\/wp-content\/uploads\/2022\/05\/03-A-scaled.jpg","articleSection":["Aktuelles","Allgemein"],"inLanguage":"en-GB"},{"@type":"WebPage","@id":"https:\/\/liap.eu\/index.php\/de\/2022\/05\/24\/lia-in-zypern\/","url":"https:\/\/liap.eu\/index.php\/de\/2022\/05\/24\/lia-in-zypern\/","name":"LIA in Zypern - LIA","isPartOf":{"@id":"https:\/\/liap.eu\/#website"},"primaryImageOfPage":{"@id":"https:\/\/liap.eu\/index.php\/de\/2022\/05\/24\/lia-in-zypern\/#primaryimage"},"image":{"@id":"https:\/\/liap.eu\/index.php\/de\/2022\/05\/24\/lia-in-zypern\/#primaryimage"},"thumbnailUrl":"https:\/\/liap.eu\/wp-content\/uploads\/2022\/05\/03-A-scaled.jpg","datePublished":"2022-05-24T11:35:29+00:00","dateModified":"2022-05-24T13:12:29+00:00","breadcrumb":{"@id":"https:\/\/liap.eu\/index.php\/de\/2022\/05\/24\/lia-in-zypern\/#breadcrumb"},"inLanguage":"en-GB","potentialAction":[{"@type":"ReadAction","target":["https:\/\/liap.eu\/index.php\/de\/2022\/05\/24\/lia-in-zypern\/"]}]},{"@type":"ImageObject","inLanguage":"en-GB","@id":"https:\/\/liap.eu\/index.php\/de\/2022\/05\/24\/lia-in-zypern\/#primaryimage","url":"https:\/\/liap.eu\/wp-content\/uploads\/2022\/05\/03-A-scaled.jpg","contentUrl":"https:\/\/liap.eu\/wp-content\/uploads\/2022\/05\/03-A-scaled.jpg","width":1810,"height":2560},{"@type":"BreadcrumbList","@id":"https:\/\/liap.eu\/index.php\/de\/2022\/05\/24\/lia-in-zypern\/#breadcrumb","itemListElement":[{"@type":"ListItem","position":1,"name":"Startseite","item":"https:\/\/liap.eu\/index.php\/de\/"},{"@type":"ListItem","position":2,"name":"LIA in Zypern"}]},{"@type":"WebSite","@id":"https:\/\/liap.eu\/#website","url":"https:\/\/liap.eu\/","name":"LIA - Leipzig International Art Programme","description":"Leipzig International Art Programme","publisher":{"@id":"https:\/\/liap.eu\/#organization"},"potentialAction":[{"@type":"SearchAction","target":{"@type":"EntryPoint","urlTemplate":"https:\/\/liap.eu\/?s={search_term_string}"},"query-input":{"@type":"PropertyValueSpecification","valueRequired":true,"valueName":"search_term_string"}}],"inLanguage":"en-GB"},{"@type":"Organization","@id":"https:\/\/liap.eu\/#organization","name":"Leipzig International Art Programme","url":"https:\/\/liap.eu\/","logo":{"@type":"ImageObject","inLanguage":"en-GB","@id":"https:\/\/liap.eu\/#\/schema\/logo\/image\/","url":"https:\/\/liap.eu\/wp-content\/uploads\/2021\/11\/LIAP.jpg","contentUrl":"https:\/\/liap.eu\/wp-content\/uploads\/2021\/11\/LIAP.jpg","width":870,"height":140,"caption":"Leipzig International Art Programme"},"image":{"@id":"https:\/\/liap.eu\/#\/schema\/logo\/image\/"},"sameAs":["https:\/\/www.facebook.com\/LIAprogramme","https:\/\/www.instagram.com\/lia_programme\/","https:\/\/www.youtube.com\/channel\/UCVp_APjH6wtmApuu5kWgUqA\/videos"]},{"@type":"Person","@id":"https:\/\/liap.eu\/#\/schema\/person\/6a0bff64f73ff1a6b7e1ccb7faf58204","name":"LIA","image":{"@type":"ImageObject","inLanguage":"en-GB","@id":"https:\/\/liap.eu\/#\/schema\/person\/image\/","url":"https:\/\/secure.gravatar.com\/avatar\/528cc9c6a7aa20231d89b694711fbe94?s=96&d=mm&r=g","contentUrl":"https:\/\/secure.gravatar.com\/avatar\/528cc9c6a7aa20231d89b694711fbe94?s=96&d=mm&r=g","caption":"LIA"},"sameAs":["https:\/\/www.facebook.com\/LIAprogramme","https:\/\/www.instagram.com\/lia_programme\/"]}]}},"uagb_featured_image_src":{"full":["https:\/\/liap.eu\/wp-content\/uploads\/2022\/05\/03-A-scaled.jpg",1810,2560,false],"thumbnail":["https:\/\/liap.eu\/wp-content\/uploads\/2022\/05\/03-A-scaled.jpg",68,96,false],"medium":["https:\/\/liap.eu\/wp-content\/uploads\/2022\/05\/03-A-scaled.jpg",1810,2560,false],"medium_large":["https:\/\/liap.eu\/wp-content\/uploads\/2022\/05\/03-A-768x1086.jpg",768,1086,true],"large":["https:\/\/liap.eu\/wp-content\/uploads\/2022\/05\/03-A-scaled.jpg",1810,2560,false],"1536x1536":["https:\/\/liap.eu\/wp-content\/uploads\/2022\/05\/03-A-1086x1536.jpg",1086,1536,true],"2048x2048":["https:\/\/liap.eu\/wp-content\/uploads\/2022\/05\/03-A-1448x2048.jpg",1448,2048,true],"post-thumbnail":["https:\/\/liap.eu\/wp-content\/uploads\/2022\/05\/03-A-1200x1697.jpg",1200,1697,true],"twentytwenty-fullscreen":["https:\/\/liap.eu\/wp-content\/uploads\/2022\/05\/03-A-1980x2800.jpg",1980,2800,true]},"uagb_author_info":{"display_name":"LIA","author_link":"https:\/\/liap.eu\/index.php\/author\/bierau\/"},"uagb_comment_info":0,"uagb_excerpt":"Ausstellung in Zypern von ehemaligen LIA-K\u00fcnstlern*innen Die ehemaligen LIA-K\u00fcnstler*innen Nicol\u00f2 Brezza (IT), Caroline H. Thon (DK), Christina Papakyariakou (CY) und Atli Bollason (IS) nahmen von August bis Oktober letzten Jahres am LIA teil. Atli und Caroline hatten ein Stipendium des Goethe-Instituts und nahmen an Nordic Leipzig teil. Jetzt verbringen sie einen einmonatigen Aufenthalt in Zypern&hellip;Continue&hellip;","_links":{"self":[{"href":"https:\/\/liap.eu\/index.php\/wp-json\/wp\/v2\/posts\/9530"}],"collection":[{"href":"https:\/\/liap.eu\/index.php\/wp-json\/wp\/v2\/posts"}],"about":[{"href":"https:\/\/liap.eu\/index.php\/wp-json\/wp\/v2\/types\/post"}],"author":[{"embeddable":true,"href":"https:\/\/liap.eu\/index.php\/wp-json\/wp\/v2\/users\/4"}],"replies":[{"embeddable":true,"href":"https:\/\/liap.eu\/index.php\/wp-json\/wp\/v2\/comments?post=9530"}],"version-history":[{"count":3,"href":"https:\/\/liap.eu\/index.php\/wp-json\/wp\/v2\/posts\/9530\/revisions"}],"predecessor-version":[{"id":9538,"href":"https:\/\/liap.eu\/index.php\/wp-json\/wp\/v2\/posts\/9530\/revisions\/9538"}],"wp:featuredmedia":[{"embeddable":true,"href":"https:\/\/liap.eu\/index.php\/wp-json\/wp\/v2\/media\/9527"}],"wp:attachment":[{"href":"https:\/\/liap.eu\/index.php\/wp-json\/wp\/v2\/media?parent=9530"}],"wp:term":[{"taxonomy":"category","embeddable":true,"href":"https:\/\/liap.eu\/index.php\/wp-json\/wp\/v2\/categories?post=9530"},{"taxonomy":"post_tag","embeddable":true,"href":"https:\/\/liap.eu\/index.php\/wp-json\/wp\/v2\/tags?post=9530"}],"curies":[{"name":"wp","href":"https:\/\/api.w.org\/{rel}","templated":true}]}}