{"id":9748,"date":"2022-08-02T13:12:36","date_gmt":"2022-08-02T11:12:36","guid":{"rendered":"https:\/\/liap.eu\/?p=9748"},"modified":"2022-08-02T13:12:38","modified_gmt":"2022-08-02T11:12:38","slug":"duy-nguyen","status":"publish","type":"post","link":"https:\/\/liap.eu\/index.php\/de\/2022\/08\/02\/duy-nguyen\/","title":{"rendered":"Duy Nguyen"},"content":{"rendered":"\n<p><strong>Zeitraum:<\/strong> August &#8211; November 2022<\/p>\n\n\n\n<p class=\"has-text-align-left\">Duy Nguyen (geb. 1989) ist ein vietnamesisch-norwegischer K\u00fcnstler, der sich mit Erinnerungen und deren Auswirkungen auf pers\u00f6nliche und kollektive Erfahrungen aus der Sicht eines Einwanderers und Ausl\u00e4nders besch\u00e4ftigt. Seine Praxis ber\u00fchrt Fragen der kulturellen Identit\u00e4t und der psychischen Gesundheit. Duy betrachtet seinen Prozess eher als eine Reflexion seines inneren Geistes denn als eine Dokumentation der Au\u00dfenwelt. Die von ihm gew\u00e4hlten Medien liegen irgendwo zwischen analoger Fotografie, bewegten Bildern und digitaler Kunst. Dennoch ist er stets bestrebt, neue Technologien und Methoden zu erforschen, um seine Geschichten zu erz\u00e4hlen. Duys Recherchen bewegen sich zwischen Wahrnehmung und Realit\u00e4t, zwischen Wahrheit und Inszenierung und versuchen, die L\u00fccken der Erinnerung durch die Schaffung plausibler Simulakren von sich selbst zu f\u00fcllen. <\/p>\n\n\n\n<p class=\"has-text-align-left\">Als K\u00fcnstler ist es sein Ziel, seine Geschichte umzuschreiben und seine Probleme durch Kunst zu l\u00f6sen. Duy hat u. a. bei der Norwegischen Nationalen Kunstausstellung, dem Liquida Photo Festival, dem Karm\u00f8y Kunstforening, der PH21 Gallery Budapest, dem Collective Oslo und dem 706 Youth Space Beijing ausgestellt. Au\u00dferdem erhielt er Stipendien vom Norwegischen Kunstrat. Duy absolvierte k\u00fcrzlich einen K\u00fcnstleraufenthalt bei Paratissima in Turin, Italien.<\/p>\n\n\n\n<figure class=\"wp-block-image size-full\"><img loading=\"lazy\" decoding=\"async\" width=\"1273\" height=\"1920\" src=\"https:\/\/liap.eu\/wp-content\/uploads\/2022\/08\/7MdpObgy-1.jpeg\" alt=\"\" class=\"wp-image-9749\" srcset=\"https:\/\/liap.eu\/wp-content\/uploads\/2022\/08\/7MdpObgy-1.jpeg 1273w, https:\/\/liap.eu\/wp-content\/uploads\/2022\/08\/7MdpObgy-1-768x1158.jpeg 768w, https:\/\/liap.eu\/wp-content\/uploads\/2022\/08\/7MdpObgy-1-1018x1536.jpeg 1018w, https:\/\/liap.eu\/wp-content\/uploads\/2022\/08\/7MdpObgy-1-1200x1810.jpeg 1200w\" sizes=\"(max-width: 1273px) 100vw, 1273px\" \/><\/figure>\n\n\n\n<p><strong>Project Partners<\/strong><\/p>\n\n\n\n<figure class=\"wp-block-image size-full\"><img loading=\"lazy\" decoding=\"async\" width=\"547\" height=\"184\" src=\"https:\/\/liap.eu\/wp-content\/uploads\/2022\/05\/Captura-de-pantalla-2022-05-10-a-las-9.19.19-1.png\" alt=\"\" class=\"wp-image-9467\"\/><\/figure>\n","protected":false},"excerpt":{"rendered":"<p>Zeitraum: August &#8211; November 2022 Duy Nguyen (geb. 1989) ist ein vietnamesisch-norwegischer K\u00fcnstler, der sich mit Erinnerungen und deren Auswirkungen auf pers\u00f6nliche und kollektive Erfahrungen aus der Sicht eines Einwanderers und Ausl\u00e4nders besch\u00e4ftigt. Seine Praxis ber\u00fchrt Fragen der kulturellen Identit\u00e4t und der psychischen Gesundheit. Duy betrachtet seinen Prozess eher als eine Reflexion seines inneren Geistes&hellip;<a href=\"https:\/\/liap.eu\/index.php\/de\/2022\/08\/02\/duy-nguyen\/\" class=\"more-link\"><span>Continue reading<\/span><span class=\"screen-reader-text\">Duy Nguyen<\/span><\/a><\/p>\n","protected":false},"author":4,"featured_media":9744,"comment_status":"closed","ping_status":"closed","sticky":false,"template":"templates\/template-full-width.php","format":"standard","meta":{"om_disable_all_campaigns":false,"_uag_custom_page_level_css":"","footnotes":""},"categories":[21,578],"tags":[],"class_list":["post-9748","post","type-post","status-publish","format-standard","has-post-thumbnail","hentry","category-kuenstler","category-kunstler-2022","tw-meta-no-icon"],"yoast_head":"<!-- This site is optimized with the Yoast SEO plugin v25.6 - https:\/\/yoast.com\/wordpress\/plugins\/seo\/ -->\n<title>Duy Nguyen - LIA<\/title>\n<meta name=\"robots\" content=\"index, follow, max-snippet:-1, max-image-preview:large, max-video-preview:-1\" \/>\n<link rel=\"canonical\" href=\"https:\/\/liap.eu\/index.php\/de\/2022\/08\/02\/duy-nguyen\/\" \/>\n<meta property=\"og:locale\" content=\"en_GB\" \/>\n<meta property=\"og:type\" content=\"article\" \/>\n<meta property=\"og:title\" content=\"Duy Nguyen - LIA\" \/>\n<meta property=\"og:description\" content=\"Zeitraum: August &#8211; November 2022 Duy Nguyen (geb. 1989) ist ein vietnamesisch-norwegischer K\u00fcnstler, der sich mit Erinnerungen und deren Auswirkungen auf pers\u00f6nliche und kollektive Erfahrungen aus der Sicht eines Einwanderers und Ausl\u00e4nders besch\u00e4ftigt. Seine Praxis ber\u00fchrt Fragen der kulturellen Identit\u00e4t und der psychischen Gesundheit. Duy betrachtet seinen Prozess eher als eine Reflexion seines inneren Geistes&hellip;Continue readingDuy Nguyen\" \/>\n<meta property=\"og:url\" content=\"https:\/\/liap.eu\/index.php\/de\/2022\/08\/02\/duy-nguyen\/\" \/>\n<meta property=\"og:site_name\" content=\"LIA\" \/>\n<meta property=\"article:publisher\" content=\"https:\/\/www.facebook.com\/LIAprogramme\" \/>\n<meta property=\"article:author\" content=\"https:\/\/www.facebook.com\/LIAprogramme\" \/>\n<meta property=\"article:published_time\" content=\"2022-08-02T11:12:36+00:00\" \/>\n<meta property=\"article:modified_time\" content=\"2022-08-02T11:12:38+00:00\" \/>\n<meta property=\"og:image\" content=\"https:\/\/liap.eu\/wp-content\/uploads\/2022\/08\/xm_KOE30.jpeg\" \/>\n\t<meta property=\"og:image:width\" content=\"1920\" \/>\n\t<meta property=\"og:image:height\" content=\"1280\" \/>\n\t<meta property=\"og:image:type\" content=\"image\/jpeg\" \/>\n<meta name=\"author\" content=\"LIA\" \/>\n<meta name=\"twitter:card\" content=\"summary_large_image\" \/>\n<meta name=\"twitter:label1\" content=\"Written by\" \/>\n\t<meta name=\"twitter:data1\" content=\"LIA\" \/>\n\t<meta name=\"twitter:label2\" content=\"Estimated reading time\" \/>\n\t<meta name=\"twitter:data2\" content=\"2 minutes\" \/>\n<script type=\"application\/ld+json\" class=\"yoast-schema-graph\">{\"@context\":\"https:\/\/schema.org\",\"@graph\":[{\"@type\":\"Article\",\"@id\":\"https:\/\/liap.eu\/index.php\/de\/2022\/08\/02\/duy-nguyen\/#article\",\"isPartOf\":{\"@id\":\"https:\/\/liap.eu\/index.php\/de\/2022\/08\/02\/duy-nguyen\/\"},\"author\":{\"name\":\"LIA\",\"@id\":\"https:\/\/liap.eu\/#\/schema\/person\/6a0bff64f73ff1a6b7e1ccb7faf58204\"},\"headline\":\"Duy Nguyen\",\"datePublished\":\"2022-08-02T11:12:36+00:00\",\"dateModified\":\"2022-08-02T11:12:38+00:00\",\"mainEntityOfPage\":{\"@id\":\"https:\/\/liap.eu\/index.php\/de\/2022\/08\/02\/duy-nguyen\/\"},\"wordCount\":202,\"publisher\":{\"@id\":\"https:\/\/liap.eu\/#organization\"},\"image\":{\"@id\":\"https:\/\/liap.eu\/index.php\/de\/2022\/08\/02\/duy-nguyen\/#primaryimage\"},\"thumbnailUrl\":\"https:\/\/liap.eu\/wp-content\/uploads\/2022\/08\/xm_KOE30.jpeg\",\"articleSection\":[\"K\u00fcnstler\",\"K\u00fcnstler 2022\"],\"inLanguage\":\"en-GB\"},{\"@type\":\"WebPage\",\"@id\":\"https:\/\/liap.eu\/index.php\/de\/2022\/08\/02\/duy-nguyen\/\",\"url\":\"https:\/\/liap.eu\/index.php\/de\/2022\/08\/02\/duy-nguyen\/\",\"name\":\"Duy Nguyen - LIA\",\"isPartOf\":{\"@id\":\"https:\/\/liap.eu\/#website\"},\"primaryImageOfPage\":{\"@id\":\"https:\/\/liap.eu\/index.php\/de\/2022\/08\/02\/duy-nguyen\/#primaryimage\"},\"image\":{\"@id\":\"https:\/\/liap.eu\/index.php\/de\/2022\/08\/02\/duy-nguyen\/#primaryimage\"},\"thumbnailUrl\":\"https:\/\/liap.eu\/wp-content\/uploads\/2022\/08\/xm_KOE30.jpeg\",\"datePublished\":\"2022-08-02T11:12:36+00:00\",\"dateModified\":\"2022-08-02T11:12:38+00:00\",\"breadcrumb\":{\"@id\":\"https:\/\/liap.eu\/index.php\/de\/2022\/08\/02\/duy-nguyen\/#breadcrumb\"},\"inLanguage\":\"en-GB\",\"potentialAction\":[{\"@type\":\"ReadAction\",\"target\":[\"https:\/\/liap.eu\/index.php\/de\/2022\/08\/02\/duy-nguyen\/\"]}]},{\"@type\":\"ImageObject\",\"inLanguage\":\"en-GB\",\"@id\":\"https:\/\/liap.eu\/index.php\/de\/2022\/08\/02\/duy-nguyen\/#primaryimage\",\"url\":\"https:\/\/liap.eu\/wp-content\/uploads\/2022\/08\/xm_KOE30.jpeg\",\"contentUrl\":\"https:\/\/liap.eu\/wp-content\/uploads\/2022\/08\/xm_KOE30.jpeg\",\"width\":1920,\"height\":1280},{\"@type\":\"BreadcrumbList\",\"@id\":\"https:\/\/liap.eu\/index.php\/de\/2022\/08\/02\/duy-nguyen\/#breadcrumb\",\"itemListElement\":[{\"@type\":\"ListItem\",\"position\":1,\"name\":\"Startseite\",\"item\":\"https:\/\/liap.eu\/index.php\/de\/\"},{\"@type\":\"ListItem\",\"position\":2,\"name\":\"Duy Nguyen\"}]},{\"@type\":\"WebSite\",\"@id\":\"https:\/\/liap.eu\/#website\",\"url\":\"https:\/\/liap.eu\/\",\"name\":\"LIA - Leipzig International Art Programme\",\"description\":\"Leipzig International Art Programme\",\"publisher\":{\"@id\":\"https:\/\/liap.eu\/#organization\"},\"potentialAction\":[{\"@type\":\"SearchAction\",\"target\":{\"@type\":\"EntryPoint\",\"urlTemplate\":\"https:\/\/liap.eu\/?s={search_term_string}\"},\"query-input\":{\"@type\":\"PropertyValueSpecification\",\"valueRequired\":true,\"valueName\":\"search_term_string\"}}],\"inLanguage\":\"en-GB\"},{\"@type\":\"Organization\",\"@id\":\"https:\/\/liap.eu\/#organization\",\"name\":\"Leipzig International Art Programme\",\"url\":\"https:\/\/liap.eu\/\",\"logo\":{\"@type\":\"ImageObject\",\"inLanguage\":\"en-GB\",\"@id\":\"https:\/\/liap.eu\/#\/schema\/logo\/image\/\",\"url\":\"https:\/\/liap.eu\/wp-content\/uploads\/2021\/11\/LIAP.jpg\",\"contentUrl\":\"https:\/\/liap.eu\/wp-content\/uploads\/2021\/11\/LIAP.jpg\",\"width\":870,\"height\":140,\"caption\":\"Leipzig International Art Programme\"},\"image\":{\"@id\":\"https:\/\/liap.eu\/#\/schema\/logo\/image\/\"},\"sameAs\":[\"https:\/\/www.facebook.com\/LIAprogramme\",\"https:\/\/www.instagram.com\/lia_programme\/\",\"https:\/\/www.youtube.com\/channel\/UCVp_APjH6wtmApuu5kWgUqA\/videos\"]},{\"@type\":\"Person\",\"@id\":\"https:\/\/liap.eu\/#\/schema\/person\/6a0bff64f73ff1a6b7e1ccb7faf58204\",\"name\":\"LIA\",\"image\":{\"@type\":\"ImageObject\",\"inLanguage\":\"en-GB\",\"@id\":\"https:\/\/liap.eu\/#\/schema\/person\/image\/\",\"url\":\"https:\/\/secure.gravatar.com\/avatar\/528cc9c6a7aa20231d89b694711fbe94?s=96&d=mm&r=g\",\"contentUrl\":\"https:\/\/secure.gravatar.com\/avatar\/528cc9c6a7aa20231d89b694711fbe94?s=96&d=mm&r=g\",\"caption\":\"LIA\"},\"sameAs\":[\"https:\/\/www.facebook.com\/LIAprogramme\",\"https:\/\/www.instagram.com\/lia_programme\/\"]}]}<\/script>\n<!-- \/ Yoast SEO plugin. -->","yoast_head_json":{"title":"Duy Nguyen - LIA","robots":{"index":"index","follow":"follow","max-snippet":"max-snippet:-1","max-image-preview":"max-image-preview:large","max-video-preview":"max-video-preview:-1"},"canonical":"https:\/\/liap.eu\/index.php\/de\/2022\/08\/02\/duy-nguyen\/","og_locale":"en_GB","og_type":"article","og_title":"Duy Nguyen - LIA","og_description":"Zeitraum: August &#8211; November 2022 Duy Nguyen (geb. 1989) ist ein vietnamesisch-norwegischer K\u00fcnstler, der sich mit Erinnerungen und deren Auswirkungen auf pers\u00f6nliche und kollektive Erfahrungen aus der Sicht eines Einwanderers und Ausl\u00e4nders besch\u00e4ftigt. Seine Praxis ber\u00fchrt Fragen der kulturellen Identit\u00e4t und der psychischen Gesundheit. Duy betrachtet seinen Prozess eher als eine Reflexion seines inneren Geistes&hellip;Continue readingDuy Nguyen","og_url":"https:\/\/liap.eu\/index.php\/de\/2022\/08\/02\/duy-nguyen\/","og_site_name":"LIA","article_publisher":"https:\/\/www.facebook.com\/LIAprogramme","article_author":"https:\/\/www.facebook.com\/LIAprogramme","article_published_time":"2022-08-02T11:12:36+00:00","article_modified_time":"2022-08-02T11:12:38+00:00","og_image":[{"width":1920,"height":1280,"url":"https:\/\/liap.eu\/wp-content\/uploads\/2022\/08\/xm_KOE30.jpeg","type":"image\/jpeg"}],"author":"LIA","twitter_card":"summary_large_image","twitter_misc":{"Written by":"LIA","Estimated reading time":"2 minutes"},"schema":{"@context":"https:\/\/schema.org","@graph":[{"@type":"Article","@id":"https:\/\/liap.eu\/index.php\/de\/2022\/08\/02\/duy-nguyen\/#article","isPartOf":{"@id":"https:\/\/liap.eu\/index.php\/de\/2022\/08\/02\/duy-nguyen\/"},"author":{"name":"LIA","@id":"https:\/\/liap.eu\/#\/schema\/person\/6a0bff64f73ff1a6b7e1ccb7faf58204"},"headline":"Duy Nguyen","datePublished":"2022-08-02T11:12:36+00:00","dateModified":"2022-08-02T11:12:38+00:00","mainEntityOfPage":{"@id":"https:\/\/liap.eu\/index.php\/de\/2022\/08\/02\/duy-nguyen\/"},"wordCount":202,"publisher":{"@id":"https:\/\/liap.eu\/#organization"},"image":{"@id":"https:\/\/liap.eu\/index.php\/de\/2022\/08\/02\/duy-nguyen\/#primaryimage"},"thumbnailUrl":"https:\/\/liap.eu\/wp-content\/uploads\/2022\/08\/xm_KOE30.jpeg","articleSection":["K\u00fcnstler","K\u00fcnstler 2022"],"inLanguage":"en-GB"},{"@type":"WebPage","@id":"https:\/\/liap.eu\/index.php\/de\/2022\/08\/02\/duy-nguyen\/","url":"https:\/\/liap.eu\/index.php\/de\/2022\/08\/02\/duy-nguyen\/","name":"Duy Nguyen - LIA","isPartOf":{"@id":"https:\/\/liap.eu\/#website"},"primaryImageOfPage":{"@id":"https:\/\/liap.eu\/index.php\/de\/2022\/08\/02\/duy-nguyen\/#primaryimage"},"image":{"@id":"https:\/\/liap.eu\/index.php\/de\/2022\/08\/02\/duy-nguyen\/#primaryimage"},"thumbnailUrl":"https:\/\/liap.eu\/wp-content\/uploads\/2022\/08\/xm_KOE30.jpeg","datePublished":"2022-08-02T11:12:36+00:00","dateModified":"2022-08-02T11:12:38+00:00","breadcrumb":{"@id":"https:\/\/liap.eu\/index.php\/de\/2022\/08\/02\/duy-nguyen\/#breadcrumb"},"inLanguage":"en-GB","potentialAction":[{"@type":"ReadAction","target":["https:\/\/liap.eu\/index.php\/de\/2022\/08\/02\/duy-nguyen\/"]}]},{"@type":"ImageObject","inLanguage":"en-GB","@id":"https:\/\/liap.eu\/index.php\/de\/2022\/08\/02\/duy-nguyen\/#primaryimage","url":"https:\/\/liap.eu\/wp-content\/uploads\/2022\/08\/xm_KOE30.jpeg","contentUrl":"https:\/\/liap.eu\/wp-content\/uploads\/2022\/08\/xm_KOE30.jpeg","width":1920,"height":1280},{"@type":"BreadcrumbList","@id":"https:\/\/liap.eu\/index.php\/de\/2022\/08\/02\/duy-nguyen\/#breadcrumb","itemListElement":[{"@type":"ListItem","position":1,"name":"Startseite","item":"https:\/\/liap.eu\/index.php\/de\/"},{"@type":"ListItem","position":2,"name":"Duy Nguyen"}]},{"@type":"WebSite","@id":"https:\/\/liap.eu\/#website","url":"https:\/\/liap.eu\/","name":"LIA - Leipzig International Art Programme","description":"Leipzig International Art Programme","publisher":{"@id":"https:\/\/liap.eu\/#organization"},"potentialAction":[{"@type":"SearchAction","target":{"@type":"EntryPoint","urlTemplate":"https:\/\/liap.eu\/?s={search_term_string}"},"query-input":{"@type":"PropertyValueSpecification","valueRequired":true,"valueName":"search_term_string"}}],"inLanguage":"en-GB"},{"@type":"Organization","@id":"https:\/\/liap.eu\/#organization","name":"Leipzig International Art Programme","url":"https:\/\/liap.eu\/","logo":{"@type":"ImageObject","inLanguage":"en-GB","@id":"https:\/\/liap.eu\/#\/schema\/logo\/image\/","url":"https:\/\/liap.eu\/wp-content\/uploads\/2021\/11\/LIAP.jpg","contentUrl":"https:\/\/liap.eu\/wp-content\/uploads\/2021\/11\/LIAP.jpg","width":870,"height":140,"caption":"Leipzig International Art Programme"},"image":{"@id":"https:\/\/liap.eu\/#\/schema\/logo\/image\/"},"sameAs":["https:\/\/www.facebook.com\/LIAprogramme","https:\/\/www.instagram.com\/lia_programme\/","https:\/\/www.youtube.com\/channel\/UCVp_APjH6wtmApuu5kWgUqA\/videos"]},{"@type":"Person","@id":"https:\/\/liap.eu\/#\/schema\/person\/6a0bff64f73ff1a6b7e1ccb7faf58204","name":"LIA","image":{"@type":"ImageObject","inLanguage":"en-GB","@id":"https:\/\/liap.eu\/#\/schema\/person\/image\/","url":"https:\/\/secure.gravatar.com\/avatar\/528cc9c6a7aa20231d89b694711fbe94?s=96&d=mm&r=g","contentUrl":"https:\/\/secure.gravatar.com\/avatar\/528cc9c6a7aa20231d89b694711fbe94?s=96&d=mm&r=g","caption":"LIA"},"sameAs":["https:\/\/www.facebook.com\/LIAprogramme","https:\/\/www.instagram.com\/lia_programme\/"]}]}},"uagb_featured_image_src":{"full":["https:\/\/liap.eu\/wp-content\/uploads\/2022\/08\/xm_KOE30.jpeg",1920,1280,false],"thumbnail":["https:\/\/liap.eu\/wp-content\/uploads\/2022\/08\/xm_KOE30.jpeg",128,85,false],"medium":["https:\/\/liap.eu\/wp-content\/uploads\/2022\/08\/xm_KOE30.jpeg",1920,1280,false],"medium_large":["https:\/\/liap.eu\/wp-content\/uploads\/2022\/08\/xm_KOE30-768x512.jpeg",768,512,true],"large":["https:\/\/liap.eu\/wp-content\/uploads\/2022\/08\/xm_KOE30.jpeg",1920,1280,false],"1536x1536":["https:\/\/liap.eu\/wp-content\/uploads\/2022\/08\/xm_KOE30-1536x1024.jpeg",1536,1024,true],"2048x2048":["https:\/\/liap.eu\/wp-content\/uploads\/2022\/08\/xm_KOE30.jpeg",1920,1280,false],"post-thumbnail":["https:\/\/liap.eu\/wp-content\/uploads\/2022\/08\/xm_KOE30-1200x800.jpeg",1200,800,true],"twentytwenty-fullscreen":["https:\/\/liap.eu\/wp-content\/uploads\/2022\/08\/xm_KOE30.jpeg",1920,1280,false]},"uagb_author_info":{"display_name":"LIA","author_link":"https:\/\/liap.eu\/index.php\/author\/bierau\/"},"uagb_comment_info":0,"uagb_excerpt":"Zeitraum: August &#8211; November 2022 Duy Nguyen (geb. 1989) ist ein vietnamesisch-norwegischer K\u00fcnstler, der sich mit Erinnerungen und deren Auswirkungen auf pers\u00f6nliche und kollektive Erfahrungen aus der Sicht eines Einwanderers und Ausl\u00e4nders besch\u00e4ftigt. Seine Praxis ber\u00fchrt Fragen der kulturellen Identit\u00e4t und der psychischen Gesundheit. Duy betrachtet seinen Prozess eher als eine Reflexion seines inneren Geistes&hellip;Continue&hellip;","_links":{"self":[{"href":"https:\/\/liap.eu\/index.php\/wp-json\/wp\/v2\/posts\/9748"}],"collection":[{"href":"https:\/\/liap.eu\/index.php\/wp-json\/wp\/v2\/posts"}],"about":[{"href":"https:\/\/liap.eu\/index.php\/wp-json\/wp\/v2\/types\/post"}],"author":[{"embeddable":true,"href":"https:\/\/liap.eu\/index.php\/wp-json\/wp\/v2\/users\/4"}],"replies":[{"embeddable":true,"href":"https:\/\/liap.eu\/index.php\/wp-json\/wp\/v2\/comments?post=9748"}],"version-history":[{"count":3,"href":"https:\/\/liap.eu\/index.php\/wp-json\/wp\/v2\/posts\/9748\/revisions"}],"predecessor-version":[{"id":9759,"href":"https:\/\/liap.eu\/index.php\/wp-json\/wp\/v2\/posts\/9748\/revisions\/9759"}],"wp:featuredmedia":[{"embeddable":true,"href":"https:\/\/liap.eu\/index.php\/wp-json\/wp\/v2\/media\/9744"}],"wp:attachment":[{"href":"https:\/\/liap.eu\/index.php\/wp-json\/wp\/v2\/media?parent=9748"}],"wp:term":[{"taxonomy":"category","embeddable":true,"href":"https:\/\/liap.eu\/index.php\/wp-json\/wp\/v2\/categories?post=9748"},{"taxonomy":"post_tag","embeddable":true,"href":"https:\/\/liap.eu\/index.php\/wp-json\/wp\/v2\/tags?post=9748"}],"curies":[{"name":"wp","href":"https:\/\/api.w.org\/{rel}","templated":true}]}}