{"id":9872,"date":"2022-08-09T16:36:54","date_gmt":"2022-08-09T14:36:54","guid":{"rendered":"https:\/\/liap.eu\/?p=9872"},"modified":"2023-02-15T09:32:38","modified_gmt":"2023-02-15T08:32:38","slug":"lia-mdr-kultur-spezial-2","status":"publish","type":"post","link":"https:\/\/liap.eu\/index.php\/2022\/08\/09\/lia-mdr-kultur-spezial-2\/","title":{"rendered":"LIA &#8211; MDR KULTUR Spezial"},"content":{"rendered":"\n<figure class=\"wp-block-image aligncenter size-full is-resized\"><a href=\"https:\/\/www.mdr.de\/kultur\/radio\/ipg\/sendung-774208.html\"><img loading=\"lazy\" decoding=\"async\" src=\"https:\/\/liap.eu\/wp-content\/uploads\/2022\/08\/Captura-de-pantalla-2022-08-09-a-las-9.31.34.png\" alt=\"\" class=\"wp-image-9873\" width=\"659\" height=\"756\"\/><\/a><\/figure>\n\n\n\n<p>Two weeks ago, the journalist Ms Thielmann from MDR KULTUR was at LIA and interviewed the artist <a href=\"https:\/\/liap.eu\/index.php\/2022\/07\/03\/max-kornfield\/\">Max Kornfiel <\/a>(School of Visual Arts, New York City) and the founder of LIA, Anna-Louise Rolland. To listen to the programme, click <a href=\"https:\/\/liap.eu\/index.php\/2022\/07\/03\/max-kornfield\/\"><strong>here<\/strong><\/a>.<br><br><em>&#8220;F\u00fcr ein paar Wochen an einem fremden Ort leben und arbeiten, neue Menschen treffen und Ideen entwickeln \u2013 das ist die Idee, die hinter K\u00fcnstlerresidenzen steckt. Die K\u00fcnstlerresidenz bietet eine Heimat auf Zeit, erfordert Mobilit\u00e4t, da sie meist in einem fremden Land oder einer fremden Stadt liegt &#8211; und ist ein g\u00e4ngiges Finanzierungsmodell zeitgen\u00f6ssischer Kunstschaffender. Das gilt auch f\u00fcr das LIA- Art Programme auf dem Gel\u00e4nde der Leipziger Baumwollspinnerei. In der Halle 18 liegt die K\u00fcnstlerresidenz; Ulrike Thielmann hat sie besucht.&#8221;<\/em><\/p>\n\n\n\n<figure class=\"wp-block-image aligncenter size-full is-resized\"><img loading=\"lazy\" decoding=\"async\" src=\"https:\/\/liap.eu\/wp-content\/uploads\/2022\/08\/Captura-de-pantalla-2022-08-09-a-las-16.25.18.png\" alt=\"\" class=\"wp-image-9876\" width=\"370\" height=\"214\"\/><\/figure>\n","protected":false},"excerpt":{"rendered":"<p>Two weeks ago, the journalist Ms Thielmann from MDR KULTUR was at LIA and interviewed the artist Max Kornfiel (School of Visual Arts, New York City) and the founder of LIA, Anna-Louise Rolland. To listen to the programme, click here. &#8220;F\u00fcr ein paar Wochen an einem fremden Ort leben und arbeiten, neue Menschen treffen und&hellip;<a href=\"https:\/\/liap.eu\/index.php\/2022\/08\/09\/lia-mdr-kultur-spezial-2\/\" class=\"more-link\"><span>Continue reading<\/span><span class=\"screen-reader-text\">LIA &#8211; MDR KULTUR Spezial<\/span><\/a><\/p>\n","protected":false},"author":4,"featured_media":9877,"comment_status":"closed","ping_status":"closed","sticky":false,"template":"templates\/template-full-width.php","format":"standard","meta":{"om_disable_all_campaigns":false,"_uag_custom_page_level_css":"","footnotes":""},"categories":[66,7,74],"tags":[],"class_list":["post-9872","post","type-post","status-publish","format-standard","has-post-thumbnail","hentry","category-archive","category-general","category-press","tw-meta-no-icon"],"yoast_head":"<!-- This site is optimized with the Yoast SEO plugin v25.6 - https:\/\/yoast.com\/wordpress\/plugins\/seo\/ -->\n<title>LIA - MDR KULTUR Spezial - LIA<\/title>\n<meta name=\"robots\" content=\"index, follow, max-snippet:-1, max-image-preview:large, max-video-preview:-1\" \/>\n<link rel=\"canonical\" href=\"https:\/\/liap.eu\/index.php\/2022\/08\/09\/lia-mdr-kultur-spezial-2\/\" \/>\n<meta property=\"og:locale\" content=\"en_GB\" \/>\n<meta property=\"og:type\" content=\"article\" \/>\n<meta property=\"og:title\" content=\"LIA - MDR KULTUR Spezial - LIA\" \/>\n<meta property=\"og:description\" content=\"Two weeks ago, the journalist Ms Thielmann from MDR KULTUR was at LIA and interviewed the artist Max Kornfiel (School of Visual Arts, New York City) and the founder of LIA, Anna-Louise Rolland. To listen to the programme, click here. &#8220;F\u00fcr ein paar Wochen an einem fremden Ort leben und arbeiten, neue Menschen treffen und&hellip;Continue readingLIA - MDR KULTUR Spezial\" \/>\n<meta property=\"og:url\" content=\"https:\/\/liap.eu\/index.php\/2022\/08\/09\/lia-mdr-kultur-spezial-2\/\" \/>\n<meta property=\"og:site_name\" content=\"LIA\" \/>\n<meta property=\"article:publisher\" content=\"https:\/\/www.facebook.com\/LIAprogramme\" \/>\n<meta property=\"article:author\" content=\"https:\/\/www.facebook.com\/LIAprogramme\" \/>\n<meta property=\"article:published_time\" content=\"2022-08-09T14:36:54+00:00\" \/>\n<meta property=\"article:modified_time\" content=\"2023-02-15T08:32:38+00:00\" \/>\n<meta property=\"og:image\" content=\"https:\/\/liap.eu\/wp-content\/uploads\/2022\/08\/logo-118-resimage_v-variantSmall16x9_w-960.jpg\" \/>\n\t<meta property=\"og:image:width\" content=\"960\" \/>\n\t<meta property=\"og:image:height\" content=\"540\" \/>\n\t<meta property=\"og:image:type\" content=\"image\/jpeg\" \/>\n<meta name=\"author\" content=\"LIA\" \/>\n<meta name=\"twitter:card\" content=\"summary_large_image\" \/>\n<meta name=\"twitter:label1\" content=\"Written by\" \/>\n\t<meta name=\"twitter:data1\" content=\"LIA\" \/>\n\t<meta name=\"twitter:label2\" content=\"Estimated reading time\" \/>\n\t<meta name=\"twitter:data2\" content=\"1 minute\" \/>\n<script type=\"application\/ld+json\" class=\"yoast-schema-graph\">{\"@context\":\"https:\/\/schema.org\",\"@graph\":[{\"@type\":\"Article\",\"@id\":\"https:\/\/liap.eu\/index.php\/2022\/08\/09\/lia-mdr-kultur-spezial-2\/#article\",\"isPartOf\":{\"@id\":\"https:\/\/liap.eu\/index.php\/2022\/08\/09\/lia-mdr-kultur-spezial-2\/\"},\"author\":{\"name\":\"LIA\",\"@id\":\"https:\/\/liap.eu\/#\/schema\/person\/6a0bff64f73ff1a6b7e1ccb7faf58204\"},\"headline\":\"LIA &#8211; MDR KULTUR Spezial\",\"datePublished\":\"2022-08-09T14:36:54+00:00\",\"dateModified\":\"2023-02-15T08:32:38+00:00\",\"mainEntityOfPage\":{\"@id\":\"https:\/\/liap.eu\/index.php\/2022\/08\/09\/lia-mdr-kultur-spezial-2\/\"},\"wordCount\":133,\"publisher\":{\"@id\":\"https:\/\/liap.eu\/#organization\"},\"image\":{\"@id\":\"https:\/\/liap.eu\/index.php\/2022\/08\/09\/lia-mdr-kultur-spezial-2\/#primaryimage\"},\"thumbnailUrl\":\"https:\/\/liap.eu\/wp-content\/uploads\/2022\/08\/logo-118-resimage_v-variantSmall16x9_w-960.jpg\",\"articleSection\":[\"Archive\",\"General\",\"Press\"],\"inLanguage\":\"en-GB\"},{\"@type\":\"WebPage\",\"@id\":\"https:\/\/liap.eu\/index.php\/2022\/08\/09\/lia-mdr-kultur-spezial-2\/\",\"url\":\"https:\/\/liap.eu\/index.php\/2022\/08\/09\/lia-mdr-kultur-spezial-2\/\",\"name\":\"LIA - MDR KULTUR Spezial - LIA\",\"isPartOf\":{\"@id\":\"https:\/\/liap.eu\/#website\"},\"primaryImageOfPage\":{\"@id\":\"https:\/\/liap.eu\/index.php\/2022\/08\/09\/lia-mdr-kultur-spezial-2\/#primaryimage\"},\"image\":{\"@id\":\"https:\/\/liap.eu\/index.php\/2022\/08\/09\/lia-mdr-kultur-spezial-2\/#primaryimage\"},\"thumbnailUrl\":\"https:\/\/liap.eu\/wp-content\/uploads\/2022\/08\/logo-118-resimage_v-variantSmall16x9_w-960.jpg\",\"datePublished\":\"2022-08-09T14:36:54+00:00\",\"dateModified\":\"2023-02-15T08:32:38+00:00\",\"breadcrumb\":{\"@id\":\"https:\/\/liap.eu\/index.php\/2022\/08\/09\/lia-mdr-kultur-spezial-2\/#breadcrumb\"},\"inLanguage\":\"en-GB\",\"potentialAction\":[{\"@type\":\"ReadAction\",\"target\":[\"https:\/\/liap.eu\/index.php\/2022\/08\/09\/lia-mdr-kultur-spezial-2\/\"]}]},{\"@type\":\"ImageObject\",\"inLanguage\":\"en-GB\",\"@id\":\"https:\/\/liap.eu\/index.php\/2022\/08\/09\/lia-mdr-kultur-spezial-2\/#primaryimage\",\"url\":\"https:\/\/liap.eu\/wp-content\/uploads\/2022\/08\/logo-118-resimage_v-variantSmall16x9_w-960.jpg\",\"contentUrl\":\"https:\/\/liap.eu\/wp-content\/uploads\/2022\/08\/logo-118-resimage_v-variantSmall16x9_w-960.jpg\",\"width\":960,\"height\":540},{\"@type\":\"BreadcrumbList\",\"@id\":\"https:\/\/liap.eu\/index.php\/2022\/08\/09\/lia-mdr-kultur-spezial-2\/#breadcrumb\",\"itemListElement\":[{\"@type\":\"ListItem\",\"position\":1,\"name\":\"Startseite\",\"item\":\"https:\/\/liap.eu\/index.php\/de\/\"},{\"@type\":\"ListItem\",\"position\":2,\"name\":\"LIA &#8211; MDR KULTUR Spezial\"}]},{\"@type\":\"WebSite\",\"@id\":\"https:\/\/liap.eu\/#website\",\"url\":\"https:\/\/liap.eu\/\",\"name\":\"LIA - Leipzig International Art Programme\",\"description\":\"Leipzig International Art Programme\",\"publisher\":{\"@id\":\"https:\/\/liap.eu\/#organization\"},\"potentialAction\":[{\"@type\":\"SearchAction\",\"target\":{\"@type\":\"EntryPoint\",\"urlTemplate\":\"https:\/\/liap.eu\/?s={search_term_string}\"},\"query-input\":{\"@type\":\"PropertyValueSpecification\",\"valueRequired\":true,\"valueName\":\"search_term_string\"}}],\"inLanguage\":\"en-GB\"},{\"@type\":\"Organization\",\"@id\":\"https:\/\/liap.eu\/#organization\",\"name\":\"Leipzig International Art Programme\",\"url\":\"https:\/\/liap.eu\/\",\"logo\":{\"@type\":\"ImageObject\",\"inLanguage\":\"en-GB\",\"@id\":\"https:\/\/liap.eu\/#\/schema\/logo\/image\/\",\"url\":\"https:\/\/liap.eu\/wp-content\/uploads\/2021\/11\/LIAP.jpg\",\"contentUrl\":\"https:\/\/liap.eu\/wp-content\/uploads\/2021\/11\/LIAP.jpg\",\"width\":870,\"height\":140,\"caption\":\"Leipzig International Art Programme\"},\"image\":{\"@id\":\"https:\/\/liap.eu\/#\/schema\/logo\/image\/\"},\"sameAs\":[\"https:\/\/www.facebook.com\/LIAprogramme\",\"https:\/\/www.instagram.com\/lia_programme\/\",\"https:\/\/www.youtube.com\/channel\/UCVp_APjH6wtmApuu5kWgUqA\/videos\"]},{\"@type\":\"Person\",\"@id\":\"https:\/\/liap.eu\/#\/schema\/person\/6a0bff64f73ff1a6b7e1ccb7faf58204\",\"name\":\"LIA\",\"image\":{\"@type\":\"ImageObject\",\"inLanguage\":\"en-GB\",\"@id\":\"https:\/\/liap.eu\/#\/schema\/person\/image\/\",\"url\":\"https:\/\/secure.gravatar.com\/avatar\/528cc9c6a7aa20231d89b694711fbe94?s=96&d=mm&r=g\",\"contentUrl\":\"https:\/\/secure.gravatar.com\/avatar\/528cc9c6a7aa20231d89b694711fbe94?s=96&d=mm&r=g\",\"caption\":\"LIA\"},\"sameAs\":[\"https:\/\/www.facebook.com\/LIAprogramme\",\"https:\/\/www.instagram.com\/lia_programme\/\"]}]}<\/script>\n<!-- \/ Yoast SEO plugin. -->","yoast_head_json":{"title":"LIA - MDR KULTUR Spezial - LIA","robots":{"index":"index","follow":"follow","max-snippet":"max-snippet:-1","max-image-preview":"max-image-preview:large","max-video-preview":"max-video-preview:-1"},"canonical":"https:\/\/liap.eu\/index.php\/2022\/08\/09\/lia-mdr-kultur-spezial-2\/","og_locale":"en_GB","og_type":"article","og_title":"LIA - MDR KULTUR Spezial - LIA","og_description":"Two weeks ago, the journalist Ms Thielmann from MDR KULTUR was at LIA and interviewed the artist Max Kornfiel (School of Visual Arts, New York City) and the founder of LIA, Anna-Louise Rolland. To listen to the programme, click here. &#8220;F\u00fcr ein paar Wochen an einem fremden Ort leben und arbeiten, neue Menschen treffen und&hellip;Continue readingLIA - MDR KULTUR Spezial","og_url":"https:\/\/liap.eu\/index.php\/2022\/08\/09\/lia-mdr-kultur-spezial-2\/","og_site_name":"LIA","article_publisher":"https:\/\/www.facebook.com\/LIAprogramme","article_author":"https:\/\/www.facebook.com\/LIAprogramme","article_published_time":"2022-08-09T14:36:54+00:00","article_modified_time":"2023-02-15T08:32:38+00:00","og_image":[{"width":960,"height":540,"url":"https:\/\/liap.eu\/wp-content\/uploads\/2022\/08\/logo-118-resimage_v-variantSmall16x9_w-960.jpg","type":"image\/jpeg"}],"author":"LIA","twitter_card":"summary_large_image","twitter_misc":{"Written by":"LIA","Estimated reading time":"1 minute"},"schema":{"@context":"https:\/\/schema.org","@graph":[{"@type":"Article","@id":"https:\/\/liap.eu\/index.php\/2022\/08\/09\/lia-mdr-kultur-spezial-2\/#article","isPartOf":{"@id":"https:\/\/liap.eu\/index.php\/2022\/08\/09\/lia-mdr-kultur-spezial-2\/"},"author":{"name":"LIA","@id":"https:\/\/liap.eu\/#\/schema\/person\/6a0bff64f73ff1a6b7e1ccb7faf58204"},"headline":"LIA &#8211; MDR KULTUR Spezial","datePublished":"2022-08-09T14:36:54+00:00","dateModified":"2023-02-15T08:32:38+00:00","mainEntityOfPage":{"@id":"https:\/\/liap.eu\/index.php\/2022\/08\/09\/lia-mdr-kultur-spezial-2\/"},"wordCount":133,"publisher":{"@id":"https:\/\/liap.eu\/#organization"},"image":{"@id":"https:\/\/liap.eu\/index.php\/2022\/08\/09\/lia-mdr-kultur-spezial-2\/#primaryimage"},"thumbnailUrl":"https:\/\/liap.eu\/wp-content\/uploads\/2022\/08\/logo-118-resimage_v-variantSmall16x9_w-960.jpg","articleSection":["Archive","General","Press"],"inLanguage":"en-GB"},{"@type":"WebPage","@id":"https:\/\/liap.eu\/index.php\/2022\/08\/09\/lia-mdr-kultur-spezial-2\/","url":"https:\/\/liap.eu\/index.php\/2022\/08\/09\/lia-mdr-kultur-spezial-2\/","name":"LIA - MDR KULTUR Spezial - LIA","isPartOf":{"@id":"https:\/\/liap.eu\/#website"},"primaryImageOfPage":{"@id":"https:\/\/liap.eu\/index.php\/2022\/08\/09\/lia-mdr-kultur-spezial-2\/#primaryimage"},"image":{"@id":"https:\/\/liap.eu\/index.php\/2022\/08\/09\/lia-mdr-kultur-spezial-2\/#primaryimage"},"thumbnailUrl":"https:\/\/liap.eu\/wp-content\/uploads\/2022\/08\/logo-118-resimage_v-variantSmall16x9_w-960.jpg","datePublished":"2022-08-09T14:36:54+00:00","dateModified":"2023-02-15T08:32:38+00:00","breadcrumb":{"@id":"https:\/\/liap.eu\/index.php\/2022\/08\/09\/lia-mdr-kultur-spezial-2\/#breadcrumb"},"inLanguage":"en-GB","potentialAction":[{"@type":"ReadAction","target":["https:\/\/liap.eu\/index.php\/2022\/08\/09\/lia-mdr-kultur-spezial-2\/"]}]},{"@type":"ImageObject","inLanguage":"en-GB","@id":"https:\/\/liap.eu\/index.php\/2022\/08\/09\/lia-mdr-kultur-spezial-2\/#primaryimage","url":"https:\/\/liap.eu\/wp-content\/uploads\/2022\/08\/logo-118-resimage_v-variantSmall16x9_w-960.jpg","contentUrl":"https:\/\/liap.eu\/wp-content\/uploads\/2022\/08\/logo-118-resimage_v-variantSmall16x9_w-960.jpg","width":960,"height":540},{"@type":"BreadcrumbList","@id":"https:\/\/liap.eu\/index.php\/2022\/08\/09\/lia-mdr-kultur-spezial-2\/#breadcrumb","itemListElement":[{"@type":"ListItem","position":1,"name":"Startseite","item":"https:\/\/liap.eu\/index.php\/de\/"},{"@type":"ListItem","position":2,"name":"LIA &#8211; MDR KULTUR Spezial"}]},{"@type":"WebSite","@id":"https:\/\/liap.eu\/#website","url":"https:\/\/liap.eu\/","name":"LIA - Leipzig International Art Programme","description":"Leipzig International Art Programme","publisher":{"@id":"https:\/\/liap.eu\/#organization"},"potentialAction":[{"@type":"SearchAction","target":{"@type":"EntryPoint","urlTemplate":"https:\/\/liap.eu\/?s={search_term_string}"},"query-input":{"@type":"PropertyValueSpecification","valueRequired":true,"valueName":"search_term_string"}}],"inLanguage":"en-GB"},{"@type":"Organization","@id":"https:\/\/liap.eu\/#organization","name":"Leipzig International Art Programme","url":"https:\/\/liap.eu\/","logo":{"@type":"ImageObject","inLanguage":"en-GB","@id":"https:\/\/liap.eu\/#\/schema\/logo\/image\/","url":"https:\/\/liap.eu\/wp-content\/uploads\/2021\/11\/LIAP.jpg","contentUrl":"https:\/\/liap.eu\/wp-content\/uploads\/2021\/11\/LIAP.jpg","width":870,"height":140,"caption":"Leipzig International Art Programme"},"image":{"@id":"https:\/\/liap.eu\/#\/schema\/logo\/image\/"},"sameAs":["https:\/\/www.facebook.com\/LIAprogramme","https:\/\/www.instagram.com\/lia_programme\/","https:\/\/www.youtube.com\/channel\/UCVp_APjH6wtmApuu5kWgUqA\/videos"]},{"@type":"Person","@id":"https:\/\/liap.eu\/#\/schema\/person\/6a0bff64f73ff1a6b7e1ccb7faf58204","name":"LIA","image":{"@type":"ImageObject","inLanguage":"en-GB","@id":"https:\/\/liap.eu\/#\/schema\/person\/image\/","url":"https:\/\/secure.gravatar.com\/avatar\/528cc9c6a7aa20231d89b694711fbe94?s=96&d=mm&r=g","contentUrl":"https:\/\/secure.gravatar.com\/avatar\/528cc9c6a7aa20231d89b694711fbe94?s=96&d=mm&r=g","caption":"LIA"},"sameAs":["https:\/\/www.facebook.com\/LIAprogramme","https:\/\/www.instagram.com\/lia_programme\/"]}]}},"uagb_featured_image_src":{"full":["https:\/\/liap.eu\/wp-content\/uploads\/2022\/08\/logo-118-resimage_v-variantSmall16x9_w-960.jpg",960,540,false],"thumbnail":["https:\/\/liap.eu\/wp-content\/uploads\/2022\/08\/logo-118-resimage_v-variantSmall16x9_w-960.jpg",128,72,false],"medium":["https:\/\/liap.eu\/wp-content\/uploads\/2022\/08\/logo-118-resimage_v-variantSmall16x9_w-960.jpg",960,540,false],"medium_large":["https:\/\/liap.eu\/wp-content\/uploads\/2022\/08\/logo-118-resimage_v-variantSmall16x9_w-960-768x432.jpg",768,432,true],"large":["https:\/\/liap.eu\/wp-content\/uploads\/2022\/08\/logo-118-resimage_v-variantSmall16x9_w-960.jpg",960,540,false],"1536x1536":["https:\/\/liap.eu\/wp-content\/uploads\/2022\/08\/logo-118-resimage_v-variantSmall16x9_w-960.jpg",960,540,false],"2048x2048":["https:\/\/liap.eu\/wp-content\/uploads\/2022\/08\/logo-118-resimage_v-variantSmall16x9_w-960.jpg",960,540,false],"post-thumbnail":["https:\/\/liap.eu\/wp-content\/uploads\/2022\/08\/logo-118-resimage_v-variantSmall16x9_w-960.jpg",960,540,false],"twentytwenty-fullscreen":["https:\/\/liap.eu\/wp-content\/uploads\/2022\/08\/logo-118-resimage_v-variantSmall16x9_w-960.jpg",960,540,false]},"uagb_author_info":{"display_name":"LIA","author_link":"https:\/\/liap.eu\/index.php\/author\/bierau\/"},"uagb_comment_info":0,"uagb_excerpt":"Two weeks ago, the journalist Ms Thielmann from MDR KULTUR was at LIA and interviewed the artist Max Kornfiel (School of Visual Arts, New York City) and the founder of LIA, Anna-Louise Rolland. To listen to the programme, click here. &#8220;F\u00fcr ein paar Wochen an einem fremden Ort leben und arbeiten, neue Menschen treffen und&hellip;Continue&hellip;","_links":{"self":[{"href":"https:\/\/liap.eu\/index.php\/wp-json\/wp\/v2\/posts\/9872"}],"collection":[{"href":"https:\/\/liap.eu\/index.php\/wp-json\/wp\/v2\/posts"}],"about":[{"href":"https:\/\/liap.eu\/index.php\/wp-json\/wp\/v2\/types\/post"}],"author":[{"embeddable":true,"href":"https:\/\/liap.eu\/index.php\/wp-json\/wp\/v2\/users\/4"}],"replies":[{"embeddable":true,"href":"https:\/\/liap.eu\/index.php\/wp-json\/wp\/v2\/comments?post=9872"}],"version-history":[{"count":3,"href":"https:\/\/liap.eu\/index.php\/wp-json\/wp\/v2\/posts\/9872\/revisions"}],"predecessor-version":[{"id":9882,"href":"https:\/\/liap.eu\/index.php\/wp-json\/wp\/v2\/posts\/9872\/revisions\/9882"}],"wp:featuredmedia":[{"embeddable":true,"href":"https:\/\/liap.eu\/index.php\/wp-json\/wp\/v2\/media\/9877"}],"wp:attachment":[{"href":"https:\/\/liap.eu\/index.php\/wp-json\/wp\/v2\/media?parent=9872"}],"wp:term":[{"taxonomy":"category","embeddable":true,"href":"https:\/\/liap.eu\/index.php\/wp-json\/wp\/v2\/categories?post=9872"},{"taxonomy":"post_tag","embeddable":true,"href":"https:\/\/liap.eu\/index.php\/wp-json\/wp\/v2\/tags?post=9872"}],"curies":[{"name":"wp","href":"https:\/\/api.w.org\/{rel}","templated":true}]}}